{"id":4000,"date":"2011-12-22T00:26:51","date_gmt":"2011-12-22T00:26:51","guid":{"rendered":"http:\/\/e-anjelik.sk\/?p=4000"},"modified":"2011-12-22T00:26:51","modified_gmt":"2011-12-22T00:26:51","slug":"imrich-vasko-milan-rufus","status":"publish","type":"post","link":"https:\/\/www.e-anjelik.sk\/index.php\/2011\/12\/22\/imrich-vasko-milan-rufus\/","title":{"rendered":"Imrich Va\u0161ko: Milan R\u00fafus"},"content":{"rendered":"<p><strong>Imrich Va&scaron;ko: Milan R&uacute;fu<\/strong><strong>s<\/strong><\/p>\n<p><strong>&nbsp;&nbsp; <\/strong>&quot;V r.2007 vy&scaron;la vo vydvate\u013estve Slovensk&yacute; spisovate\u013e nov&aacute; zbierka b&aacute;sn&iacute;, ktor&uacute; Milan R&uacute;fus uviedol jednoduch&yacute;mi slovami:&quot; Tieto ver&scaron;e s&uacute; pokra\u010dovan&iacute;m mojej v&yacute;povede v knihe B&aacute;se\u0148 a \u010das&quot; Knihu ilustroval <strong>Ivan Pavle<\/strong>. V r.2OO8 vy&scaron;la kni\u017eka pre deti:<strong> Anjeli\u010dku m&ocirc;j str&aacute;\u017eni\u010dku. <\/strong><\/p>\n<p>&#8211; <strong>11.janu&aacute;ra 2009 b&aacute;snik M. R&uacute;fus zomrel<\/strong>. Rozl&uacute;\u010dka za &uacute;\u010dasti tis&iacute;cov priaznivcov sa konala vo<strong> Ve\u013ekom evanjelickom chr&aacute;me v Bratislave, pohreb <\/strong>v <strong>Z&aacute;va\u017enej Porube<\/strong>. Rozl&uacute;\u010dka aj pohreb sa uskuto\u010dnili bez spolu&uacute;\u010dasti &scaron;t&aacute;tu. Man\u017eelka Magda potvrdila, \u017ee jej tak&uacute;to mo\u017enos\u0165 z ofici&aacute;lnych miest nikto nepon&uacute;kol. Posmrtne vy&scaron;la posledn&aacute; zbierka<em> M.R&uacute;fusa Ako stopy v sneh<\/em>u, op&auml;\u0165 s ilustr&aacute;ciami Ivana Pavleho.- Tak vznikol jedine\u010dn&yacute; testament&aacute;rny triptych: <em>B&aacute;se\u0148 a \u010das, Vernos\u0165, Ako stopy v snehu.&quot;<\/em>&#8211; <strong>Doc. PhDr. Imrich Va&scaron;ko CSc,<\/strong> zrejme najlep&scaron;&iacute; znate\u013e R&uacute;fusovej po&eacute;zie i du&scaron;e, zomrel n&aacute;hle, sk&ocirc;r ako mohol dokon\u010di\u0165 zam&yacute;&scaron;\u013ean&uacute; knihu: <em>Milan R&uacute;fus, Mal&eacute; resum&eacute;<\/em>. &#8211; Z prvej \u010dasti rukopisu vznikla kniha:<em> Milan R&uacute;fus.<\/em><\/p>\n<p>&nbsp;&nbsp;&nbsp; V jej &uacute;vode&nbsp; n&aacute;m zasv&auml;tene rozpr&aacute;va I.Va&scaron;ko o R&uacute;fusovom detstve. O.i. uv&aacute;dza:<\/p>\n<p>&quot;Pod\u013ea vlastn&eacute;ho vyznania Milana R&uacute;fusa prv&eacute; b&aacute;snick&eacute; slovo na &uacute;svite jeho \u017eivota vych&aacute;dza&nbsp; z matkin&yacute;ch &uacute;st: b&aacute;znivo-b&aacute;snick&eacute; texty jej usp&aacute;vaniek a piesn&iacute;, ktor&eacute; mu spievala ako v&scaron;etky slovensk&eacute; matky pred n&iacute;m a po \u0148om nad rodnou kol&iacute;skou.&#8212;To bola chlapcova ran&aacute; &scaron;kola po&eacute;zie i poetiky: b&aacute;sne a piesne vyvieraj&uacute;ce z maminho srdca a hrdla, ba z celej jej gracio&oacute;znej \u017eenskej bytosti. I rozpr&aacute;vky tiekli tak, ponajprv z &uacute;st starej mammy, a to veru tak&yacute;m sp&ocirc;sobom, \u017ee sa ich&nbsp; sniv&eacute; die\u0165a nikdy nevedelo nas&yacute;ti\u0165&quot;. &#8212;<\/p>\n<p>Tento zasv&auml;ten&yacute; poh\u013ead na prame\u0148 in&scaron;pir&aacute;cie a duchovn&eacute;ho zakotvenia ve\u013ek&eacute;ho b&aacute;snika Slovenska, zaznamenal, no \u017eia\u013e nedop&iacute;sal d&ocirc;vern&yacute; priate\u013e rodiny- p&aacute;n <strong>Imrich Va&scaron;ko. Knihu vydal Slov.spisovate\u013e v r.2010. <\/strong>V\u010faka aj za to, \u010do sa&nbsp; m&ocirc;\u017eeme z tejto knihy o M.R&uacute;fusovi dozvedie\u0165.<\/p>\n<p>&nbsp;&nbsp;&nbsp; Ako vz&aacute;cne svedectvo&nbsp; o hodnote&nbsp; rodinn&eacute;ho z&aacute;zemia a kore\u0148och, z ktor&yacute;ch&nbsp; vyrast&aacute; -poeta sacer,&nbsp; dovo\u013eujeme si uvies\u0165&nbsp;<strong> b&aacute;se\u0148 , ktor&uacute; nap&iacute;sal e&scaron;te ako dvan&aacute;s\u0165ro\u010dn&yacute; <\/strong>a ktor&aacute; vy&scaron;la v miestnom kult&uacute;rnom \u010dasopise <em>Po&eacute;zia mlad&yacute;ch<\/em> v Z&aacute;va\u017enej Porube,<strong> v \u010dase vojny -1940.<\/strong><\/p>\n<p>&nbsp;&nbsp;&nbsp;&nbsp;&nbsp;&nbsp;&nbsp;&nbsp;&nbsp;&nbsp;&nbsp;&nbsp;&nbsp;&nbsp;&nbsp;<em>&nbsp;&nbsp;<\/em><strong><em>&nbsp; Vin&scaron;<br \/>\n<\/em><\/strong><\/p>\n<p><strong><em>&nbsp;&nbsp;&nbsp;&nbsp;&nbsp;&nbsp; (rodi\u010dom&nbsp; na Vianoce)<\/em><\/strong><em><br \/>\n<\/em><\/p>\n<p><em>Pred Tebou k\u013eak&aacute;me, Bo\u017ee, nebies Pane,<br \/>\n<\/em><\/p>\n<p><em>za t&uacute; ve\u013ek&uacute; l&aacute;sku, za to zmilovanie,<br \/>\n<\/em><\/p>\n<p><em>za Tvoje \u017eehnanie vzd&aacute;vame Ti chv&aacute;lu,<br \/>\n<\/em><\/p>\n<p><em>Bo\u017ee, kto odplat&iacute; Ti za t&uacute; milos\u0165 neskonal&uacute;,<br \/>\n<\/em><\/p>\n<p><em><br \/>\n<\/em><\/p>\n<p><em>\u017ee si poslal na svet Spasite\u013ea, Syna,<br \/>\n<\/em><\/p>\n<p><em>kto za to v&scaron;etk , v&scaron;etko m&ocirc;\u017ee,<br \/>\n<\/em><\/p>\n<p><em>\u017ee svet st&iacute;ha tak&aacute; krut&aacute; hriechu vina,<br \/>\n<\/em><\/p>\n<p><em>s\u013eubujem rodi\u010dom i Tebe, m&ocirc;j Bo\u017ee,<br \/>\n<\/em><\/p>\n<p><em><br \/>\n<\/em><\/p>\n<p><em>\u017ee \u017ei\u0165 len im, len im a Tebe chcem, Pane,<br \/>\n<\/em><\/p>\n<p><em>ja s\u013eubujem a Ty pomo\u017e, tak sa v&scaron;etko stane.<\/em><\/p>\n<p>&nbsp;<\/p>\n<p>&nbsp;&nbsp;&nbsp;&nbsp; <em>\/ Z posmrtne vydanej knihy I.Va&scaron;ka \/1936-2010\/ , vysoko&scaron;kolsk&yacute; pedag&oacute;g a liter&aacute;t&nbsp; febr.2010 &#8211; <br \/>\n<\/em><\/p>\n<p><em>&nbsp;&nbsp;&nbsp;&nbsp;&nbsp;&nbsp;&nbsp; vydal Slovensk&yacute; spisovate\u013e, Bratislava\/<\/em><\/p>\n<p>&nbsp;&nbsp;&nbsp;&nbsp;&nbsp;&nbsp;&nbsp;&nbsp;&nbsp;&nbsp;&nbsp;&nbsp;&nbsp;&nbsp;&nbsp;&nbsp;&nbsp;&nbsp;&nbsp;&nbsp;&nbsp;&nbsp;&nbsp;&nbsp;&nbsp;&nbsp;&nbsp;&nbsp;&nbsp;&nbsp;&nbsp;&nbsp;&nbsp;&nbsp;&nbsp;&nbsp;&nbsp;&nbsp;&nbsp;&nbsp;&nbsp;&nbsp;&nbsp;<\/p>\n<p>&nbsp;<\/p>\n<p>&nbsp;&nbsp;&nbsp;&nbsp;&nbsp;&nbsp;&nbsp;&nbsp;&nbsp;&nbsp;&nbsp;&nbsp;&nbsp;&nbsp;&nbsp;&nbsp;&nbsp;&nbsp;&nbsp;&nbsp;&nbsp;&nbsp;&nbsp;&nbsp;&nbsp;&nbsp;&nbsp;&nbsp;&nbsp;&nbsp;&nbsp;&nbsp;&nbsp;&nbsp;&nbsp;&nbsp;&nbsp;&nbsp;<\/p>\n<p>&nbsp;<\/p>\n<p>&nbsp;<\/p>\n<p>&nbsp;<\/p>\n","protected":false},"excerpt":{"rendered":"<p>Imrich Va&scaron;ko: Milan R&uacute;fus &nbsp;&nbsp; &quot;V r.2007 vy&scaron;la vo vydvate\u013estve Slovensk&yacute; spisovate\u013e nov&aacute; zbierka b&aacute;sn&iacute;, ktor&uacute; Milan R&uacute;fus uviedol jednoduch&yacute;mi slovami:&quot; Tieto ver&scaron;e s&uacute; pokra\u010dovan&iacute;m mojej v&yacute;povede v knihe B&aacute;se\u0148 a \u010das&quot; Knihu ilustroval Ivan Pavle. V r.2OO8 vy&scaron;la kni\u017eka pre deti: Anjeli\u010dku m&ocirc;j str&aacute;\u017eni\u010dku. &#8211; 11.janu&aacute;ra 2009 b&aacute;snik M. R&uacute;fus zomrel. Rozl&uacute;\u010dka za &uacute;\u010dasti &#8230; <a title=\"Imrich Va\u0161ko: Milan R\u00fafus\" class=\"read-more\" href=\"https:\/\/www.e-anjelik.sk\/index.php\/2011\/12\/22\/imrich-vasko-milan-rufus\/\" aria-label=\"Pre\u010d\u00edtajte si viac o Imrich Va\u0161ko: Milan R\u00fafus\">\u010c\u00edta\u0165 viac<\/a><\/p>\n","protected":false},"author":4,"featured_media":0,"comment_status":"open","ping_status":"open","sticky":false,"template":"","format":"standard","meta":{"footnotes":""},"categories":[165,148,159],"tags":[],"class_list":["post-4000","post","type-post","status-publish","format-standard","hentry","category-poezia-2","category-recenzie","category-vianoce"],"_links":{"self":[{"href":"https:\/\/www.e-anjelik.sk\/index.php\/wp-json\/wp\/v2\/posts\/4000","targetHints":{"allow":["GET"]}}],"collection":[{"href":"https:\/\/www.e-anjelik.sk\/index.php\/wp-json\/wp\/v2\/posts"}],"about":[{"href":"https:\/\/www.e-anjelik.sk\/index.php\/wp-json\/wp\/v2\/types\/post"}],"author":[{"embeddable":true,"href":"https:\/\/www.e-anjelik.sk\/index.php\/wp-json\/wp\/v2\/users\/4"}],"replies":[{"embeddable":true,"href":"https:\/\/www.e-anjelik.sk\/index.php\/wp-json\/wp\/v2\/comments?post=4000"}],"version-history":[{"count":0,"href":"https:\/\/www.e-anjelik.sk\/index.php\/wp-json\/wp\/v2\/posts\/4000\/revisions"}],"wp:attachment":[{"href":"https:\/\/www.e-anjelik.sk\/index.php\/wp-json\/wp\/v2\/media?parent=4000"}],"wp:term":[{"taxonomy":"category","embeddable":true,"href":"https:\/\/www.e-anjelik.sk\/index.php\/wp-json\/wp\/v2\/categories?post=4000"},{"taxonomy":"post_tag","embeddable":true,"href":"https:\/\/www.e-anjelik.sk\/index.php\/wp-json\/wp\/v2\/tags?post=4000"}],"curies":[{"name":"wp","href":"https:\/\/api.w.org\/{rel}","templated":true}]}}