{"id":4007,"date":"2011-12-28T12:44:24","date_gmt":"2011-12-28T12:44:24","guid":{"rendered":"http:\/\/e-anjelik.sk\/?p=4007"},"modified":"2011-12-28T12:44:24","modified_gmt":"2011-12-28T12:44:24","slug":"svedectvi-priam-zazracne","status":"publish","type":"post","link":"https:\/\/www.e-anjelik.sk\/index.php\/2011\/12\/28\/svedectvi-priam-zazracne\/","title":{"rendered":"Svedectv\u00ed &#8211; priam z\u00e1zra\u010dn\u00e9"},"content":{"rendered":"<p>&nbsp;<\/p>\n<div style=\"line-height: normal\"><span style=\"font-family: 'Times New Roman','serif'; font-size: 12pt\">&nbsp;&nbsp;&nbsp;&nbsp; U\u017e len v na&scaron;ich&nbsp;spomienkach mil&yacute;ch, ost&aacute;va &nbsp;kon\u010diaci&nbsp; rok 2011,<\/span><\/div>\n<div style=\"line-height: normal\">&nbsp;<\/div>\n<div style=\"line-height: normal\"><span style=\"font-family: 'Times New Roman','serif'; font-size: 12pt\">&nbsp;&nbsp;&nbsp;&nbsp; za v&scaron;etko pre\u017eit&eacute; v \u0148om,&nbsp;&nbsp;daj Bohu sl&aacute;vu,&nbsp;v\u010fa\u010d&nbsp; Mu&nbsp;cel&yacute;m srdcom.<\/span><\/div>\n<div style=\"line-height: normal\">&nbsp;<\/div>\n<div style=\"line-height: normal\"><span style=\"font-family: 'Times New Roman','serif'; font-size: 12pt\">&nbsp;&nbsp;&nbsp;&nbsp; S prich&aacute;dzaj&uacute;cim nov&yacute;m rokom otvor sa&nbsp;\u017eivotu nov&eacute;mu,&nbsp;&nbsp;Bo\u017eej <\/span><\/div>\n<div style=\"line-height: normal\">&nbsp;<\/div>\n<div style=\"line-height: normal\"><span style=\"font-family: 'Times New Roman','serif'; font-size: 12pt\">&nbsp;&nbsp;&nbsp;&nbsp; l&aacute;ske&nbsp;dokor&aacute;n,<\/span><\/div>\n<div style=\"line-height: normal\">&nbsp;<\/div>\n<div style=\"line-height: normal\"><span style=\"font-family: 'Times New Roman','serif'; font-size: 12pt\">&nbsp;&nbsp;&nbsp;&nbsp; <\/span><span style=\"font-family: 'Times New Roman','serif'; font-size: 12pt\">nech&nbsp;ti v&nbsp;srdci&nbsp; Je\u017ei&scaron; \u017eiari, &nbsp;nech si &scaron;\u0165astn&yacute;, v Bohu mocn&yacute;, &nbsp;po cel&yacute;&nbsp; rok <\/span><\/div>\n<div style=\"line-height: normal\">&nbsp;<\/div>\n<div style=\"line-height: normal\">&nbsp;&nbsp;&nbsp; <span style=\"font-family: 'Times New Roman','serif'; font-size: 12pt\">2012&nbsp;.&nbsp;<\/span>&nbsp;&nbsp;&nbsp;&nbsp;&nbsp;&nbsp;&nbsp;&nbsp;&nbsp;&nbsp;&nbsp;&nbsp;&nbsp;&nbsp;&nbsp;&nbsp;&nbsp;&nbsp;&nbsp;&nbsp;&nbsp;&nbsp;&nbsp;&nbsp;&nbsp;&nbsp;&nbsp;&nbsp; <span style=\"font-family: 'Times New Roman','serif'; font-size: 12pt\">praje Miloslav&nbsp;&nbsp;&nbsp;&nbsp; <\/span><\/div>\n<div style=\"line-height: normal\">&nbsp;<\/div>\n<div style=\"line-height: normal\">&nbsp;<\/div>\n<div style=\"line-height: normal\"><span style=\"font-family: 'Times New Roman','serif'; font-size: 12pt\">&nbsp;&nbsp;&nbsp;&nbsp; A&nbsp;na toto svedectvo priam z&aacute;zra\u010dn&eacute;&nbsp;si n&aacute;jdi \u010das \/&nbsp;50 min alebo aspo\u0148 za\u010diatok\/&nbsp;&nbsp;&nbsp;oplat&iacute; sa to vypo\u010du\u0165 aj si popla\u010de&scaron; ako ja. <\/span><\/div>\n<div style=\"line-height: normal\">&nbsp;<\/div>\n<div style=\"line-height: normal\"><span style=\"font-family: 'Times New Roman','serif'; font-size: 12pt\">I ke\u010f viem, \u017ee to svrab\u013eav&eacute; u&scaron;i neznes&uacute; &#8211; a od tia\u013eto to vyma\u017e&uacute;.<\/span><\/div>\n<div style=\"line-height: normal\"><span style=\"font-family: 'Times New Roman','serif'; font-size: 12pt\">Herci musia hra\u0165, in&aacute;\u010d s&uacute; nie hercami,<\/span><\/div>\n<div style=\"line-height: normal\"><span style=\"font-family: 'Times New Roman','serif'; font-size: 12pt\">len aby sa nestali ako ich Je\u017ei&scaron; nazval &nbsp;pokrytcami. <\/span><\/div>\n<div style=\"line-height: normal\">&nbsp;<\/div>\n<div style=\"line-height: normal\"><span style=\"font-family: 'Arial','sans-serif'; font-size: 12pt\">&nbsp;&nbsp;&nbsp;&nbsp; <a title=\"http:\/\/vimeo.com\/33858914\" href=\"http:\/\/vimeo.com\/33858914\"><span style=\"color: blue\">http:\/\/vimeo.com\/33858914<\/span><\/a><\/span><\/div>\n<div style=\"line-height: normal\">&nbsp;<\/div>\n<div style=\"margin: 0cm 0cm 10pt\">&nbsp;<\/div>\n","protected":false},"excerpt":{"rendered":"<p>&nbsp; &nbsp;&nbsp;&nbsp;&nbsp; U\u017e len v na&scaron;ich&nbsp;spomienkach mil&yacute;ch, ost&aacute;va &nbsp;kon\u010diaci&nbsp; rok 2011, &nbsp; &nbsp;&nbsp;&nbsp;&nbsp; za v&scaron;etko pre\u017eit&eacute; v \u0148om,&nbsp;&nbsp;daj Bohu sl&aacute;vu,&nbsp;v\u010fa\u010d&nbsp; Mu&nbsp;cel&yacute;m srdcom. &nbsp; &nbsp;&nbsp;&nbsp;&nbsp; S prich&aacute;dzaj&uacute;cim nov&yacute;m rokom otvor sa&nbsp;\u017eivotu nov&eacute;mu,&nbsp;&nbsp;Bo\u017eej &nbsp; &nbsp;&nbsp;&nbsp;&nbsp; l&aacute;ske&nbsp;dokor&aacute;n, &nbsp; &nbsp;&nbsp;&nbsp;&nbsp; nech&nbsp;ti v&nbsp;srdci&nbsp; Je\u017ei&scaron; \u017eiari, &nbsp;nech si &scaron;\u0165astn&yacute;, v Bohu mocn&yacute;, &nbsp;po cel&yacute;&nbsp; rok &nbsp; &nbsp;&nbsp;&nbsp; 2012&nbsp;.&nbsp;&nbsp;&nbsp;&nbsp;&nbsp;&nbsp;&nbsp;&nbsp;&nbsp;&nbsp;&nbsp;&nbsp;&nbsp;&nbsp;&nbsp;&nbsp;&nbsp;&nbsp;&nbsp;&nbsp;&nbsp;&nbsp;&nbsp;&nbsp;&nbsp;&nbsp;&nbsp;&nbsp;&nbsp; praje Miloslav&nbsp;&nbsp;&nbsp;&nbsp; &nbsp; &#8230; <a title=\"Svedectv\u00ed &#8211; priam z\u00e1zra\u010dn\u00e9\" class=\"read-more\" href=\"https:\/\/www.e-anjelik.sk\/index.php\/2011\/12\/28\/svedectvi-priam-zazracne\/\" aria-label=\"Pre\u010d\u00edtajte si viac o Svedectv\u00ed &#8211; priam z\u00e1zra\u010dn\u00e9\">\u010c\u00edta\u0165 viac<\/a><\/p>\n","protected":false},"author":58,"featured_media":0,"comment_status":"open","ping_status":"open","sticky":false,"template":"","format":"standard","meta":{"footnotes":""},"categories":[1],"tags":[188,268],"class_list":["post-4007","post","type-post","status-publish","format-standard","hentry","category-adventna-modlitba","tag-silvester","tag-svedectva-2"],"_links":{"self":[{"href":"https:\/\/www.e-anjelik.sk\/index.php\/wp-json\/wp\/v2\/posts\/4007","targetHints":{"allow":["GET"]}}],"collection":[{"href":"https:\/\/www.e-anjelik.sk\/index.php\/wp-json\/wp\/v2\/posts"}],"about":[{"href":"https:\/\/www.e-anjelik.sk\/index.php\/wp-json\/wp\/v2\/types\/post"}],"author":[{"embeddable":true,"href":"https:\/\/www.e-anjelik.sk\/index.php\/wp-json\/wp\/v2\/users\/58"}],"replies":[{"embeddable":true,"href":"https:\/\/www.e-anjelik.sk\/index.php\/wp-json\/wp\/v2\/comments?post=4007"}],"version-history":[{"count":0,"href":"https:\/\/www.e-anjelik.sk\/index.php\/wp-json\/wp\/v2\/posts\/4007\/revisions"}],"wp:attachment":[{"href":"https:\/\/www.e-anjelik.sk\/index.php\/wp-json\/wp\/v2\/media?parent=4007"}],"wp:term":[{"taxonomy":"category","embeddable":true,"href":"https:\/\/www.e-anjelik.sk\/index.php\/wp-json\/wp\/v2\/categories?post=4007"},{"taxonomy":"post_tag","embeddable":true,"href":"https:\/\/www.e-anjelik.sk\/index.php\/wp-json\/wp\/v2\/tags?post=4007"}],"curies":[{"name":"wp","href":"https:\/\/api.w.org\/{rel}","templated":true}]}}