{"id":4009,"date":"2011-12-29T08:41:46","date_gmt":"2011-12-29T08:41:46","guid":{"rendered":"http:\/\/e-anjelik.sk\/?p=4009"},"modified":"2011-12-29T08:41:46","modified_gmt":"2011-12-29T08:41:46","slug":"rok-2012-v-evanjelickej-cirkvi-v-madarsku","status":"publish","type":"post","link":"https:\/\/www.e-anjelik.sk\/index.php\/2011\/12\/29\/rok-2012-v-evanjelickej-cirkvi-v-madarsku\/","title":{"rendered":"Rok 2012 v Evanjelickej cirkvi v Ma\u010farsku"},"content":{"rendered":"<p>Gancs P&eacute;ter, predsedaj&uacute;ci biskup EC v MR povedal pre agent&uacute;ru MTI, \u017ee nov&yacute; rok 2012 bude v tejto cirkvi tematicky zameran&yacute; na reform&aacute;ciu a postavenie \u017eien v cirkvi a spolo\u010dnosti. Odch&aacute;dzaj&uacute;ci rok 2011 bol zameran&yacute; na reform&aacute;ciu a slobodu. T&eacute;mu bud&uacute; prebera\u0165 v cz, senior&aacute;toch a di&scaron;triktoch. \u010co sa t&yacute;ka postavenia \u017eien v EC cirkvi v MR, a\u017e tretina duchovn&yacute;ch s&uacute; \u017eeny, dve s&uacute; seniorkami a jedna \u017eena je z&aacute;stupky\u0148a biskupa. Reform&aacute;cia priniesla slobodu. Najlep&scaron;ie to vidno po politick&yacute;ch zmen&aacute;ch spred 20 rokov.&quot; Sloboda je Bo\u017e&iacute; dar, ale s&uacute;\u010dasne aj poku&scaron;enie, ak sa s \u0148ou nar&aacute;ba nespr&aacute;vne.&quot; povedal biskup.<\/p>\n<p>(<a href=\"http:\/\/www.evangelikus.hu\">www.evangelikus.hu<\/a>)<\/p>\n","protected":false},"excerpt":{"rendered":"<p>Gancs P&eacute;ter, predsedaj&uacute;ci biskup EC v MR povedal pre agent&uacute;ru MTI, \u017ee nov&yacute; rok 2012 bude v tejto cirkvi tematicky zameran&yacute; na reform&aacute;ciu a postavenie \u017eien v cirkvi a spolo\u010dnosti. Odch&aacute;dzaj&uacute;ci rok 2011 bol zameran&yacute; na reform&aacute;ciu a slobodu. T&eacute;mu bud&uacute; prebera\u0165 v cz, senior&aacute;toch a di&scaron;triktoch. \u010co sa t&yacute;ka postavenia \u017eien v EC cirkvi &#8230; <a title=\"Rok 2012 v Evanjelickej cirkvi v Ma\u010farsku\" class=\"read-more\" href=\"https:\/\/www.e-anjelik.sk\/index.php\/2011\/12\/29\/rok-2012-v-evanjelickej-cirkvi-v-madarsku\/\" aria-label=\"Pre\u010d\u00edtajte si viac o Rok 2012 v Evanjelickej cirkvi v Ma\u010farsku\">\u010c\u00edta\u0165 viac<\/a><\/p>\n","protected":false},"author":22,"featured_media":0,"comment_status":"open","ping_status":"open","sticky":false,"template":"","format":"standard","meta":{"footnotes":""},"categories":[9,10],"tags":[],"class_list":["post-4009","post","type-post","status-publish","format-standard","hentry","category-europa","category-zo-sveta"],"_links":{"self":[{"href":"https:\/\/www.e-anjelik.sk\/index.php\/wp-json\/wp\/v2\/posts\/4009","targetHints":{"allow":["GET"]}}],"collection":[{"href":"https:\/\/www.e-anjelik.sk\/index.php\/wp-json\/wp\/v2\/posts"}],"about":[{"href":"https:\/\/www.e-anjelik.sk\/index.php\/wp-json\/wp\/v2\/types\/post"}],"author":[{"embeddable":true,"href":"https:\/\/www.e-anjelik.sk\/index.php\/wp-json\/wp\/v2\/users\/22"}],"replies":[{"embeddable":true,"href":"https:\/\/www.e-anjelik.sk\/index.php\/wp-json\/wp\/v2\/comments?post=4009"}],"version-history":[{"count":0,"href":"https:\/\/www.e-anjelik.sk\/index.php\/wp-json\/wp\/v2\/posts\/4009\/revisions"}],"wp:attachment":[{"href":"https:\/\/www.e-anjelik.sk\/index.php\/wp-json\/wp\/v2\/media?parent=4009"}],"wp:term":[{"taxonomy":"category","embeddable":true,"href":"https:\/\/www.e-anjelik.sk\/index.php\/wp-json\/wp\/v2\/categories?post=4009"},{"taxonomy":"post_tag","embeddable":true,"href":"https:\/\/www.e-anjelik.sk\/index.php\/wp-json\/wp\/v2\/tags?post=4009"}],"curies":[{"name":"wp","href":"https:\/\/api.w.org\/{rel}","templated":true}]}}