{"id":4010,"date":"2011-12-29T08:51:05","date_gmt":"2011-12-29T08:51:05","guid":{"rendered":"http:\/\/e-anjelik.sk\/?p=4010"},"modified":"2011-12-29T08:51:05","modified_gmt":"2011-12-29T08:51:05","slug":"spevniky-pre-evanjelikov-na-ostrove-madeiraportugalsko","status":"publish","type":"post","link":"https:\/\/www.e-anjelik.sk\/index.php\/2011\/12\/29\/spevniky-pre-evanjelikov-na-ostrove-madeiraportugalsko\/","title":{"rendered":"Spevn\u00edky pre evanjelikov na ostrove Madeira,Portugalsko"},"content":{"rendered":"<p>Spolok Gustava Adolfa v Nemecku, sponzori a Evanjelick&aacute; cirkev vo Wuerttembersku poslali ako dar v advente pre nemeck&yacute; ev. cirkevn&yacute; zbor vo Funchale, hlavnom meste Madeiry, 60 kusov nemeck&yacute;ch spevn&iacute;kov. Zbor m&aacute; 40 registrovan&yacute;ch \u010dlenov a SB kon&aacute; ka\u017ed&eacute; dva t&yacute;\u017edne v chr&aacute;me &Scaron;k&oacute;tskej cirkvi v tomto meste. Na bud&uacute;ci rok bude sl&aacute;vi\u0165 25 -ro\u010dn&eacute; jubileum zalo\u017eenia zboru. SB a in&eacute; podujatia nav&scaron;tevuj&uacute; okrem trval&yacute;ch obyvate\u013eov ostrova i po\u010detn&iacute; turisti. Cirkev spravuje far&aacute;rka Ilse Everlien Berardo.<\/p>\n<p>(<a href=\"http:\/\/www.gustav-adolf-werk.de\">www.gustav-adolf-werk.de<\/a>)<\/p>\n","protected":false},"excerpt":{"rendered":"<p>Spolok Gustava Adolfa v Nemecku, sponzori a Evanjelick&aacute; cirkev vo Wuerttembersku poslali ako dar v advente pre nemeck&yacute; ev. cirkevn&yacute; zbor vo Funchale, hlavnom meste Madeiry, 60 kusov nemeck&yacute;ch spevn&iacute;kov. Zbor m&aacute; 40 registrovan&yacute;ch \u010dlenov a SB kon&aacute; ka\u017ed&eacute; dva t&yacute;\u017edne v chr&aacute;me &Scaron;k&oacute;tskej cirkvi v tomto meste. Na bud&uacute;ci rok bude sl&aacute;vi\u0165 25 -ro\u010dn&eacute; &#8230; <a title=\"Spevn\u00edky pre evanjelikov na ostrove Madeira,Portugalsko\" class=\"read-more\" href=\"https:\/\/www.e-anjelik.sk\/index.php\/2011\/12\/29\/spevniky-pre-evanjelikov-na-ostrove-madeiraportugalsko\/\" aria-label=\"Pre\u010d\u00edtajte si viac o Spevn\u00edky pre evanjelikov na ostrove Madeira,Portugalsko\">\u010c\u00edta\u0165 viac<\/a><\/p>\n","protected":false},"author":22,"featured_media":0,"comment_status":"open","ping_status":"open","sticky":false,"template":"","format":"standard","meta":{"footnotes":""},"categories":[9,10],"tags":[],"class_list":["post-4010","post","type-post","status-publish","format-standard","hentry","category-europa","category-zo-sveta"],"_links":{"self":[{"href":"https:\/\/www.e-anjelik.sk\/index.php\/wp-json\/wp\/v2\/posts\/4010","targetHints":{"allow":["GET"]}}],"collection":[{"href":"https:\/\/www.e-anjelik.sk\/index.php\/wp-json\/wp\/v2\/posts"}],"about":[{"href":"https:\/\/www.e-anjelik.sk\/index.php\/wp-json\/wp\/v2\/types\/post"}],"author":[{"embeddable":true,"href":"https:\/\/www.e-anjelik.sk\/index.php\/wp-json\/wp\/v2\/users\/22"}],"replies":[{"embeddable":true,"href":"https:\/\/www.e-anjelik.sk\/index.php\/wp-json\/wp\/v2\/comments?post=4010"}],"version-history":[{"count":0,"href":"https:\/\/www.e-anjelik.sk\/index.php\/wp-json\/wp\/v2\/posts\/4010\/revisions"}],"wp:attachment":[{"href":"https:\/\/www.e-anjelik.sk\/index.php\/wp-json\/wp\/v2\/media?parent=4010"}],"wp:term":[{"taxonomy":"category","embeddable":true,"href":"https:\/\/www.e-anjelik.sk\/index.php\/wp-json\/wp\/v2\/categories?post=4010"},{"taxonomy":"post_tag","embeddable":true,"href":"https:\/\/www.e-anjelik.sk\/index.php\/wp-json\/wp\/v2\/tags?post=4010"}],"curies":[{"name":"wp","href":"https:\/\/api.w.org\/{rel}","templated":true}]}}