{"id":4011,"date":"2011-12-29T09:16:34","date_gmt":"2011-12-29T09:16:34","guid":{"rendered":"http:\/\/e-anjelik.sk\/?p=4011"},"modified":"2011-12-29T09:16:34","modified_gmt":"2011-12-29T09:16:34","slug":"mladi-krestania-chcu-zmenit-svet","status":"publish","type":"post","link":"https:\/\/www.e-anjelik.sk\/index.php\/2011\/12\/29\/mladi-krestania-chcu-zmenit-svet\/","title":{"rendered":"Mlad\u00ed kres\u0165ania chc\u00fa zmeni\u0165 svet"},"content":{"rendered":"<p>V priestore Erfurtsk&eacute;ho ve\u013etrhu ve\u010der 28. dec. t.r. sl&aacute;vnostn&yacute;m podujat&iacute;m otvoria 2. ml&aacute;de\u017en&iacute;cky misijn&yacute; kongres &quot;Mission-net&quot; . A\u017e do 2. janu&aacute;ra 2012 sa v hl. meste Dur&iacute;nska &nbsp;o\u010dak&aacute;va pr&iacute;chod do 2 500 mlad&yacute;ch kres\u0165anov zo 40 n&aacute;rodov sveta. T&eacute;ma kongresu je &quot;Transforming our world&quot; (Zme\u0148me n&aacute;&scaron; svet). T&eacute;ma sa rozoberie v predn&aacute;&scaron;kach, semin&aacute;roch a biblick&yacute;ch pr&aacute;cach. Prebera\u0165 sa bud&uacute; v&yacute;zvy pre cirkev v 21. storo\u010d&iacute;, soci&aacute;lna spravodlivos\u0165, princ&iacute;py kres\u0165ansk&eacute;ho vodcovstva a mo\u017enosti hovori\u0165 s de\u0165mi o viere. Cie\u013eom kongresu je motivova\u0165 16-30 ro\u010dn&yacute;ch &uacute;\u010dastn&iacute;kov k misijn&eacute;mu denn&eacute;mu \u017eivotn&eacute;mu &scaron;t&yacute;lu a vzbudi\u0165 pripravenos\u0165 k misijnej \u010dinnosti vo svete. Kongres zorganizovala Eur&oacute;pska evanjelik&aacute;lna aliancia a Zdru\u017eenie eur&oacute;pskej evanjelik&aacute;lnej misie.&nbsp;<\/p>\n<p>(<a href=\"http:\/\/www.idea.de\">www.idea.de<\/a>)&nbsp;<\/p>\n","protected":false},"excerpt":{"rendered":"<p>V priestore Erfurtsk&eacute;ho ve\u013etrhu ve\u010der 28. dec. t.r. sl&aacute;vnostn&yacute;m podujat&iacute;m otvoria 2. ml&aacute;de\u017en&iacute;cky misijn&yacute; kongres &quot;Mission-net&quot; . A\u017e do 2. janu&aacute;ra 2012 sa v hl. meste Dur&iacute;nska &nbsp;o\u010dak&aacute;va pr&iacute;chod do 2 500 mlad&yacute;ch kres\u0165anov zo 40 n&aacute;rodov sveta. T&eacute;ma kongresu je &quot;Transforming our world&quot; (Zme\u0148me n&aacute;&scaron; svet). T&eacute;ma sa rozoberie v predn&aacute;&scaron;kach, semin&aacute;roch a biblick&yacute;ch &#8230; <a title=\"Mlad\u00ed kres\u0165ania chc\u00fa zmeni\u0165 svet\" class=\"read-more\" href=\"https:\/\/www.e-anjelik.sk\/index.php\/2011\/12\/29\/mladi-krestania-chcu-zmenit-svet\/\" aria-label=\"Pre\u010d\u00edtajte si viac o Mlad\u00ed kres\u0165ania chc\u00fa zmeni\u0165 svet\">\u010c\u00edta\u0165 viac<\/a><\/p>\n","protected":false},"author":22,"featured_media":0,"comment_status":"open","ping_status":"open","sticky":false,"template":"","format":"standard","meta":{"footnotes":""},"categories":[1],"tags":[187],"class_list":["post-4011","post","type-post","status-publish","format-standard","hentry","category-adventna-modlitba","tag-mladez-3"],"_links":{"self":[{"href":"https:\/\/www.e-anjelik.sk\/index.php\/wp-json\/wp\/v2\/posts\/4011","targetHints":{"allow":["GET"]}}],"collection":[{"href":"https:\/\/www.e-anjelik.sk\/index.php\/wp-json\/wp\/v2\/posts"}],"about":[{"href":"https:\/\/www.e-anjelik.sk\/index.php\/wp-json\/wp\/v2\/types\/post"}],"author":[{"embeddable":true,"href":"https:\/\/www.e-anjelik.sk\/index.php\/wp-json\/wp\/v2\/users\/22"}],"replies":[{"embeddable":true,"href":"https:\/\/www.e-anjelik.sk\/index.php\/wp-json\/wp\/v2\/comments?post=4011"}],"version-history":[{"count":0,"href":"https:\/\/www.e-anjelik.sk\/index.php\/wp-json\/wp\/v2\/posts\/4011\/revisions"}],"wp:attachment":[{"href":"https:\/\/www.e-anjelik.sk\/index.php\/wp-json\/wp\/v2\/media?parent=4011"}],"wp:term":[{"taxonomy":"category","embeddable":true,"href":"https:\/\/www.e-anjelik.sk\/index.php\/wp-json\/wp\/v2\/categories?post=4011"},{"taxonomy":"post_tag","embeddable":true,"href":"https:\/\/www.e-anjelik.sk\/index.php\/wp-json\/wp\/v2\/tags?post=4011"}],"curies":[{"name":"wp","href":"https:\/\/api.w.org\/{rel}","templated":true}]}}