{"id":4017,"date":"2011-12-31T14:25:01","date_gmt":"2011-12-31T14:25:01","guid":{"rendered":"http:\/\/e-anjelik.sk\/?p=4017"},"modified":"2011-12-31T14:25:01","modified_gmt":"2011-12-31T14:25:01","slug":"martin-razus-dnes-odchodi-i-rok","status":"publish","type":"post","link":"https:\/\/www.e-anjelik.sk\/index.php\/2011\/12\/31\/martin-razus-dnes-odchodi-i-rok\/","title":{"rendered":"Martin R\u00e1zus: Dnes odchod\u00ed i Rok"},"content":{"rendered":"<p>&nbsp;<b>Martin R&aacute;zus: Dnes odchod&iacute; i Rok<\/b><\/p>\n<p style=\"margin: 0.0px 0.0px 0.0px 0.0px; font: 16.0px Helvetica; min-height: 19.0px\">&nbsp;<\/p>\n<p style=\"margin: 0.0px 0.0px 0.0px 0.0px; font: 16.0px Helvetica\"><span style=\"letter-spacing: 0.0px\">Jar odkvitla a leto dalo dary&#8230;<\/span><\/p>\n<p style=\"margin: 0.0px 0.0px 0.0px 0.0px; font: 16.0px Helvetica\"><span style=\"letter-spacing: 0.0px\">dnes odchod&iacute; i Rok, ten mdl&yacute; a<b> star&yacute;,<\/b><\/span><\/p>\n<p style=\"margin: 0.0px 0.0px 0.0px 0.0px; font: 16.0px Helvetica\"><span style=\"letter-spacing: 0.0px\">s n&iacute;m b&ocirc;le na&scaron;e, \u017eiale, sm&uacute;tky mnoh&eacute;,<\/span><\/p>\n<p style=\"margin: 0.0px 0.0px 0.0px 0.0px; font: 16.0px Helvetica\"><span style=\"letter-spacing: 0.0px\">radosti skvel&eacute;, jak i pre&uacute;boh&eacute;.<\/span><\/p>\n<p style=\"margin: 0.0px 0.0px 0.0px 0.0px; font: 16.0px Helvetica\"><span style=\"letter-spacing: 0.0px\">My c&iacute;time- zvl&aacute;&scaron;\u0165 v t&uacute;to sv&auml;t&uacute; dobu &#8211;<\/span><\/p>\n<p style=\"margin: 0.0px 0.0px 0.0px 0.0px; font: 16.0px Helvetica\"><span style=\"letter-spacing: 0.0px\">\u017ee v&scaron;etci zas sme o krok bli\u017e&scaron;ie k hrobu.<\/span><\/p>\n<p style=\"margin: 0.0px 0.0px 0.0px 0.0px; font: 16.0px Helvetica\"><span style=\"letter-spacing: 0.0px\">Preto tu, v chr&aacute;me, Bo\u017ee dobr&yacute;, sv&auml;t&yacute;,<\/span><\/p>\n<p style=\"margin: 0.0px 0.0px 0.0px 0.0px; font: 16.0px Helvetica\"><span style=\"letter-spacing: 0.0px\">za ve\u010dera dnes duch n&aacute;&scaron; kor&iacute; sa Ti,<\/span><\/p>\n<p style=\"margin: 0.0px 0.0px 0.0px 0.0px; font: 16.0px Helvetica\"><span style=\"letter-spacing: 0.0px\">a \u010do sme vzali z darov rodnej zeme &#8211;<\/span><\/p>\n<p style=\"margin: 0.0px 0.0px 0.0px 0.0px; font: 16.0px Helvetica\"><span style=\"letter-spacing: 0.0px\">\u010fakujeme Ti, Pane, \u010fakujeme:<\/span><\/p>\n<p style=\"margin: 0.0px 0.0px 0.0px 0.0px; font: 16.0px Helvetica\"><span style=\"letter-spacing: 0.0px\">Za v&scaron;etko, \u010do je drah&eacute; du&scaron;i- telu,<\/span><\/p>\n<p style=\"margin: 0.0px 0.0px 0.0px 0.0px; font: 16.0px Helvetica\"><span style=\"letter-spacing: 0.0px\">pr&iacute;jm v\u010faku vrel&uacute;, pr&iacute;jmi v\u010faku vrel&uacute;&#8230;<\/span><\/p>\n<p style=\"margin: 0.0px 0.0px 0.0px 0.0px; font: 16.0px Helvetica\"><span style=\"letter-spacing: 0.0px\">Pote&scaron; zvl&aacute;&scaron;\u0165 t&yacute;ch, im treba pote&scaron;enia,<\/span><\/p>\n<p style=\"margin: 0.0px 0.0px 0.0px 0.0px; font: 16.0px Helvetica\"><span style=\"letter-spacing: 0.0px\">n&aacute;reky chor&yacute;ch nech sa v jasot zmenia,<\/span><\/p>\n<p style=\"margin: 0.0px 0.0px 0.0px 0.0px; font: 16.0px Helvetica\"><span style=\"letter-spacing: 0.0px\">tr&uacute;chliv&yacute;ch ut&iacute;&scaron; &#8211; n&uacute;dznych posme\u013e v boji,<\/span><\/p>\n<p style=\"margin: 0.0px 0.0px 0.0px 0.0px; font: 16.0px Helvetica\"><span style=\"letter-spacing: 0.0px\">a srdce b&uacute;rne, nech sa upokoj&iacute;&#8230;<\/span><\/p>\n<p style=\"margin: 0.0px 0.0px 0.0px 0.0px; font: 16.0px Helvetica\"><span style=\"letter-spacing: 0.0px\">Zjedno\u0165 n&aacute;s v&scaron;etk&yacute;ch &#8211; v&scaron;etk&yacute;ch, drah&yacute; Hosti,<\/span><\/p>\n<p style=\"margin: 0.0px 0.0px 0.0px 0.0px; font: 16.0px Helvetica\"><span style=\"letter-spacing: 0.0px\">ke\u010f vol&aacute; na n&aacute;s m&aacute;rnos\u0165 nad m&aacute;rnosti,<\/span><\/p>\n<p style=\"margin: 0.0px 0.0px 0.0px 0.0px; font: 16.0px Helvetica\"><span style=\"letter-spacing: 0.0px\">a c&iacute;time &#8211; i sila, rozko&scaron;, sl&aacute;va,<\/span><\/p>\n<p style=\"margin: 0.0px 0.0px 0.0px 0.0px; font: 16.0px Helvetica\"><span style=\"letter-spacing: 0.0px\">jak tento Rok &#8211; tak biedne dokon&aacute;va..!<\/span><\/p>\n<p style=\"margin: 0.0px 0.0px 0.0px 0.0px; font: 16.0px Helvetica\"><span style=\"letter-spacing: 0.0px\">Vzdialen&yacute;ch prich&yacute;\u013e, v sk&uacute;&scaron;kach posilni hru\u010f,<\/span><\/p>\n<p style=\"margin: 0.0px 0.0px 0.0px 0.0px; font: 16.0px Helvetica\"><span style=\"letter-spacing: 0.0px\">\u017eehnaj im, \u017eehnaj i za tohto sviatku<\/span><\/p>\n<p style=\"margin: 0.0px 0.0px 0.0px 0.0px; font: 16.0px Helvetica\"><span style=\"letter-spacing: 0.0px\">pri konca roka &#8211; ako na za\u010diatku.<\/span><\/p>\n<p style=\"margin: 0.0px 0.0px 0.0px 0.0px; font: 16.0px Helvetica\"><span style=\"letter-spacing: 0.0px\">&Oacute;, bu\u010f n&aacute;m v&scaron;etk&yacute;m Tvoja milos\u0165 dan&aacute;<\/span><\/p>\n<p style=\"margin: 0.0px 0.0px 0.0px 0.0px; font: 16.0px Helvetica\"><span style=\"letter-spacing: 0.0px\">i v t&uacute;to noc i najbli\u017e&scaron;ieho r&aacute;na &#8211;&nbsp;<\/span><\/p>\n<p style=\"margin: 0.0px 0.0px 0.0px 0.0px; font: 16.0px Helvetica\"><span style=\"letter-spacing: 0.0px\">\u010do str&aacute;came &#8211; by sme na&scaron;li v Tebe,<\/span><\/p>\n<p style=\"margin: 0.0px 0.0px 0.0px 0.0px; font: 16.0px Helvetica\"><span style=\"letter-spacing: 0.0px\">tu \u010dasne rados\u0165 a po smrti nebe!&nbsp; Amen.<\/span><\/p>\n<p style=\"margin: 0.0px 0.0px 0.0px 0.0px; font: 16.0px Helvetica; min-height: 19.0px\">&nbsp;<\/p>\n<p style=\"margin: 0.0px 0.0px 0.0px 0.0px; font: 16.0px Helvetica; min-height: 19.0px\"><span style=\"letter-spacing: 0.0px\">&nbsp;<\/span><\/p>\n<p style=\"margin: 0.0px 0.0px 0.0px 0.0px; font: 12.0px Helvetica\"><span style=\"font: 16.0px Helvetica; letter-spacing: 0.0px\">&nbsp; &nbsp; &nbsp; &nbsp; &nbsp; \/<\/span><span style=\"letter-spacing: 0.0px\"> Z antol&oacute;gie K v&yacute;&scaron;in&aacute;m, slov.ev.po&eacute;zie &#8211; vybral&nbsp; \u013d.B.st.\/<\/span><\/p>\n<p style=\"margin: 0.0px 0.0px 0.0px 0.0px; font: 16.0px Helvetica\"><span style=\"letter-spacing: 0.0px\">&nbsp;&nbsp; &nbsp; &nbsp; &nbsp; K my&scaron;lienkam na Star&yacute; rok, aby nikto nebol s&aacute;m&#8230;<\/span><\/p>\n","protected":false},"excerpt":{"rendered":"<p>&nbsp;Martin R&aacute;zus: Dnes odchod&iacute; i Rok &nbsp; Jar odkvitla a leto dalo dary&#8230; dnes odchod&iacute; i Rok, ten mdl&yacute; a star&yacute;, s n&iacute;m b&ocirc;le na&scaron;e, \u017eiale, sm&uacute;tky mnoh&eacute;, radosti skvel&eacute;, jak i pre&uacute;boh&eacute;. My c&iacute;time- zvl&aacute;&scaron;\u0165 v t&uacute;to sv&auml;t&uacute; dobu &#8211; \u017ee v&scaron;etci zas sme o krok bli\u017e&scaron;ie k hrobu. Preto tu, v chr&aacute;me, Bo\u017ee &#8230; <a title=\"Martin R\u00e1zus: Dnes odchod\u00ed i Rok\" class=\"read-more\" href=\"https:\/\/www.e-anjelik.sk\/index.php\/2011\/12\/31\/martin-razus-dnes-odchodi-i-rok\/\" aria-label=\"Pre\u010d\u00edtajte si viac o Martin R\u00e1zus: Dnes odchod\u00ed i Rok\">\u010c\u00edta\u0165 viac<\/a><\/p>\n","protected":false},"author":4,"featured_media":0,"comment_status":"open","ping_status":"open","sticky":false,"template":"","format":"standard","meta":{"footnotes":""},"categories":[165,95],"tags":[188,336],"class_list":["post-4017","post","type-post","status-publish","format-standard","hentry","category-poezia-2","category-sobotiste","tag-silvester","tag-stary-rok"],"_links":{"self":[{"href":"https:\/\/www.e-anjelik.sk\/index.php\/wp-json\/wp\/v2\/posts\/4017","targetHints":{"allow":["GET"]}}],"collection":[{"href":"https:\/\/www.e-anjelik.sk\/index.php\/wp-json\/wp\/v2\/posts"}],"about":[{"href":"https:\/\/www.e-anjelik.sk\/index.php\/wp-json\/wp\/v2\/types\/post"}],"author":[{"embeddable":true,"href":"https:\/\/www.e-anjelik.sk\/index.php\/wp-json\/wp\/v2\/users\/4"}],"replies":[{"embeddable":true,"href":"https:\/\/www.e-anjelik.sk\/index.php\/wp-json\/wp\/v2\/comments?post=4017"}],"version-history":[{"count":0,"href":"https:\/\/www.e-anjelik.sk\/index.php\/wp-json\/wp\/v2\/posts\/4017\/revisions"}],"wp:attachment":[{"href":"https:\/\/www.e-anjelik.sk\/index.php\/wp-json\/wp\/v2\/media?parent=4017"}],"wp:term":[{"taxonomy":"category","embeddable":true,"href":"https:\/\/www.e-anjelik.sk\/index.php\/wp-json\/wp\/v2\/categories?post=4017"},{"taxonomy":"post_tag","embeddable":true,"href":"https:\/\/www.e-anjelik.sk\/index.php\/wp-json\/wp\/v2\/tags?post=4017"}],"curies":[{"name":"wp","href":"https:\/\/api.w.org\/{rel}","templated":true}]}}