{"id":4023,"date":"2012-01-04T09:58:07","date_gmt":"2012-01-04T09:58:07","guid":{"rendered":"http:\/\/e-anjelik.sk\/?p=4023"},"modified":"2012-01-04T09:58:07","modified_gmt":"2012-01-04T09:58:07","slug":"danska-luteranska-cirkev-a-eu","status":"publish","type":"post","link":"https:\/\/www.e-anjelik.sk\/index.php\/2012\/01\/04\/danska-luteranska-cirkev-a-eu\/","title":{"rendered":"D\u00e1nska luter\u00e1nska cirkev a E\u00da"},"content":{"rendered":"<p>1. janu&aacute;ra 2012 prebralo D&aacute;nsko ako \u010dlensk&aacute; krajina predsedn&iacute;ctvo E&Uacute;. Pri tejto pr&iacute;le\u017eitosti D&aacute;nska luter&aacute;nska cirkev organizuje v nede\u013eu 8. janu&aacute;ra 2012 osobitn&eacute; bohoslu\u017eby v kodanskej katedr&aacute;le, na ktor&eacute; pozvala cirkvi z Po\u013eska ako predch&aacute;dzaj&uacute;ceho predsedu a cirkvi Cypru ako nasleduj&uacute;ceho predsedu od 1. j&uacute;la 2012. Pozvan&iacute; s&uacute; aj \u010dlenovia d&aacute;nskeho parlamentu.<\/p>\n<p>(<a href=\"http:\/\/www.interchurch.dk\">www.interchurch.dk<\/a>)<\/p>\n","protected":false},"excerpt":{"rendered":"<p>1. janu&aacute;ra 2012 prebralo D&aacute;nsko ako \u010dlensk&aacute; krajina predsedn&iacute;ctvo E&Uacute;. Pri tejto pr&iacute;le\u017eitosti D&aacute;nska luter&aacute;nska cirkev organizuje v nede\u013eu 8. janu&aacute;ra 2012 osobitn&eacute; bohoslu\u017eby v kodanskej katedr&aacute;le, na ktor&eacute; pozvala cirkvi z Po\u013eska ako predch&aacute;dzaj&uacute;ceho predsedu a cirkvi Cypru ako nasleduj&uacute;ceho predsedu od 1. j&uacute;la 2012. Pozvan&iacute; s&uacute; aj \u010dlenovia d&aacute;nskeho parlamentu. (www.interchurch.dk)<\/p>\n","protected":false},"author":22,"featured_media":0,"comment_status":"open","ping_status":"open","sticky":false,"template":"","format":"standard","meta":{"footnotes":""},"categories":[9,10],"tags":[],"class_list":["post-4023","post","type-post","status-publish","format-standard","hentry","category-europa","category-zo-sveta"],"_links":{"self":[{"href":"https:\/\/www.e-anjelik.sk\/index.php\/wp-json\/wp\/v2\/posts\/4023","targetHints":{"allow":["GET"]}}],"collection":[{"href":"https:\/\/www.e-anjelik.sk\/index.php\/wp-json\/wp\/v2\/posts"}],"about":[{"href":"https:\/\/www.e-anjelik.sk\/index.php\/wp-json\/wp\/v2\/types\/post"}],"author":[{"embeddable":true,"href":"https:\/\/www.e-anjelik.sk\/index.php\/wp-json\/wp\/v2\/users\/22"}],"replies":[{"embeddable":true,"href":"https:\/\/www.e-anjelik.sk\/index.php\/wp-json\/wp\/v2\/comments?post=4023"}],"version-history":[{"count":0,"href":"https:\/\/www.e-anjelik.sk\/index.php\/wp-json\/wp\/v2\/posts\/4023\/revisions"}],"wp:attachment":[{"href":"https:\/\/www.e-anjelik.sk\/index.php\/wp-json\/wp\/v2\/media?parent=4023"}],"wp:term":[{"taxonomy":"category","embeddable":true,"href":"https:\/\/www.e-anjelik.sk\/index.php\/wp-json\/wp\/v2\/categories?post=4023"},{"taxonomy":"post_tag","embeddable":true,"href":"https:\/\/www.e-anjelik.sk\/index.php\/wp-json\/wp\/v2\/tags?post=4023"}],"curies":[{"name":"wp","href":"https:\/\/api.w.org\/{rel}","templated":true}]}}