{"id":4024,"date":"2012-01-04T10:24:23","date_gmt":"2012-01-04T10:24:23","guid":{"rendered":"http:\/\/e-anjelik.sk\/?p=4024"},"modified":"2012-01-04T10:24:23","modified_gmt":"2012-01-04T10:24:23","slug":"40-rokov-ako-kralovna-danska","status":"publish","type":"post","link":"https:\/\/www.e-anjelik.sk\/index.php\/2012\/01\/04\/40-rokov-ako-kralovna-danska\/","title":{"rendered":"40 rokov ako kr\u00e1\u013eovn\u00e1 D\u00e1nska"},"content":{"rendered":"<p>14. janu&aacute;ra 2012 oslavuje Margareta II. 40 rokov od prevzatia kr&aacute;\u013eovsk&eacute;ho \u017eezla v D&aacute;nsku. Na jese\u0148 minul&eacute;ho roku uverejnili noviny Berligske Tidende portr&eacute;t kr&aacute;\u013eovnej. V \u0148om autor Jes Anderssen opisuje kr&aacute;\u013eovn&uacute; ako anga\u017eovan&uacute; kres\u0165anku. A\u017e po smr\u0165 svojho otca bola v n&aacute;bo\u017eensk&yacute;ch ot&aacute;zkach vla\u017en&aacute;. Smr\u0165 otca ju zasiahla intenz&iacute;vne a za\u010dala uva\u017eova\u0165 o viere. \u010casto debatovala s popredn&yacute;mi d&aacute;nskymi teol&oacute;gmi o cirkevnej hist&oacute;rii, dogm&aacute;ch, r&iacute;toch, m&yacute;toch a pod. Je o nej zn&aacute;me, \u017ee sa venuje umeleck&yacute;m v&yacute;tvorom, preto \u010dasto navrhuje orn&aacute;ty pre k\u0148azov, ba so svojou sestrou niektor&eacute; aj vy&scaron;&iacute;vala. Ako form&aacute;lna hlava luter&aacute;nskej cirkvi mus&iacute; by\u0165 \u010dlenkou tejto cirkvi. Do kostola chod&iacute; rada a pravidelne, ale nerada oznamuje, do ktor&eacute;ho chr&aacute;mu pr&iacute;de, hoci ju diskr&eacute;tne sprev&aacute;dza osobn&yacute; str&aacute;\u017eca. Rada po\u010d&uacute;va dobr&eacute; k&aacute;zne a spieva duchovn&eacute; piesne. Jej kr&aacute;\u013eovsk&eacute; motto je :&quot; Bo\u017eia pomoc, l&aacute;sku \u013eudu, sila D&aacute;nska&quot;. Jej zn&aacute;mu&nbsp;nechu\u0165 k sentimentalite vyjadrila raz bonmotom:&quot;Ned&aacute;vajte cukor do evanjelia!&quot;<\/p>\n<p>(<a href=\"http:\/\/www.interchurch.dk\">www.interchurch.dk<\/a>)&nbsp;<\/p>\n","protected":false},"excerpt":{"rendered":"<p>14. janu&aacute;ra 2012 oslavuje Margareta II. 40 rokov od prevzatia kr&aacute;\u013eovsk&eacute;ho \u017eezla v D&aacute;nsku. Na jese\u0148 minul&eacute;ho roku uverejnili noviny Berligske Tidende portr&eacute;t kr&aacute;\u013eovnej. V \u0148om autor Jes Anderssen opisuje kr&aacute;\u013eovn&uacute; ako anga\u017eovan&uacute; kres\u0165anku. A\u017e po smr\u0165 svojho otca bola v n&aacute;bo\u017eensk&yacute;ch ot&aacute;zkach vla\u017en&aacute;. Smr\u0165 otca ju zasiahla intenz&iacute;vne a za\u010dala uva\u017eova\u0165 o viere. \u010casto &#8230; <a title=\"40 rokov ako kr\u00e1\u013eovn\u00e1 D\u00e1nska\" class=\"read-more\" href=\"https:\/\/www.e-anjelik.sk\/index.php\/2012\/01\/04\/40-rokov-ako-kralovna-danska\/\" aria-label=\"Pre\u010d\u00edtajte si viac o 40 rokov ako kr\u00e1\u013eovn\u00e1 D\u00e1nska\">\u010c\u00edta\u0165 viac<\/a><\/p>\n","protected":false},"author":22,"featured_media":0,"comment_status":"open","ping_status":"open","sticky":false,"template":"","format":"standard","meta":{"footnotes":""},"categories":[1],"tags":[242],"class_list":["post-4024","post","type-post","status-publish","format-standard","hentry","category-adventna-modlitba","tag-slavnosti"],"_links":{"self":[{"href":"https:\/\/www.e-anjelik.sk\/index.php\/wp-json\/wp\/v2\/posts\/4024","targetHints":{"allow":["GET"]}}],"collection":[{"href":"https:\/\/www.e-anjelik.sk\/index.php\/wp-json\/wp\/v2\/posts"}],"about":[{"href":"https:\/\/www.e-anjelik.sk\/index.php\/wp-json\/wp\/v2\/types\/post"}],"author":[{"embeddable":true,"href":"https:\/\/www.e-anjelik.sk\/index.php\/wp-json\/wp\/v2\/users\/22"}],"replies":[{"embeddable":true,"href":"https:\/\/www.e-anjelik.sk\/index.php\/wp-json\/wp\/v2\/comments?post=4024"}],"version-history":[{"count":0,"href":"https:\/\/www.e-anjelik.sk\/index.php\/wp-json\/wp\/v2\/posts\/4024\/revisions"}],"wp:attachment":[{"href":"https:\/\/www.e-anjelik.sk\/index.php\/wp-json\/wp\/v2\/media?parent=4024"}],"wp:term":[{"taxonomy":"category","embeddable":true,"href":"https:\/\/www.e-anjelik.sk\/index.php\/wp-json\/wp\/v2\/categories?post=4024"},{"taxonomy":"post_tag","embeddable":true,"href":"https:\/\/www.e-anjelik.sk\/index.php\/wp-json\/wp\/v2\/tags?post=4024"}],"curies":[{"name":"wp","href":"https:\/\/api.w.org\/{rel}","templated":true}]}}