{"id":4032,"date":"2012-01-09T17:07:11","date_gmt":"2012-01-09T17:07:11","guid":{"rendered":"http:\/\/e-anjelik.sk\/?p=4032"},"modified":"2019-02-22T15:42:40","modified_gmt":"2019-02-22T14:42:40","slug":"jan-smrek-sobota","status":"publish","type":"post","link":"https:\/\/www.e-anjelik.sk\/index.php\/2012\/01\/09\/jan-smrek-sobota\/","title":{"rendered":"J\u00e1n Smrek: Sobota"},"content":{"rendered":"<p>&nbsp;&nbsp;&nbsp;&nbsp;&nbsp;&nbsp;<strong>&nbsp; J&aacute;n Smrek:&nbsp; Sobota<\/strong><\/p>\n<p>Sobota. Pripravme sa na nede\u013eu.<\/p>\n<p>Telo si ok&uacute;pme aj du&scaron;u cel&uacute;.<\/p>\n<p>A potom po\u010fme spa\u0165. Nech \u010derstv&iacute; k r&aacute;nu<\/p>\n<p>kro\u010d&iacute;me vospolok na cestu k chr&aacute;mu.<\/p>\n<p>&nbsp;<\/p>\n<p>Chr&aacute;m zme&scaron;ka\u0165 neslobodno. Slovo Bo\u017eie<\/p>\n<p>\u010dlovek viac potrebuje ako zbo\u017eie,<\/p>\n<p>aj piese\u0148 mystick&uacute;, t&uacute; o ve\u010dnosti.<\/p>\n<p>Ja organ miloval som od mladosti.<\/p>\n<p>&nbsp;<\/p>\n<p>Na tom si zaklad&aacute;m, \u017ee ka\u017ed&yacute; chor&aacute;l<\/p>\n<p>zn&aacute;m naspam&auml;\u0165, jak kostoln&iacute;k a zvon&aacute;r,<\/p>\n<p>a \u017ee viem naspam&auml;\u0165 aj antif&oacute;ny.<\/p>\n<p>Cel&yacute; svet ovo\u0148al som, preto k v&ocirc;ni<\/p>\n<p>&nbsp;<\/p>\n<p>voskov&iacute;c chr&aacute;mov&yacute;ch sa s nehou vraciam.<\/p>\n<p>M&aacute;m kancion&aacute;l svoj, no neobraciam<\/p>\n<p>u\u017e ani listy v \u0148om, ja po pam&auml;ti<\/p>\n<p>spieva\u0165 chcem ka\u017ed&yacute; spev aj chor&aacute;l sv&auml;t&yacute;.<\/p>\n<p>&nbsp;<\/p>\n<p>Aj evanjeli&aacute;, aj epi&scaron;toly<\/p>\n<p>viem e&scaron;te z mladosti, a teraz cel&yacute;<\/p>\n<p>rozko&scaron;ou chvejem sa, \u017ee s&uacute; tie ist&eacute;.<\/p>\n<p>\u017de je aj srdce moje tak&eacute; \u010dist&eacute;.<\/p>\n<p>&nbsp;<\/p>\n<p>Ak&yacute;m je z&aacute;zrakom to zachova\u0165 si!<\/p>\n<p>Temnoty valia sa a mrcha \u010dasy,<\/p>\n<p>srdce je vystaven&eacute; oh\u0148u, me\u010du.<\/p>\n<p>No \u010dist&yacute;m je, ke\u010f ceze\u0148 slzy te\u010d&uacute;.<\/p>\n<p>&nbsp;<\/p>\n<p>Kto nevie zaplaka\u0165, kto slzu nect&iacute;,<\/p>\n<p>kto chce \u017ei\u0165 na svete len silou p&auml;st&iacute;,<\/p>\n<p>ten na m&uacute;r natraf&iacute;, na bet&oacute;n tvrd&yacute;.<\/p>\n<p>A v&scaron;ade balvany m&aacute; miesto \u013eud&iacute;.<\/p>\n<p>&nbsp;<\/p>\n<p>Beda, ke\u010f za&scaron;krti\u0165 chce \u010dlovek v sebe<\/p>\n<p>cit, ktor&yacute;m obdarovalo ho nebe,<\/p>\n<p>podstatu \u013eudskosti ke\u010f v sebe dus&iacute;.<\/p>\n<p>\u010clovek ten do z&uacute;falstva padn&uacute;\u0165 mus&iacute;.<\/p>\n<p>&nbsp;<\/p>\n<p>Nede\u013ea je de\u0148 citu. Pripravme sa.<\/p>\n<p>Na\u010do sa nad domami t&yacute;\u010di ve\u017ea,<\/p>\n<p>na\u010do chr&aacute;m otv&aacute;ra sa do n&aacute;mestia?<\/p>\n<p>Kto nejde, slepotou s&aacute;m seba trest&aacute;.<\/p>\n<p>&nbsp;<\/p>\n<p>Chr&aacute;m nie je budova. Chr&aacute;m to je oblak,<\/p>\n<p>vst&uacute;p do\u0148ho pln&yacute; citu, pln&yacute; dobra,<\/p>\n<p>a potom vyjdi z neho o\u010disten&yacute;.<\/p>\n<p>Takto sa mnoh&yacute; tiger v srnu zmen&iacute;.<\/p>\n<p>&nbsp;<\/p>\n<p>M&aacute; \u010dlovek tigrom by\u0165? \u010ci v&ocirc;bec &scaron;elmou?<\/p>\n<p>M&aacute; Bo\u017e&iacute; obraz svoj da\u0165 zastrie\u0165 \u010der\u0148ou?<\/p>\n<p>Nen&aacute;jde &scaron;\u0165astie svoje v zverskej ko\u017ei.<\/p>\n<p>Sobota&#8230; Pripravme sa na chr&aacute;m Bo\u017e&iacute;.<\/p>\n<p>&nbsp;&nbsp;&nbsp;&nbsp;&nbsp;&nbsp;&nbsp;&nbsp;&nbsp;&nbsp;&nbsp;&nbsp;&nbsp; 3.8.1952<\/p>\n<p>\/Zo zbierky:<strong> Proti noci.<\/strong> Z&nbsp; b&aacute;sn&iacute; &quot;vn&uacute;torn&eacute;ho exilu&quot; slov.evanj.b&aacute;snika<strong> J&aacute;na Smreka&nbsp; , 1898&nbsp; -1987. <\/strong><\/p>\n<p>V&yacute;ber b&aacute;sn&iacute; zostavil, doslov a pozn&aacute;mky nap&iacute;sal <strong>Vladim&iacute;r Petr&iacute;k, vydal Tranoscius 1993<\/strong>.<\/p>\n<p>Ide o v&yacute;ber b&aacute;sn&iacute; z osobn&eacute;ho arch&iacute;vu vynikaj&uacute;ceho b&aacute;snika, z&nbsp; obdobia, ke\u010f od febru&aacute;ra 1948 a\u017e do polovice p&auml;\u0165desiatych rokov nepublikoval, z \u010dasti z vn&uacute;torn&eacute;ho sklamania a vn&uacute;torn&eacute;ho exilu do ktor&eacute;ho&nbsp; sa utiahol, ale aj preto, \u017ee b&aacute;snik bol na \u010diernej listine totalitn&eacute;ho re\u017eimu.&nbsp; Odha\u013euje v nich svoj vn&uacute;torn&yacute; svet,duchovn&eacute; zakotvenie a cit, humanizmus a cesty, po ktor&yacute;ch kr&aacute;\u010dal v tomto ne\u013eahkom obdob&iacute;\/&nbsp; \u013d.Batka st<\/p>\n","protected":false},"excerpt":{"rendered":"<p>&nbsp;&nbsp;&nbsp;&nbsp;&nbsp;&nbsp;&nbsp; J&aacute;n Smrek:&nbsp; Sobota Sobota. Pripravme sa na nede\u013eu. Telo si ok&uacute;pme aj du&scaron;u cel&uacute;. A potom po\u010fme spa\u0165. Nech \u010derstv&iacute; k r&aacute;nu kro\u010d&iacute;me vospolok na cestu k chr&aacute;mu. &nbsp; Chr&aacute;m zme&scaron;ka\u0165 neslobodno. Slovo Bo\u017eie \u010dlovek viac potrebuje ako zbo\u017eie, aj piese\u0148 mystick&uacute;, t&uacute; o ve\u010dnosti. Ja organ miloval som od mladosti. &nbsp; Na tom &#8230; <a title=\"J\u00e1n Smrek: Sobota\" class=\"read-more\" href=\"https:\/\/www.e-anjelik.sk\/index.php\/2012\/01\/09\/jan-smrek-sobota\/\" aria-label=\"Pre\u010d\u00edtajte si viac o J\u00e1n Smrek: Sobota\">\u010c\u00edta\u0165 viac<\/a><\/p>\n","protected":false},"author":4,"featured_media":0,"comment_status":"open","ping_status":"open","sticky":false,"template":"","format":"standard","meta":{"footnotes":""},"categories":[165,95],"tags":[],"class_list":["post-4032","post","type-post","status-publish","format-standard","hentry","category-poezia-2","category-sobotiste"],"_links":{"self":[{"href":"https:\/\/www.e-anjelik.sk\/index.php\/wp-json\/wp\/v2\/posts\/4032","targetHints":{"allow":["GET"]}}],"collection":[{"href":"https:\/\/www.e-anjelik.sk\/index.php\/wp-json\/wp\/v2\/posts"}],"about":[{"href":"https:\/\/www.e-anjelik.sk\/index.php\/wp-json\/wp\/v2\/types\/post"}],"author":[{"embeddable":true,"href":"https:\/\/www.e-anjelik.sk\/index.php\/wp-json\/wp\/v2\/users\/4"}],"replies":[{"embeddable":true,"href":"https:\/\/www.e-anjelik.sk\/index.php\/wp-json\/wp\/v2\/comments?post=4032"}],"version-history":[{"count":1,"href":"https:\/\/www.e-anjelik.sk\/index.php\/wp-json\/wp\/v2\/posts\/4032\/revisions"}],"predecessor-version":[{"id":32371,"href":"https:\/\/www.e-anjelik.sk\/index.php\/wp-json\/wp\/v2\/posts\/4032\/revisions\/32371"}],"wp:attachment":[{"href":"https:\/\/www.e-anjelik.sk\/index.php\/wp-json\/wp\/v2\/media?parent=4032"}],"wp:term":[{"taxonomy":"category","embeddable":true,"href":"https:\/\/www.e-anjelik.sk\/index.php\/wp-json\/wp\/v2\/categories?post=4032"},{"taxonomy":"post_tag","embeddable":true,"href":"https:\/\/www.e-anjelik.sk\/index.php\/wp-json\/wp\/v2\/tags?post=4032"}],"curies":[{"name":"wp","href":"https:\/\/api.w.org\/{rel}","templated":true}]}}