{"id":4034,"date":"2012-01-10T11:55:49","date_gmt":"2012-01-10T11:55:49","guid":{"rendered":"http:\/\/e-anjelik.sk\/?p=4034"},"modified":"2012-01-10T11:55:49","modified_gmt":"2012-01-10T11:55:49","slug":"zomrel-ernst-vatter","status":"publish","type":"post","link":"https:\/\/www.e-anjelik.sk\/index.php\/2012\/01\/10\/zomrel-ernst-vatter\/","title":{"rendered":"Zomrel Ernst Vatter"},"content":{"rendered":"<p>7. janu&aacute;ra t.r. vo veku 82-rokov zomrel popredn&yacute; pracovn&iacute;k novodobej misie v Nemecku &#8211; Ernst Vatter. V r. 1952-1966 bol mision&aacute;rom a ved&uacute;cim misijnej pr&aacute;ce v Japonsku. Potom prevzal vedenie Liebenzellskej misie ,ktor&uacute; viedol ako riadite\u013e a\u017e do odchodu do d&ocirc;chodku v r. 1994.T&aacute;to misia m&aacute; dnes 230 mision&aacute;rov v 25 krajin&aacute;ch sveta. Vatter bol \u010dlenom a ved&uacute;cim po\u010detn&yacute;ch spolkov a zdru\u017een&iacute;. Zalo\u017eil tie\u017e viacer&eacute; in&scaron;tit&uacute;cie a &scaron;koly. V r. 1977-1995 bol \u010dlenom krajinskej synody.A\u017e do svojej smrti bol poz&yacute;van&yacute; za re\u010dn&iacute;ka a kazate\u013ea.&nbsp;Univerzita Biola v Kalifornii mu udelila \u010destn&yacute; doktor&aacute;t teol&oacute;gie. Jeho man\u017eelka Siegfried zomrela pred 14 mesiacmi. Mali 4 deti. R.2004 mu vy&scaron;la jeho biografick&aacute; kniha s n&aacute;zvom &quot;Ernst Vatter . Misia bez hran&iacute;c.&quot;<\/p>\n<p>(<a href=\"http:\/\/www.idea.de\">www.idea.de<\/a>)<\/p>\n","protected":false},"excerpt":{"rendered":"<p>7. janu&aacute;ra t.r. vo veku 82-rokov zomrel popredn&yacute; pracovn&iacute;k novodobej misie v Nemecku &#8211; Ernst Vatter. V r. 1952-1966 bol mision&aacute;rom a ved&uacute;cim misijnej pr&aacute;ce v Japonsku. Potom prevzal vedenie Liebenzellskej misie ,ktor&uacute; viedol ako riadite\u013e a\u017e do odchodu do d&ocirc;chodku v r. 1994.T&aacute;to misia m&aacute; dnes 230 mision&aacute;rov v 25 krajin&aacute;ch sveta. Vatter bol &#8230; <a title=\"Zomrel Ernst Vatter\" class=\"read-more\" href=\"https:\/\/www.e-anjelik.sk\/index.php\/2012\/01\/10\/zomrel-ernst-vatter\/\" aria-label=\"Pre\u010d\u00edtajte si viac o Zomrel Ernst Vatter\">\u010c\u00edta\u0165 viac<\/a><\/p>\n","protected":false},"author":22,"featured_media":0,"comment_status":"open","ping_status":"open","sticky":false,"template":"","format":"standard","meta":{"footnotes":""},"categories":[1,14],"tags":[],"class_list":["post-4034","post","type-post","status-publish","format-standard","hentry","category-adventna-modlitba","category-osobnosti"],"_links":{"self":[{"href":"https:\/\/www.e-anjelik.sk\/index.php\/wp-json\/wp\/v2\/posts\/4034","targetHints":{"allow":["GET"]}}],"collection":[{"href":"https:\/\/www.e-anjelik.sk\/index.php\/wp-json\/wp\/v2\/posts"}],"about":[{"href":"https:\/\/www.e-anjelik.sk\/index.php\/wp-json\/wp\/v2\/types\/post"}],"author":[{"embeddable":true,"href":"https:\/\/www.e-anjelik.sk\/index.php\/wp-json\/wp\/v2\/users\/22"}],"replies":[{"embeddable":true,"href":"https:\/\/www.e-anjelik.sk\/index.php\/wp-json\/wp\/v2\/comments?post=4034"}],"version-history":[{"count":0,"href":"https:\/\/www.e-anjelik.sk\/index.php\/wp-json\/wp\/v2\/posts\/4034\/revisions"}],"wp:attachment":[{"href":"https:\/\/www.e-anjelik.sk\/index.php\/wp-json\/wp\/v2\/media?parent=4034"}],"wp:term":[{"taxonomy":"category","embeddable":true,"href":"https:\/\/www.e-anjelik.sk\/index.php\/wp-json\/wp\/v2\/categories?post=4034"},{"taxonomy":"post_tag","embeddable":true,"href":"https:\/\/www.e-anjelik.sk\/index.php\/wp-json\/wp\/v2\/tags?post=4034"}],"curies":[{"name":"wp","href":"https:\/\/api.w.org\/{rel}","templated":true}]}}