{"id":4037,"date":"2012-01-12T08:06:26","date_gmt":"2012-01-12T08:06:26","guid":{"rendered":"http:\/\/e-anjelik.sk\/?p=4037"},"modified":"2012-01-12T08:06:26","modified_gmt":"2012-01-12T08:06:26","slug":"mucenika-stefana-2","status":"publish","type":"post","link":"https:\/\/www.e-anjelik.sk\/index.php\/2012\/01\/12\/mucenika-stefana-2\/","title":{"rendered":"Mu\u010den\u00edka \u0160tefana"},"content":{"rendered":"<p>&nbsp;<span class=\"Apple-style-span\" style=\"font-family: Helvetica; font-size: 16px; line-height: normal; \">&nbsp; &nbsp; &nbsp; &nbsp; &nbsp; &nbsp; &nbsp; &nbsp; &nbsp; &nbsp; &nbsp; &nbsp; &nbsp; &nbsp; &nbsp; &nbsp; &nbsp; &nbsp;<b>&nbsp; &nbsp; &nbsp; &nbsp; &nbsp; &nbsp; &nbsp; &nbsp; &nbsp; &nbsp; Mu\u010den&iacute;ka &Scaron;tefana<\/b><\/span><\/p>\n<p style=\"margin: 0.0px 0.0px 0.0px 0.0px; font: 16.0px Helvetica\"><span style=\"letter-spacing: 0.0px\">Jak Ty &#8211; i my Kriste,<\/span><\/p>\n<p style=\"margin: 0.0px 0.0px 0.0px 0.0px; font: 16.0px Helvetica\"><span style=\"letter-spacing: 0.0px\">Duchom nech sme \u017eiv&iacute;,<\/span><\/p>\n<p style=\"margin: 0.0px 0.0px 0.0px 0.0px; font: 16.0px Helvetica\"><span style=\"letter-spacing: 0.0px\">V Tebe naroden&iacute; &#8211; pravdy \u017eiadostiv&iacute;,<\/span><\/p>\n<p style=\"margin: 0.0px 0.0px 0.0px 0.0px; font: 16.0px Helvetica\"><span style=\"letter-spacing: 0.0px\">za \u0148u pracuj&uacute;ci,<\/span><\/p>\n<p style=\"margin: 0.0px 0.0px 0.0px 0.0px; font: 16.0px Helvetica\"><span style=\"letter-spacing: 0.0px\">za \u0148u bojuj&uacute;ci&#8230;<\/span><\/p>\n<p style=\"margin: 0.0px 0.0px 0.0px 0.0px; font: 16.0px Helvetica\"><span style=\"letter-spacing: 0.0px\">&Oacute;, zro\u010f sa dnes, Pane,<\/span><\/p>\n<p style=\"margin: 0.0px 0.0px 0.0px 0.0px; font: 16.0px Helvetica\"><span style=\"letter-spacing: 0.0px\">i v tom na&scaron;om srdci! Amen.<\/span><\/p>\n<p style=\"margin: 0.0px 0.0px 0.0px 0.0px; font: 16.0px Helvetica; min-height: 19.0px\">&nbsp;<\/p>\n<p style=\"margin: 0.0px 0.0px 0.0px 0.0px; font: 16.0px Helvetica\"><span style=\"letter-spacing: 0.0px\"><b>Zjav.J&aacute;na 7,9-15:<\/b><\/span><\/p>\n<p style=\"margin: 0.0px 0.0px 0.0px 0.0px; font: 16.0px Helvetica\"><span style=\"letter-spacing: 0.0px\"><i>&nbsp;&nbsp; &ldquo; Po tomto som videl: ajh\u013ea, velik&yacute; z&aacute;stup zo v&scaron;etk&yacute;ch n&aacute;rodov, kme\u0148ov, \u013eud&iacute; a jazykov, ktor&yacute;ch nikto nemohol spo\u010d&iacute;ta\u0165; st&aacute;li pred tr&oacute;nom a pred Bar&aacute;nkom, oble\u010den&iacute; do bieleho r&uacute;cha s palmami v ruk&aacute;ch, (10) volali mohutn&yacute;m hlasom: Spasenie n&aacute;&scaron;mu Bohu, ktor&yacute; sed&iacute; na tr&oacute;ne, a Bar&aacute;nkovi! (11) A v&scaron;etci anjeli st&aacute;li okolo tr&oacute;nu, okolo star&scaron;&iacute;ch a &scaron;tyroch bytost&iacute;, padli na tv&aacute;r pred tr&oacute;nom, kla\u0148ali sa Bohu (12) a volali: Amen! Dobrore\u010denie a sl&aacute;va a m&uacute;dros\u0165 a v\u010faka a \u010des\u0165 a moc a sila n&aacute;&scaron;mu Bohu na veky vekov. Amen. (13)&nbsp; Potom jeden zo star&scaron;&iacute;ch prehovoril a sp&yacute;tal sa sa ma: Kto s&uacute; t&iacute;to oble\u010den&iacute; do bieleho r&uacute;cha odkia\u013e pri&scaron;li? Odovedal som mu: Pane m&ocirc;j, ty vie&scaron;! Nato mi povedal: To s&uacute; t&iacute;, \u010do prich&aacute;dzaj&uacute; z ve\u013ek&eacute;ho s&uacute;\u017eenia a oprali si r&uacute;cha a zbielili ich v krvi Bar&aacute;nkovej. (15) Preto s&uacute; pred tr&oacute;nom Bo\u017e&iacute;m a sl&uacute;\u017eia Mu d\u0148om i nocou v Jeho chr&aacute;me. Sediaci na tr&oacute;ne bude ich zatie\u0148ova\u0165 ako stan&rdquo;. Amen<\/i><\/span><\/p>\n<p style=\"margin: 0.0px 0.0px 0.0px 0.0px; font: 16.0px Helvetica; min-height: 19.0px\"><span style=\"letter-spacing: 0.0px\"><b><i>&nbsp; &nbsp; &nbsp; &nbsp;<\/i><\/b><\/span><\/p>\n<p style=\"margin: 0.0px 0.0px 0.0px 0.0px; font: 16.0px Helvetica\"><span style=\"letter-spacing: 0.0px\"><b>&nbsp; &nbsp; &nbsp; <\/b>Bohumil&iacute; kres\u0165ania,&nbsp; bratia a sestry v narodenom P&aacute;novi!<\/span><\/p>\n<p style=\"margin: 0.0px 0.0px 0.0px 0.0px; font: 16.0px Helvetica; min-height: 19.0px\">&nbsp;<\/p>\n<p style=\"margin: 0.0px 0.0px 0.0px 0.0px; font: 16.0px Helvetica\"><span style=\"letter-spacing: 0.0px\">&nbsp;&nbsp; &nbsp; <i>&ldquo;Zem i nebes&aacute; :\/: dnes preradostne sl&aacute;via,<\/i><\/span><\/p>\n<p style=\"margin: 0.0px 0.0px 0.0px 0.0px; font: 16.0px Helvetica\"><span style=\"letter-spacing: 0.0px\"><i>&nbsp; &nbsp; &nbsp; anjeli z neba :\/: pastierov dnes zdravia&rdquo; &#8211;<\/i> znel spev a posolstvo v\u010deraj&scaron;ieho d\u0148a, vo sviatok Bo\u017eieho narodenia. Dne&scaron;n&yacute; <b>druh&yacute; sviatok viano\u010dn&yacute; <\/b>d&aacute;va znie\u0165 v cirkvi aj in&eacute;mu sl&aacute;vospevu. V\u010dera sme si v&scaron;&iacute;mali prv&uacute; oslavu pri Jeho pr&iacute;chode na zem, dne&scaron;n&yacute; sviatok si v&scaron;&iacute;ma Jeho oslavu v nebeskej sl&aacute;ve. Od jasie\u013e dv&iacute;hame zrak k otvoren&eacute;u nebu, spolu<b> so &Scaron;tefanom, <\/b>prv&yacute;m zn&aacute;mym kres\u0165ansk&yacute;m mu\u010den&iacute;kom.<\/span><\/p>\n<p style=\"margin: 0.0px 0.0px 0.0px 0.0px; font: 16.0px Helvetica; min-height: 19.0px\"><span style=\"letter-spacing: 0.0px\">&nbsp;&nbsp; &nbsp;<\/span><\/p>\n<p style=\"margin: 0.0px 0.0px 0.0px 0.0px; font: 16.0px Helvetica\"><span style=\"letter-spacing: 0.0px\">&nbsp;&nbsp; &nbsp; Po naroden&iacute; Je\u017ei&scaron;a Krista sa uk&aacute;zali dve skuto\u010dnosti. Tou prvou je postoj \u013eud&iacute;, ktor&iacute; Je\u017ei&scaron;a ako P&aacute;na a Spasite\u013ea <b>prijali a prij&iacute;maj&uacute;<\/b>. Z nich sa st&aacute;vaj&uacute; Bo\u017eie deti, vyk&uacute;penci Kristovi, Kristov \u013eud, \u010di\u017ee cirkev. V nej s&uacute; nielen M&aacute;ria a Jozef, Zachari&aacute;&scaron; a Al\u017ebeta, proroci Simeon a&nbsp; Anna, betlehemsk&iacute; pastieri a mudrci od v&yacute;chodu, ale aj apo&scaron;tolovia a diakoni s pr&iacute;slu&scaron;n&iacute;kmi jeruzalemsk&eacute;ho cirkevn&eacute;ho zboru. T&iacute;to \u017eili v spolo\u010denstve viery, l&aacute;sky a slu\u017eby, ako ho opisj&uacute; Skutky apo&scaron;tolsk&eacute;. Medzi diakonmi je na prvom mieste spom&iacute;nan&yacute; <b>&Scaron;tefan, <\/b>mu\u017e pln&yacute; Ducha a m&uacute;drosti.<b> <\/b>Obsluhuje pri spolo\u010dnom stole vdovy a siroty. Spolu s in&yacute;mi sa star&aacute; o chudobn&yacute;ch. Nasleduje Je\u017ei&scaron;a Krista a sve\u010d&iacute; o \u0147om slovom i skutkom. Ukazuje sa v&scaron;ak, \u017ee t&iacute;, ktor&iacute; Je\u017ei&scaron;a prijali do svojich s\u0155dc a \u017eivotov, ne\u017eij&uacute; vo vzduchopr&aacute;zdne. S&uacute; tu aj in&iacute;. T&iacute;, ktor&iacute; naroden&eacute;ho Je\u017ei&scaron;a Krista neprijali. To je t&aacute; druh&aacute; skuto\u010dnos\u0165.&nbsp;<\/span><\/p>\n<p style=\"margin: 0.0px 0.0px 0.0px 0.0px; font: 16.0px Helvetica; min-height: 19.0px\"><span style=\"letter-spacing: 0.0px\">&nbsp; &nbsp; &nbsp;<\/span><\/p>\n<p style=\"margin: 0.0px 0.0px 0.0px 0.0px; font: 16.0px Helvetica\"><span style=\"letter-spacing: 0.0px\">&nbsp; &nbsp; &nbsp; Iste\u017ee, v\u017edy boli, a s&uacute; aj dnes \u013eudia, ktor&iacute; o \u0147om nepo\u010duli, ktor&iacute; nevedia, \u017ee <i>&ldquo;svetlo pri&scaron;lo na svet<\/i>&rdquo;. P&iacute;smo sv&auml;t&eacute;, ale aj na&scaron;e sk&uacute;senosti a dejiny cirkvi hovoria o tom, \u017ee trvalo neutr&aacute;lni \u013eudia vo vz\u0165ahu ku Kristu nie s&uacute;. V istej chv&iacute;li sa \u010dlovek mus&iacute; rozhodn&uacute;\u0165. Bu\u010f s Kristom, alebo proti Nemu. Bu\u010f s Jeho cirkvou, ktorej je On P&aacute;nom a Hlavou, alebo proti nej. Bu\u010f \u010dlovek <i>&ldquo;zhroma\u017e\u010fuje s Je\u017ei&scaron;om, alebo rozpty\u013euje&#8230;&rdquo;. <\/i>Tich&aacute;, sv&auml;t&aacute; noc sa skon\u010dila r&aacute;nom a d\u0148om, v ktorom za\u010d&iacute;na &ldquo;triedenie duchov&rdquo;. Bu\u010f \u010dlovek spozn&aacute; a uzn&aacute;, \u017ee potrebuje Spasite\u013ea, Z&aacute;chrancu a v&iacute;ta Ho, oslavuje Jeho narodenie a potom aj ukri\u017eovanie a vzkriesenie, alebo Ho odmietne&#8230;<b>Herodes Ve\u013ek&yacute; <\/b>sa stal prv&yacute;m zn&aacute;mym predstavite\u013eom t&yacute;ch, \u010do Je\u017ei&scaron;a ako P&aacute;na odmietli. Jeho konanie hovor&iacute; jasnou re\u010du o tom, \u010do znamen&aacute; star&eacute;, neobrezan&eacute; srdce \u010dloveka. Toti\u017e: nen&aacute;vis\u0165, strach a ni\u010denie \u017eivota v akejko\u013evek podobe. Cirkev do viano\u010dn&yacute;ch dn&iacute; pr&aacute;vom zhrnula aj sviatok s n&aacute;zvom<b> ML&Aacute;\u010eA\u0164K&Aacute;.<\/b> Je spomienkou na nevinn&eacute; deti, povra\u017eden&eacute; Herodesom v Betleheme. Obe\u0165 ich \u017eivotov pre Krista neznamen&aacute; v&scaron;ak ich ve\u010dn&eacute; zahynutie, lebo <b>Je\u017ei&scaron; aj pre ne, tak ako pre &Scaron;tefana otvoril nebo<\/b>. Prorock&yacute;m poh\u013eadom apo&scaron;tol J&aacute;n vid&iacute; v nebi so z&aacute;stupmi anjelov <i>&ldquo;velik&yacute; z&aacute;stup so v&scaron;etk&yacute;ch n&aacute;rodov, kme\u0148ov, \u013eud&iacute; a jazykov, ktor&yacute;ch nikto nemohol spo\u010d&iacute;ta\u0165&rdquo;.<\/i> I tie nemuv\u0148at&aacute; s&uacute; iste v tomto z&aacute;stupe, spolu s mnoh&yacute;mi zn&aacute;mymi Bo\u017e&iacute;mi synmi a dc&eacute;rami z \u013eudu SZ, spolu s dvan&aacute;stimi apo&scaron;tolmi, evanjelistami a \u013eu\u010fmi p&ocirc;vodne z pohansk&yacute;ch n&aacute;rodov.<\/span><\/p>\n<p style=\"margin: 0.0px 0.0px 0.0px 0.0px; font: 16.0px Helvetica; min-height: 19.0px\">&nbsp;<\/p>\n<p style=\"margin: 0.0px 0.0px 0.0px 0.0px; font: 16.0px Helvetica\"><span style=\"letter-spacing: 0.0px\">&nbsp;&nbsp; &nbsp; Bratia a sestry v P&aacute;novi Je\u017ei&scaron;ovi Kristovi!<\/span><\/p>\n<p style=\"margin: 0.0px 0.0px 0.0px 0.0px; font: 16.0px Helvetica\"><span style=\"letter-spacing: 0.0px\">&nbsp;&nbsp; &nbsp; My, tu na zemi, v cirkvi putuj&uacute;cej a bojuj&uacute;cej podliehame neraz poku&scaron;eniu &#8211; spo\u010d&iacute;ta\u0165 sa. Zisti\u0165, ko\u013eko n&aacute;s vlastne je&#8230;evanjelikov, ko\u013eko je in&yacute;ch kres\u0165anov. Ko\u013eko z nich plat&iacute; cirkevn&yacute; pr&iacute;spevok, ko\u013ek&iacute; by prispeivali na cirkev a neodsko\u010dili by, ak by pri&scaron;lo k odluke financovania cirkvi od &scaron;t&aacute;tu&#8230;Ko\u013eko by ostalo vern&yacute;ch, ko\u013eko sl&uacute;\u017eiacich diakonov, ko\u013eko presbyterov, dozorcov, ko\u013eko far&aacute;rov&nbsp; a kapl&aacute;nov at\u010f. Aj neprajn&iacute;ci cirkvi sa radi a horlivo s\u010dituj&uacute; a prepo\u010d&iacute;tavaj&uacute; aj na&scaron;e rady: ko\u013eko je vlastne t&yacute;ch kres\u0165anov?<\/span><\/p>\n<p style=\"margin: 0.0px 0.0px 0.0px 0.0px; font: 16.0px Helvetica\"><span style=\"letter-spacing: 0.0px\">Poh\u013ead do otvoren&eacute;ho neba v&scaron;ak ukazuje, \u017ee nie je \u013eahk&eacute; spo\u010d&iacute;ta\u0165 cirkev P&aacute;na Je\u017ei&scaron;a Krista. Jednak preto, \u017ee nikto z \u013eud&iacute; nevid&iacute; do vn&uacute;tra in&eacute;ho \u010dloveka, okrem P&aacute;na Boha a Toho, ktor&yacute; sed&iacute; na tr&oacute;ne &#8211;&nbsp; Bar&aacute;nka Bo\u017eieho.&nbsp;<\/span><\/p>\n<p style=\"margin: 0.0px 0.0px 0.0px 0.0px; font: 16.0px Helvetica\"><span style=\"letter-spacing: 0.0px\">&nbsp; &nbsp; &nbsp; My v&scaron;ak pri vysloven&iacute; slov: &ldquo;Jeho cirkev&rdquo;, m&aacute;me myslie\u0165 aj na t&yacute;ch, ktor&iacute; s&uacute; u\u017e osl&aacute;ven&iacute;. Tu sme v\u017edy v men&scaron;ine. Sme iba mal&eacute; st&aacute;do\u010dko. Cirkev, ako spolo\u010denstvo sv&auml;t&yacute;ch je v&scaron;ak aj spolo\u010denstvom osl&aacute;ven&yacute;ch. Ono st&aacute;le rastie, aj ke\u010f tu na zemi sa po\u010det cirkvi putuj&uacute;cej m&ocirc;\u017ee zmen&scaron;ova\u0165. V\u017edy v&scaron;ak plat&iacute;, \u017ee t&iacute;, \u010do neprij&iacute;maj&uacute; Krista ako P&aacute;na, hyn&uacute;. Smeruj&uacute; k ve\u010dnej smrti. Svojich vyznava\u010dov a slu\u017eobn&iacute;kov vedie P&aacute;n do spolo\u010denstva, ktor&eacute; trv&aacute; a rastie. Na tento s\u013eub P&aacute;nov nem&aacute;me zab&uacute;da\u0165. J&aacute;n n&aacute;s upozor\u0148uje&nbsp; na toto nov&eacute; spolo\u010denstvo &ldquo;<i>oble\u010den&yacute;ch do bieleho r&uacute;cha, s palmami v&iacute;\u0165aztva v ruk&aacute;ch<\/i>&rdquo; a s volan&iacute;m na per&aacute;ch: <i>&ldquo;Spasenie n&aacute;&scaron;mu Bohu, ktor&yacute; sed&iacute; na tr&oacute;ne a Bar&aacute;nkovi&rdquo;. <\/i>T&yacute;ch, \u010do Je\u017ei&scaron;a ako Bar&aacute;nka Bo\u017eieho, ktor&yacute; sn&iacute;ma hriech sveta prijali, On oblieka do bieleho r&uacute;cha a poz&yacute;va k ve\u010dnej radosti.<\/span><\/p>\n<p style=\"margin: 0.0px 0.0px 0.0px 0.0px; font: 16.0px Helvetica; min-height: 19.0px\"><span style=\"letter-spacing: 0.0px\">&nbsp; &nbsp; &nbsp;<\/span><\/p>\n<p style=\"margin: 0.0px 0.0px 0.0px 0.0px; font: 16.0px Helvetica\"><span style=\"letter-spacing: 0.0px\">&nbsp; &nbsp; &nbsp; Bratia a sestry, dnes je e&scaron;te v cirkvi a v krajine de\u0148 sviato\u010dn&eacute;ho odpo\u010dinku. V&scaron;etci zdanlivo st&aacute;le sv&auml;tia Vianoce a oslavuj&uacute;&nbsp; viano\u010dn&yacute; Dar. V skuto\u010dnosti ale sl&aacute;via len t&iacute;, \u010do Je\u017ei&scaron;a prijali a sl&uacute;\u017eia Mu u\u017e tu a teraz. Pozn&aacute;me na&scaron;u liturgiu, na&scaron;e piesne, hymny, koledy oslavuj&uacute;ce naroden&eacute;ho Je\u017ei&scaron;a. My v&scaron;ak smieme&nbsp; a m&aacute;me po\u010du\u0165 a prija\u0165 nie\u010do aj z tej nebeskej liturgie a oslavy. My sa m&aacute;me nau\u010di\u0165 spieva\u0165 u\u017e tu najm&auml; ten refr&eacute;n, ktor&yacute; zneje z neba a ktor&yacute; hovor&iacute; o v\u010fake za dar sp&aacute;sy. <i>&ldquo;Amen! Dobrore\u010denie, a sl&aacute;va a m&uacute;dros\u0165 a v\u010faka a \u010des\u0165 a moc a sila n&aacute;&scaron;mu Bohu na veky vekov. Amen.&rdquo; <\/i>Niektor&iacute; v cirkvi by chceli v\u017edy nov&eacute; a nov&eacute; spevn&iacute;ky, mel&oacute;die&nbsp; a piesne. Pokia\u013e sa narodia b&aacute;snici a hudobn&iacute;ci s darom tvori\u0165- ni\u010d tomu nebr&aacute;ni. Ide len o to, aby na&scaron;e piesne, hymny a cel&aacute; liturgia obsahovo s&uacute;visela a nadv&auml;zovala na t&uacute; nebesk&uacute;.&nbsp;<\/span><\/p>\n<p style=\"margin: 0.0px 0.0px 0.0px 0.0px; font: 16.0px Helvetica; min-height: 19.0px\"><span style=\"letter-spacing: 0.0px\">&nbsp;&nbsp; &nbsp;<\/span><\/p>\n<p style=\"margin: 0.0px 0.0px 0.0px 0.0px; font: 16.0px Helvetica\"><span style=\"letter-spacing: 0.0px\">&nbsp;&nbsp; &nbsp;<b> K \u017eivotu cirkvi P&aacute;na Je\u017ei&scaron;a Krista patria dve veci. Oslava Bar&aacute;nka, ale aj praktick&aacute; slu\u017eba v&scaron;edn&eacute;ho d\u0148a.<\/b> U\u017e zajtra op&auml;\u0165 za\u010dn&uacute; be\u017en&eacute;, pracovn&eacute; dni a povinnosti pre mnoh&yacute;ch a bud&uacute; pokra\u010dova\u0165 aj v novom roku. Kres\u0165anom m&aacute; &iacute;s\u0165 o to, aby sme&nbsp; rados\u0165 z prijat&eacute;ho evanjelia pren&aacute;&scaron;ali do \u017eivota v&scaron;edn&eacute;ho d\u0148a, naplnen&eacute;ho pr&aacute;cami a slu\u017ebou bl&iacute;\u017enym. Ale aj o to, aby n&aacute;&scaron; \u017eivot smeroval k cie\u013eu, ktor&yacute;m je pripojenie sa k t&yacute;m ve\u013ek&yacute;m z&aacute;stupom P&aacute;na sl&aacute;viacich v nebi!&nbsp; Na&scaron;&iacute;m cie\u013eom je pritom trval&aacute; &uacute;\u010das\u0165 na oslave Bar&aacute;nka v nebesiach.<\/span><\/p>\n<p style=\"margin: 0.0px 0.0px 0.0px 0.0px; font: 16.0px Helvetica; min-height: 19.0px\"><span style=\"letter-spacing: 0.0px\">&nbsp;&nbsp; &nbsp;<\/span><\/p>\n<p style=\"margin: 0.0px 0.0px 0.0px 0.0px; font: 16.0px Helvetica\"><span style=\"letter-spacing: 0.0px\">&nbsp;&nbsp; &nbsp; Pam&auml;tajme na sk&uacute;senos\u0165 cirkvi, \u017ee cesta vpred a hore nebola a nebude bez n&aacute;mahy, bez obet&iacute; a mo\u017eno aj bez s&uacute;\u017eenia. <b>Diakon &Scaron;tefan <\/b>patr&iacute; k t&yacute;m, ktor&yacute; si svoj&iacute;m \u017eivotom skrze dar Ducha sv&auml;t&eacute;ho &ldquo;<i>opral svoje r&uacute;cho v krvi Bar&aacute;nkovej&rdquo;, <\/i>preto nec&uacute;vol ani pred mu\u010den&iacute;ckou smr\u0165ou, vidiac nebo otvoren&eacute; a Syna Bo\u017eieho na pravici moci Bo\u017eej. &nbsp;<\/span><\/p>\n<p style=\"margin: 0.0px 0.0px 0.0px 0.0px; font: 16.0px Helvetica\"><span style=\"letter-spacing: 0.0px\">&nbsp; &nbsp; K zbieleniu n&aacute;&scaron;ho r&uacute;cha, k oble\u010deniu r&uacute;cha spravodlivosti nesta\u010d&iacute; na&scaron;a krv. To, \u010do o\u010dis\u0165uje r&uacute;cho \u017eivota pozna\u010den&eacute; hriechom je krv Je\u017ei&scaron;a Krista, Bar&aacute;nka Bo\u017eieho. Dnes je tu \u010das&nbsp; a mo\u017enos\u0165 aj pre n&aacute;s, prija\u0165 krv Bar&aacute;nkovu spolu s Jeho telom. Pr&iacute;jmime ju s v\u010fakou a s pravou n&aacute;dejou na \u017eivot ve\u010dn&yacute;. Pripojme na&scaron;e srdcia a hlasy k z&aacute;stupom anjelsk&yacute;ch bytost&iacute; a k t&yacute;m, \u010do Mu sl&uacute;\u017eia d\u0148om i nocou pred Jeho tr&oacute;nom v Jeho chr&aacute;me. Nech n&aacute;s nedesia nijak&eacute; hrozby sveta a neprajn&iacute;kov, ale nasledujme vieru diakonov na \u010dele so &Scaron;tefanom. Nasledujme tak hlas n&aacute;m naroden&eacute;ho dobr&eacute;ho Pastiera a biskupa na&scaron;ich du&scaron;&iacute;. V sile viano\u010dnej radosti, vo viere a l&aacute;ske \u017eime k Jeho sl&aacute;ve u\u017e dnes a potom naveky. Dokazujme sa ako vern&iacute; P&aacute;novi na ka\u017edom mieste:&nbsp; v rodin&aacute;ch, na vinici P&aacute;novej, v pr&aacute;cach svojho povolania.&nbsp;<\/span><\/p>\n<p style=\"margin: 0.0px 0.0px 0.0px 0.0px; font: 16.0px Helvetica\"><span style=\"letter-spacing: 0.0px\">&nbsp;&nbsp; &nbsp; <i>&ldquo;Nebo otvoren&eacute;, Sl&aacute;va Bohu sl&aacute;va!&nbsp;<\/i><\/span><\/p>\n<p style=\"margin: 0.0px 0.0px 0.0px 0.0px; font: 16.0px Helvetica\"><span style=\"letter-spacing: 0.0px\"><i>&nbsp; &nbsp; &nbsp; Pr&aacute;por Kristov veje, v sv&auml;t&yacute; boj zvol&aacute;va.<\/i><\/span><\/p>\n<p style=\"margin: 0.0px 0.0px 0.0px 0.0px; font: 16.0px Helvetica\"><span style=\"letter-spacing: 0.0px\"><i>&nbsp; &nbsp; &nbsp; Pode\u0148 si sta\u0165 treba, pod n&iacute;m dosiahneme<\/i><\/span><\/p>\n<p style=\"margin: 0.0px 0.0px 0.0px 0.0px; font: 16.0px Helvetica\"><span style=\"letter-spacing: 0.0px\"><i>&nbsp; &nbsp; &nbsp; ve\u010dn&uacute; sl&aacute;vu neba&rdquo;. (ES 49, 5) Amen.<\/i><\/span><\/p>\n<p style=\"margin: 0.0px 0.0px 0.0px 0.0px; font: 16.0px Helvetica; min-height: 19.0px\">&nbsp;<\/p>\n<p style=\"margin: 0.0px 0.0px 0.0px 0.0px; font: 12.0px Helvetica\"><span style=\"font: 16.0px Helvetica; letter-spacing: 0.0px\"><i>&nbsp; &nbsp; &nbsp; &nbsp; &nbsp; &nbsp; &nbsp; &nbsp; &nbsp; &nbsp; &nbsp; &nbsp; &nbsp; &nbsp; &nbsp; &nbsp;<\/i><\/span><span style=\"letter-spacing: 0.0px\"><i>2.sl&aacute;vnos\u0165 viano\u010dn&aacute;-&nbsp; Sviatok mu\u010den&iacute;ka &Scaron;tefana- Rovensko, Soboti&scaron;te 2011 &#8211; \u013d.Batka st.<\/i><\/span><\/p>\n","protected":false},"excerpt":{"rendered":"<p>&nbsp;&nbsp; &nbsp; &nbsp; &nbsp; &nbsp; &nbsp; &nbsp; &nbsp; &nbsp; &nbsp; &nbsp; &nbsp; &nbsp; &nbsp; &nbsp; &nbsp; &nbsp; &nbsp;&nbsp; &nbsp; &nbsp; &nbsp; &nbsp; &nbsp; &nbsp; &nbsp; &nbsp; &nbsp; Mu\u010den&iacute;ka &Scaron;tefana Jak Ty &#8211; i my Kriste, Duchom nech sme \u017eiv&iacute;, V Tebe naroden&iacute; &#8211; pravdy \u017eiadostiv&iacute;, za \u0148u pracuj&uacute;ci, za \u0148u bojuj&uacute;ci&#8230; &Oacute;, zro\u010f sa dnes, &#8230; <a title=\"Mu\u010den\u00edka \u0160tefana\" class=\"read-more\" href=\"https:\/\/www.e-anjelik.sk\/index.php\/2012\/01\/12\/mucenika-stefana-2\/\" aria-label=\"Pre\u010d\u00edtajte si viac o Mu\u010den\u00edka \u0160tefana\">\u010c\u00edta\u0165 viac<\/a><\/p>\n","protected":false},"author":4,"featured_media":0,"comment_status":"open","ping_status":"open","sticky":false,"template":"","format":"standard","meta":{"footnotes":""},"categories":[121,95,159],"tags":[192],"class_list":["post-4037","post","type-post","status-publish","format-standard","hentry","category-kazne","category-sobotiste","category-vianoce","tag-kazen"],"_links":{"self":[{"href":"https:\/\/www.e-anjelik.sk\/index.php\/wp-json\/wp\/v2\/posts\/4037","targetHints":{"allow":["GET"]}}],"collection":[{"href":"https:\/\/www.e-anjelik.sk\/index.php\/wp-json\/wp\/v2\/posts"}],"about":[{"href":"https:\/\/www.e-anjelik.sk\/index.php\/wp-json\/wp\/v2\/types\/post"}],"author":[{"embeddable":true,"href":"https:\/\/www.e-anjelik.sk\/index.php\/wp-json\/wp\/v2\/users\/4"}],"replies":[{"embeddable":true,"href":"https:\/\/www.e-anjelik.sk\/index.php\/wp-json\/wp\/v2\/comments?post=4037"}],"version-history":[{"count":0,"href":"https:\/\/www.e-anjelik.sk\/index.php\/wp-json\/wp\/v2\/posts\/4037\/revisions"}],"wp:attachment":[{"href":"https:\/\/www.e-anjelik.sk\/index.php\/wp-json\/wp\/v2\/media?parent=4037"}],"wp:term":[{"taxonomy":"category","embeddable":true,"href":"https:\/\/www.e-anjelik.sk\/index.php\/wp-json\/wp\/v2\/categories?post=4037"},{"taxonomy":"post_tag","embeddable":true,"href":"https:\/\/www.e-anjelik.sk\/index.php\/wp-json\/wp\/v2\/tags?post=4037"}],"curies":[{"name":"wp","href":"https:\/\/api.w.org\/{rel}","templated":true}]}}