{"id":4040,"date":"2012-01-12T12:04:06","date_gmt":"2012-01-12T12:04:06","guid":{"rendered":"http:\/\/e-anjelik.sk\/?p=4040"},"modified":"2012-01-12T12:04:06","modified_gmt":"2012-01-12T12:04:06","slug":"fararka-pri-cervenom-mori","status":"publish","type":"post","link":"https:\/\/www.e-anjelik.sk\/index.php\/2012\/01\/12\/fararka-pri-cervenom-mori\/","title":{"rendered":"Far\u00e1rka pri \u010cervenom mori"},"content":{"rendered":"<p>Od leta m.r. je zriaden&aacute; k\u0148azsk&aacute; stanica zahrani\u010dn&eacute;ho ev. zboru EKD v egyptskom centre turizmu -Hurghade. M&aacute; 29-rokov a vol&aacute; sa Eva Gabra. Okolo seba zhroma\u017e\u010fuje deti, d&ocirc;chodcov, turistov. V Hurghade a okol&iacute; \u017eije trvalo do 7 tis&iacute;c Nemcov. Pracuj&uacute; v hoteloch a &scaron;kol&aacute;ch pre pot&aacute;panie. Trvalo s&uacute; tu usaden&iacute; aj nemeck&iacute; d&ocirc;chodcovia. Osobitn&uacute; &uacute;lohu zohr&aacute;va pre \u0148u pastoriz&aacute;cia nemeck&yacute;ch \u017eien, vydat&yacute;ch za moslimov. Niektor&eacute; konvertovali na islam, in&eacute; si ponechali svoju kres\u0165ansk&uacute; vieru, no ich viera a povedomie je ve\u013emi chab&aacute;. A tu pom&aacute;ha Eva Gabra, lebo sama pozn&aacute; zmie&scaron;an&eacute; man\u017eelstvo s cudzincom &#8211; Egyp\u0165anom. Pravda ,jej man\u017eel je Kopt a je tie\u017e far&aacute;rom. Na starosti m&aacute; koptsk&yacute; ev. zbor v Hurhade. Probl&eacute;my s&uacute; zatia\u013e s b&yacute;van&iacute;m a miestom pre bohoslu\u017eby. Nateraz sa kon&aacute;vaj&uacute; v z&aacute;hrade honor&aacute;rneho nem. konzul&aacute;tu v Hurghade.<\/p>\n<p>(<a href=\"http:\/\/www.ekd.de\">www.ekd.de<\/a>)<\/p>\n","protected":false},"excerpt":{"rendered":"<p>Od leta m.r. je zriaden&aacute; k\u0148azsk&aacute; stanica zahrani\u010dn&eacute;ho ev. zboru EKD v egyptskom centre turizmu -Hurghade. M&aacute; 29-rokov a vol&aacute; sa Eva Gabra. Okolo seba zhroma\u017e\u010fuje deti, d&ocirc;chodcov, turistov. V Hurghade a okol&iacute; \u017eije trvalo do 7 tis&iacute;c Nemcov. Pracuj&uacute; v hoteloch a &scaron;kol&aacute;ch pre pot&aacute;panie. Trvalo s&uacute; tu usaden&iacute; aj nemeck&iacute; d&ocirc;chodcovia. Osobitn&uacute; &uacute;lohu &#8230; <a title=\"Far\u00e1rka pri \u010cervenom mori\" class=\"read-more\" href=\"https:\/\/www.e-anjelik.sk\/index.php\/2012\/01\/12\/fararka-pri-cervenom-mori\/\" aria-label=\"Pre\u010d\u00edtajte si viac o Far\u00e1rka pri \u010cervenom mori\">\u010c\u00edta\u0165 viac<\/a><\/p>\n","protected":false},"author":22,"featured_media":0,"comment_status":"open","ping_status":"open","sticky":false,"template":"","format":"standard","meta":{"footnotes":""},"categories":[1],"tags":[],"class_list":["post-4040","post","type-post","status-publish","format-standard","hentry","category-adventna-modlitba"],"_links":{"self":[{"href":"https:\/\/www.e-anjelik.sk\/index.php\/wp-json\/wp\/v2\/posts\/4040","targetHints":{"allow":["GET"]}}],"collection":[{"href":"https:\/\/www.e-anjelik.sk\/index.php\/wp-json\/wp\/v2\/posts"}],"about":[{"href":"https:\/\/www.e-anjelik.sk\/index.php\/wp-json\/wp\/v2\/types\/post"}],"author":[{"embeddable":true,"href":"https:\/\/www.e-anjelik.sk\/index.php\/wp-json\/wp\/v2\/users\/22"}],"replies":[{"embeddable":true,"href":"https:\/\/www.e-anjelik.sk\/index.php\/wp-json\/wp\/v2\/comments?post=4040"}],"version-history":[{"count":0,"href":"https:\/\/www.e-anjelik.sk\/index.php\/wp-json\/wp\/v2\/posts\/4040\/revisions"}],"wp:attachment":[{"href":"https:\/\/www.e-anjelik.sk\/index.php\/wp-json\/wp\/v2\/media?parent=4040"}],"wp:term":[{"taxonomy":"category","embeddable":true,"href":"https:\/\/www.e-anjelik.sk\/index.php\/wp-json\/wp\/v2\/categories?post=4040"},{"taxonomy":"post_tag","embeddable":true,"href":"https:\/\/www.e-anjelik.sk\/index.php\/wp-json\/wp\/v2\/tags?post=4040"}],"curies":[{"name":"wp","href":"https:\/\/api.w.org\/{rel}","templated":true}]}}