{"id":4043,"date":"2012-01-13T08:17:56","date_gmt":"2012-01-13T08:17:56","guid":{"rendered":"http:\/\/e-anjelik.sk\/?p=4043"},"modified":"2012-01-13T08:17:56","modified_gmt":"2012-01-13T08:17:56","slug":"humanisti-kritizuju-biblicku-zvest-na-rychlodrahe-v-stuttgarte","status":"publish","type":"post","link":"https:\/\/www.e-anjelik.sk\/index.php\/2012\/01\/13\/humanisti-kritizuju-biblicku-zvest-na-rychlodrahe-v-stuttgarte\/","title":{"rendered":"Humanisti kritizuj\u00fa biblick\u00fa zves\u0165 na r\u00fdchlodr\u00e1he v Stuttgarte"},"content":{"rendered":"<p>Humanistick&aacute; organiz&aacute;cia v Nemecku (ateisti) na \u010dele s jej ved&uacute;cim Carstenom Frerkom kritizovala v tla\u010di skuto\u010dnos\u0165, \u017ee vo voz\u0148och r&yacute;chlodr&aacute;hy v &Scaron;tuttgarte s&uacute; na okn&aacute;ch nalepen&eacute; plag&aacute;ty s cit&aacute;tmi z Biblie, napr. &quot; Kto po\u010d&uacute;va moje slov&aacute; a kon&aacute; pod\u013ea nich , je m&uacute;dry.&quot; alebo &quot; Obr&aacute;\u0165 sa ku svojmu Bohu!&quot; . Frerk obvi\u0148uje Plag&aacute;tov&uacute; misiu, ktor&aacute; je za touto \u010dinnos\u0165ou, \u017ee je to agres&iacute;vna,fundamentalistick&aacute; organiz&aacute;cia&nbsp;,ktorej ch&aacute;padl&aacute; id&uacute; a\u017e do parlamentu, do m&eacute;di&iacute; a do &scaron;k&ocirc;l. Plag&aacute;ty vraj zabr&aacute;\u0148uj&uacute; vo v&yacute;h\u013eade cestuj&uacute;cim a ich vylepenie je bez s&uacute;hlasu \u017eelezn&iacute;c. Pravda je v&scaron;ak tak&aacute;, \u017ee Plag&aacute;tov&aacute; misia je \u010dinn&aacute; od roku 1972, kedy ju zalo\u017eili \u010dlenovia Evanjelickej krajinskej cirkvi vo Wuerttembersku. U\u017e 20 rokov spolupracuje aj s Nemeck&yacute;mi dr&aacute;hami na z&aacute;klade dohody o reklame.Finan\u010dn&eacute; prostriedky prich&aacute;dzaj&uacute; \u010diasto\u010dne od Vrchnej cirkevnej rady, ale aj od \u010dlenov krajinskej a slobodn&yacute;ch cirkv&iacute;. Nejde teda o fundamentalistick&uacute; slobodn&uacute; cirkev.<\/p>\n<p>(<a href=\"http:\/\/www.idea.de\">www.idea.de<\/a>)<\/p>\n","protected":false},"excerpt":{"rendered":"<p>Humanistick&aacute; organiz&aacute;cia v Nemecku (ateisti) na \u010dele s jej ved&uacute;cim Carstenom Frerkom kritizovala v tla\u010di skuto\u010dnos\u0165, \u017ee vo voz\u0148och r&yacute;chlodr&aacute;hy v &Scaron;tuttgarte s&uacute; na okn&aacute;ch nalepen&eacute; plag&aacute;ty s cit&aacute;tmi z Biblie, napr. &quot; Kto po\u010d&uacute;va moje slov&aacute; a kon&aacute; pod\u013ea nich , je m&uacute;dry.&quot; alebo &quot; Obr&aacute;\u0165 sa ku svojmu Bohu!&quot; . Frerk obvi\u0148uje Plag&aacute;tov&uacute; &#8230; <a title=\"Humanisti kritizuj\u00fa biblick\u00fa zves\u0165 na r\u00fdchlodr\u00e1he v Stuttgarte\" class=\"read-more\" href=\"https:\/\/www.e-anjelik.sk\/index.php\/2012\/01\/13\/humanisti-kritizuju-biblicku-zvest-na-rychlodrahe-v-stuttgarte\/\" aria-label=\"Pre\u010d\u00edtajte si viac o Humanisti kritizuj\u00fa biblick\u00fa zves\u0165 na r\u00fdchlodr\u00e1he v Stuttgarte\">\u010c\u00edta\u0165 viac<\/a><\/p>\n","protected":false},"author":22,"featured_media":0,"comment_status":"open","ping_status":"open","sticky":false,"template":"","format":"standard","meta":{"footnotes":""},"categories":[1],"tags":[234],"class_list":["post-4043","post","type-post","status-publish","format-standard","hentry","category-adventna-modlitba","tag-zdruzenia-a-skupiny"],"_links":{"self":[{"href":"https:\/\/www.e-anjelik.sk\/index.php\/wp-json\/wp\/v2\/posts\/4043","targetHints":{"allow":["GET"]}}],"collection":[{"href":"https:\/\/www.e-anjelik.sk\/index.php\/wp-json\/wp\/v2\/posts"}],"about":[{"href":"https:\/\/www.e-anjelik.sk\/index.php\/wp-json\/wp\/v2\/types\/post"}],"author":[{"embeddable":true,"href":"https:\/\/www.e-anjelik.sk\/index.php\/wp-json\/wp\/v2\/users\/22"}],"replies":[{"embeddable":true,"href":"https:\/\/www.e-anjelik.sk\/index.php\/wp-json\/wp\/v2\/comments?post=4043"}],"version-history":[{"count":0,"href":"https:\/\/www.e-anjelik.sk\/index.php\/wp-json\/wp\/v2\/posts\/4043\/revisions"}],"wp:attachment":[{"href":"https:\/\/www.e-anjelik.sk\/index.php\/wp-json\/wp\/v2\/media?parent=4043"}],"wp:term":[{"taxonomy":"category","embeddable":true,"href":"https:\/\/www.e-anjelik.sk\/index.php\/wp-json\/wp\/v2\/categories?post=4043"},{"taxonomy":"post_tag","embeddable":true,"href":"https:\/\/www.e-anjelik.sk\/index.php\/wp-json\/wp\/v2\/tags?post=4043"}],"curies":[{"name":"wp","href":"https:\/\/api.w.org\/{rel}","templated":true}]}}