{"id":4044,"date":"2012-01-13T09:02:41","date_gmt":"2012-01-13T09:02:41","guid":{"rendered":"http:\/\/e-anjelik.sk\/?p=4044"},"modified":"2012-01-13T09:02:41","modified_gmt":"2012-01-13T09:02:41","slug":"nova-statistika-ekd-o-zivote-v-cirkvi","status":"publish","type":"post","link":"https:\/\/www.e-anjelik.sk\/index.php\/2012\/01\/13\/nova-statistika-ekd-o-zivote-v-cirkvi\/","title":{"rendered":"Nov\u00e1 \u0161tatistika EKD o \u017eivote v cirkvi"},"content":{"rendered":"<p>Nechu\u0165 protestantov k n&aacute;v&scaron;teve bohoslu\u017eieb sa zv&yacute;&scaron;ila. K&yacute;m v r. 2009 to bolo e&scaron;te 922 388 &#8211; 3,8%, roku 2010 to bolo u\u017e len 862 504, \u010do je 3,6% ro\u010dne.Najvy&scaron;&scaron;ia n&aacute;v&scaron;teva je v Sasku, Wuerttembersku a Anhaltsku, k&yacute;m najni\u017e&scaron;ia v cirkv&aacute;ch severn&eacute;ho Nemecka.&nbsp; Na &Scaron;tedr&yacute; ve\u010der pri&scaron;lo do kostola najviac \u010dlenov, okolo tretiny zap&iacute;san&yacute;ch, k&yacute;m na Ve\u013ek&yacute; piatok iba 4,4%. Po\u010det \u010dlenov cirkvi r. 2010 bol 23,9 mili&oacute;na, rok predt&yacute;m 24,2 mili&oacute;na. V&scaron;etci protestanti tvoria 29,2% obyvate\u013eov Nemecka, r&iacute;mski katol&iacute;ci 30,2 %, bez vyznania 33,1%. Popri tom je 4,9 % moslimov a 1,5% pravosl&aacute;vnych kres\u0165anov. Po\u010det vystupuj&uacute;cich z ev. cirkvi r. 2010 poklesol.Toto \u010d&iacute;slo je 145.250 os&ocirc;b. Do ev. cirkvi prist&uacute;pilo 56.905 os&ocirc;b, z toho je 12.530 b&yacute;val&yacute;ch r&iacute;mskych katol&iacute;kov, \u010do je o 3 tis&iacute;c viacej ako rok predt&yacute;m.<\/p>\n<p>(<a href=\"http:\/\/www.kirche-mv.de\">www.kirche-mv.de<\/a>)<\/p>\n","protected":false},"excerpt":{"rendered":"<p>Nechu\u0165 protestantov k n&aacute;v&scaron;teve bohoslu\u017eieb sa zv&yacute;&scaron;ila. K&yacute;m v r. 2009 to bolo e&scaron;te 922 388 &#8211; 3,8%, roku 2010 to bolo u\u017e len 862 504, \u010do je 3,6% ro\u010dne.Najvy&scaron;&scaron;ia n&aacute;v&scaron;teva je v Sasku, Wuerttembersku a Anhaltsku, k&yacute;m najni\u017e&scaron;ia v cirkv&aacute;ch severn&eacute;ho Nemecka.&nbsp; Na &Scaron;tedr&yacute; ve\u010der pri&scaron;lo do kostola najviac \u010dlenov, okolo tretiny zap&iacute;san&yacute;ch, k&yacute;m &#8230; <a title=\"Nov\u00e1 \u0161tatistika EKD o \u017eivote v cirkvi\" class=\"read-more\" href=\"https:\/\/www.e-anjelik.sk\/index.php\/2012\/01\/13\/nova-statistika-ekd-o-zivote-v-cirkvi\/\" aria-label=\"Pre\u010d\u00edtajte si viac o Nov\u00e1 \u0161tatistika EKD o \u017eivote v cirkvi\">\u010c\u00edta\u0165 viac<\/a><\/p>\n","protected":false},"author":22,"featured_media":0,"comment_status":"open","ping_status":"open","sticky":false,"template":"","format":"standard","meta":{"footnotes":""},"categories":[9,10],"tags":[],"class_list":["post-4044","post","type-post","status-publish","format-standard","hentry","category-europa","category-zo-sveta"],"_links":{"self":[{"href":"https:\/\/www.e-anjelik.sk\/index.php\/wp-json\/wp\/v2\/posts\/4044","targetHints":{"allow":["GET"]}}],"collection":[{"href":"https:\/\/www.e-anjelik.sk\/index.php\/wp-json\/wp\/v2\/posts"}],"about":[{"href":"https:\/\/www.e-anjelik.sk\/index.php\/wp-json\/wp\/v2\/types\/post"}],"author":[{"embeddable":true,"href":"https:\/\/www.e-anjelik.sk\/index.php\/wp-json\/wp\/v2\/users\/22"}],"replies":[{"embeddable":true,"href":"https:\/\/www.e-anjelik.sk\/index.php\/wp-json\/wp\/v2\/comments?post=4044"}],"version-history":[{"count":0,"href":"https:\/\/www.e-anjelik.sk\/index.php\/wp-json\/wp\/v2\/posts\/4044\/revisions"}],"wp:attachment":[{"href":"https:\/\/www.e-anjelik.sk\/index.php\/wp-json\/wp\/v2\/media?parent=4044"}],"wp:term":[{"taxonomy":"category","embeddable":true,"href":"https:\/\/www.e-anjelik.sk\/index.php\/wp-json\/wp\/v2\/categories?post=4044"},{"taxonomy":"post_tag","embeddable":true,"href":"https:\/\/www.e-anjelik.sk\/index.php\/wp-json\/wp\/v2\/tags?post=4044"}],"curies":[{"name":"wp","href":"https:\/\/api.w.org\/{rel}","templated":true}]}}