{"id":4046,"date":"2012-01-14T21:45:17","date_gmt":"2012-01-14T21:45:17","guid":{"rendered":"http:\/\/e-anjelik.sk\/?p=4046"},"modified":"2012-01-14T21:45:17","modified_gmt":"2012-01-14T21:45:17","slug":"verte-v-svetlo","status":"publish","type":"post","link":"https:\/\/www.e-anjelik.sk\/index.php\/2012\/01\/14\/verte-v-svetlo\/","title":{"rendered":"Verte v svetlo"},"content":{"rendered":"<p>&nbsp;<span class=\"Apple-style-span\" style=\"font-family: Helvetica; font-size: 16px; line-height: normal; \">&nbsp; &nbsp; &nbsp; &nbsp; &nbsp; &nbsp; &nbsp; &nbsp; &nbsp; &nbsp; &nbsp; &nbsp; &nbsp; &nbsp; &nbsp; &nbsp; &nbsp;<b>&nbsp; &nbsp; &nbsp; &nbsp; &nbsp; &nbsp; &nbsp; &nbsp; &nbsp; &nbsp; &nbsp;Verte v svetlo<\/b><\/span><\/p>\n<p style=\"margin: 0.0px 0.0px 0.0px 0.0px; font: 16.0px Helvetica\"><span style=\"letter-spacing: 0.0px\">Ty svetlo si, n&aacute;&scaron; Pane drah&yacute; &#8211;<\/span><\/p>\n<p style=\"margin: 0.0px 0.0px 0.0px 0.0px; font: 16.0px Helvetica\"><span style=\"letter-spacing: 0.0px\">Nu\u017e v Teba, svetlo, veri\u0165 chceme!<\/span><\/p>\n<p style=\"margin: 0.0px 0.0px 0.0px 0.0px; font: 16.0px Helvetica\"><span style=\"letter-spacing: 0.0px\">Ach pr&iacute;mi na&scaron;e v\u010faky, snahy-<\/span><\/p>\n<p style=\"margin: 0.0px 0.0px 0.0px 0.0px; font: 16.0px Helvetica\"><span style=\"letter-spacing: 0.0px\">Srdcia Ti svoje darujeme!<\/span><\/p>\n<p style=\"margin: 0.0px 0.0px 0.0px 0.0px; font: 16.0px Helvetica\"><span style=\"letter-spacing: 0.0px\">Ty svetlo si, n&aacute;&scaron; mil&yacute; Kriste,<\/span><\/p>\n<p style=\"margin: 0.0px 0.0px 0.0px 0.0px; font: 16.0px Helvetica\"><span style=\"letter-spacing: 0.0px\">Vo svetle daj n&aacute;m chodi\u0165 st&aacute;le &#8211;<\/span><\/p>\n<p style=\"margin: 0.0px 0.0px 0.0px 0.0px; font: 16.0px Helvetica\"><span style=\"letter-spacing: 0.0px\">Jak mudrci ma\u0165 t&uacute;\u017eby \u010dist&eacute;,<\/span><\/p>\n<p style=\"margin: 0.0px 0.0px 0.0px 0.0px; font: 16.0px Helvetica\"><span style=\"letter-spacing: 0.0px\">Nu\u017e svie\u0165 n&aacute;m, svetlo neskonal&eacute;! Amen.<\/span><\/p>\n<p style=\"margin: 0.0px 0.0px 0.0px 0.0px; font: 16.0px Helvetica; min-height: 19.0px\">&nbsp;<\/p>\n<p style=\"margin: 0.0px 0.0px 0.0px 0.0px; font: 16.0px Helvetica\"><span style=\"letter-spacing: 0.0px\"><b>J&aacute;n 12, 35-36:<\/b><\/span><\/p>\n<p style=\"margin: 0.0px 0.0px 0.0px 0.0px; font: 16.0px Helvetica\"><span style=\"letter-spacing: 0.0px\"><b>&nbsp;<\/b><i>&ldquo;Riekol im Je\u017ei&scaron;: E&scaron;te na kr&aacute;tky \u010das je svetlo medzi vami. Cho\u010fte, dokia\u013e&nbsp; m&aacute;te svetlo, aby v&aacute;s neprikva\u010dila tma; kto chod&iacute; v tme, nevie kam ide. (36) Dokia\u013e m&aacute;te svetlo, verte v svetlo, aby ste boli synovia svetla&rdquo;&#8230;Amen<\/i><\/span><\/p>\n<p style=\"margin: 0.0px 0.0px 0.0px 0.0px; font: 16.0px Helvetica; min-height: 19.0px\"><span style=\"letter-spacing: 0.0px\"><b><i>&nbsp; &nbsp;<\/i><\/b><\/span><\/p>\n<p style=\"margin: 0.0px 0.0px 0.0px 0.0px; font: 16.0px Helvetica\"><span style=\"letter-spacing: 0.0px\"><b>&nbsp;&nbsp;<\/b> Mil&iacute; bratia a sestry v narodenom P&aacute;novi Je\u017ei&scaron;ovi Kristovi!<\/span><\/p>\n<p style=\"margin: 0.0px 0.0px 0.0px 0.0px; font: 16.0px Helvetica; min-height: 19.0px\">&nbsp;<\/p>\n<p style=\"margin: 0.0px 0.0px 0.0px 0.0px; font: 16.0px Helvetica\"><span style=\"letter-spacing: 0.0px\">&nbsp;&nbsp; &nbsp; Dne&scaron;n&yacute; <b>sviatok, Zjavenie Krista P&aacute;na mudrcom<\/b> n&aacute;m pripom&iacute;na mocn&yacute; Bo\u017e&iacute; skutok, Bo\u017ee konanie a vyjavenie smeruj&uacute;ce k na&scaron;ej ve\u010dnej z&aacute;chrane. Toto vyjavenie Bo\u017eieho l&aacute;skav&eacute;ho srdca a Bo\u017eej milosti sme si za\u010dali spr&iacute;tom\u0148ova\u0165 u\u017e v advente, ktor&yacute; n&aacute;s trpezlivo a plynulo viedol k Vianociam. Niekto sl&aacute;vil Vianoce, sviatky narodenia P&aacute;na jede\u0148 de\u0148, \u010di dokonca len ve\u010der, niekto dva, ba i tri dni. Viacer&iacute; sa chceme k tomuto Bo\u017eiemu Daru vr&aacute;ti\u0165 aj dnes. A to nielen zo solidarity s kres\u0165anmi <b>v&yacute;chodn&eacute;ho obradu<\/b>, ktor&iacute; dnes bud&uacute; sv&auml;ti\u0165 &Scaron;tedr&yacute; ve\u010der a zajtra Bo\u017eie narodenie. Ve\u010f pr&aacute;ve v&yacute;chodn&iacute; kres\u0165ania ako prv&iacute; za\u010dali sl&aacute;vi\u0165 a pripom&iacute;na\u0165 v&yacute;znam vtelenia a narodenia Je\u017ei&scaron;a Krista. Hoci presn&yacute; d&aacute;tum narodenia P&aacute;na nepozn&aacute;me, ob&iacute;s\u0165 Bo\u017eie konanie v Je\u017ei&scaron;ovi nemo\u017eno. Jeho v&yacute;znam vyjadruje evanjelista a apo&scaron;tol J&aacute;n svedectvom: &rdquo; <i>Svetlo pri&scaron;lo na svet&rdquo;.<\/i> V dne&scaron;nom pre\u010d&iacute;tanom texte sme po\u010duli podobn&yacute; v&yacute;rok: &rdquo; <i>E&scaron;te kr&aacute;tky \u010das je svetlo medzi vami&rdquo;.<\/i>..<\/span><\/p>\n<p style=\"margin: 0.0px 0.0px 0.0px 0.0px; font: 16.0px Helvetica\"><span style=\"letter-spacing: 0.0px\">&nbsp;&nbsp; &nbsp; My, kres\u0165ania na Slovensku sme dedi\u010dia kres\u0165anskej misie, ktor&aacute; pri&scaron;la nielen zo z&aacute;padu, ale aj z v&yacute;chodu, z <b>Byzancie<\/b>. M&aacute;m na mysli misiu sol&uacute;\u0148skych bratov Cyrila a Metoda. To je v&scaron;ak iba vonkaj&scaron;ia str&aacute;nka t&yacute;kaj&uacute;ca sa z&aacute;kladov na&scaron;ej viery. D&ocirc;le\u017eit&eacute; je to, \u017ee pri&scaron;iel Spasite\u013e ako <b>Svetlo sveta<\/b>. V duchu dne&scaron;n&eacute;ho sviatku m&ocirc;\u017eeme poveda\u0165: pri&scaron;iel Kr&aacute;\u013e sl&aacute;vy. Nie traja mudrci s&uacute; d&ocirc;le\u017eit&iacute;, ale Ten, ktor&eacute;mu sa poklonili a ktor&yacute; je prav&yacute; Kr&aacute;\u013e. Nikto a ni\u010d by nemalo zatemni\u0165 Jeho sl&aacute;vu. Anjelsk&aacute; zves\u0165 v Betleheme to pripomenula takto: <i>&ldquo;Narodil sa v&aacute;m dnes Spasite\u013e, ktor&yacute; jej Kristus P&aacute;n!&rdquo; (Lk 2)<\/i>&nbsp; Naroden&yacute; P&aacute;n je Panovn&iacute;ko na&scaron;ich s\u0155dc, du&scaron;&iacute;, na&scaron;ich \u017eivotov. T&uacute; ist&uacute; pravdu by sme mohli vyjadri\u0165 aj ozna\u010den&iacute;m, \u010di pomenovan&iacute;m: Pastier .&nbsp;<\/span><\/p>\n<p style=\"margin: 0.0px 0.0px 0.0px 0.0px; font: 16.0px Helvetica\"><span style=\"letter-spacing: 0.0px\">&nbsp; &nbsp; Dnes sa v&scaron;ak slu&scaron;&iacute; a patr&iacute; zd&ocirc;razni\u0165 pr&aacute;ve to pomenovanie Kr&aacute;\u013e, lebo nebiblick&eacute; trad&iacute;cie st&aacute;le ve\u013emi silne zatie\u0148uj&uacute; t&uacute;to pravdu. V masovokomunika\u010dn&yacute;ch prostriedkoch v\u010dera i dnes bude znie\u0165 znova a znova &#8211; <i>sviatok troch kr&aacute;\u013eov<\/i>! Vern&iacute; P&iacute;smu sa tomu chceme a mus&iacute;me vzoprie\u0165.<\/span><\/p>\n<p style=\"margin: 0.0px 0.0px 0.0px 0.0px; font: 16.0px Helvetica\"><span style=\"letter-spacing: 0.0px\">&nbsp;&nbsp; Svet v\u017edy venoval svoju pozornos\u0165 r&ocirc;znym kr&aacute;\u013eom, p&aacute;nom a panovn&iacute;kom. Niektor&iacute; si vlastne v&ocirc;bec nezasl&uacute;\u017eia na&scaron;u pozornos\u0165 a &uacute;ctu&#8230; My ju chceme venova\u0165 Je\u017ei&scaron;ovi, P&aacute;novi p&aacute;nov a Kr&aacute;\u013eovi kr&aacute;\u013eov aj dnes. Nepatr&iacute; ani Herodesovi, aj ke\u010f jeho meno sa v P&iacute;sme spom&iacute;na. Av&scaron;ak, ako meno n&aacute;siln&iacute;ka, vraha a z&aacute;kern&eacute;ho \u010dloveka, ba\u017eiaceho po moci. Evanjelium sved\u010d&iacute;, \u017ee ke\u010f sa dozvedel o narode&iacute; nov&eacute;ho Kr&aacute;\u013ea Izraela, <i>&ldquo;zachvel sa a s n&iacute;m cel&yacute; Jeruzalem&rdquo;. <\/i>Jeruzalem\u010dania mali s n&iacute;m svoje sk&uacute;senosti&#8230;<\/span><\/p>\n<p style=\"margin: 0.0px 0.0px 0.0px 0.0px; font: 16.0px Helvetica\"><span style=\"letter-spacing: 0.0px\">&nbsp;&nbsp; &nbsp; O men&aacute;ch&nbsp; G + M + B&nbsp; P&iacute;smo ni\u010d nevie. Inak je to so zmienkou o mudrcoch. Od m&uacute;drych \u013eud&iacute; nie je hanba sa u\u010di\u0165. Dokonca aj v pr&iacute;pade, \u017ee boli p&ocirc;vodom pohania a astrol&oacute;govia. Dnes by mo\u017eno aj z nich boli dobr&iacute; astron&oacute;movia, vtedy v&scaron;ak nemohli a\u017e nato\u013eko predbehn&uacute;\u0165 svoju dobu&#8230;M&uacute;dri s&uacute; v&scaron;ak nielen pre svoje vedomosti o hviezdnatom nebi. Ale aj pre to, \u017ee neobetovali dary Herodesovi, neprejavili mu in&uacute;, ako povinn&uacute; pozornos\u0165. Preto pri&scaron;li a\u017e k Je\u017ei&scaron;ovi do Betlehema&nbsp; a obetuj&uacute; Mu svoje dary&#8230;<\/span><\/p>\n<p style=\"margin: 0.0px 0.0px 0.0px 0.0px; font: 16.0px Helvetica; min-height: 19.0px\">&nbsp;<\/p>\n<p style=\"margin: 0.0px 0.0px 0.0px 0.0px; font: 16.0px Helvetica\"><span style=\"letter-spacing: 0.0px\">&nbsp;&nbsp; D&ocirc;le\u017eit&eacute; v&scaron;ak je zistenie, \u017ee z Betlehema sa vracaj&uacute; inou cestou a najm&auml; s nov&yacute;m a spr&aacute;vnym pozna&iacute;m o narodenom Kr&aacute;\u013eovi \u017didov. Pochopili, \u017ee sa tu narodil niekto, kto je nielen kr&aacute;\u013eom \u017didov, ale aj pohanov. Na&scaron;li prav&eacute; svetlo \u017eivota, v ktorom kr&aacute;\u010daj&uacute; \u010falej. Preto vedia odkia\u013e vy&scaron;li a najm&auml;, kam sa m&ocirc;\u017eu vr&aacute;ti\u0165. Kam smeruje ich \u017eivot, ke\u010f na&scaron;li prav&eacute; svetlo \u017eivota a vedie ich Ten, ktor&yacute; je t&yacute;m svetlom. Stali sa synmi svetla, hoci p&ocirc;vodom pohania, a to je pre n&aacute;s d&ocirc;le\u017eit&eacute; zistenie.<\/span><\/p>\n<p style=\"margin: 0.0px 0.0px 0.0px 0.0px; font: 16.0px Helvetica\"><span style=\"letter-spacing: 0.0px\">&nbsp;&nbsp; &nbsp; Aj my, hoci nie sme pr&iacute;slu&scaron;n&iacute;ci vyvolen&eacute;ho n&aacute;roda a Izraela pod\u013ea tela, smieme nimi by\u0165 pod\u013ea ducha. Smieme by synmi a dc&eacute;rami svetla. Sviatok Zjavenia je posledn&yacute;m viano\u010dn&yacute;m sviatkom. Z&aacute;rove\u0148 je d&ocirc;le\u017eit&yacute;m sviatkom na za\u010diatku nov&eacute;ho roku. Pom&aacute;ha n&aacute;m bli\u017eie spozn&aacute;va\u0165 n&aacute;&scaron;ho Otca a Stvorite\u013ea, preto\u017ee <i>&ldquo;n&aacute;m svieti svetlo zn&aacute;mosti Bo\u017eej z tv&aacute;ri Kristovej&rdquo;. <\/i>\u017dime aj my v Jeho l&aacute;ske. \u017dime z Jeho obete a v n&aacute;deji ve\u010dn&eacute;ho \u017eivota, ktor&uacute; n&aacute;m pon&uacute;ka. S N&iacute;m pr&iacute;deme do svetla ve\u010dn&eacute;ho v Jeho kr&aacute;\u013eovstve. Amen.&nbsp;<\/span><\/p>\n<p style=\"margin: 0.0px 0.0px 0.0px 0.0px; font: 12.0px Helvetica\"><span style=\"font: 16.0px Helvetica; letter-spacing: 0.0px\">&nbsp; &nbsp; &nbsp; &nbsp; &nbsp; &nbsp; <\/span><span style=\"letter-spacing: 0.0px\">&nbsp; &nbsp; &nbsp; &nbsp; &nbsp; &nbsp; &nbsp; &nbsp; &nbsp; &nbsp; &nbsp; &nbsp; &nbsp; &nbsp; &nbsp; &nbsp; &nbsp; &nbsp; &nbsp; &nbsp; &nbsp; &nbsp; &nbsp;&nbsp;Zjavenie Krista P&aacute;na &#8211; Soboti&scaron;te 2012 &#8211; \u013d.Batka st.&nbsp;<\/span><\/p>\n<p style=\"margin: 0.0px 0.0px 0.0px 0.0px; font: 12.0px Helvetica; min-height: 14.0px\"><span style=\"letter-spacing: 0.0px\"><b>&nbsp; &nbsp;<\/b><\/span><\/p>\n","protected":false},"excerpt":{"rendered":"<p>&nbsp;&nbsp; &nbsp; &nbsp; &nbsp; &nbsp; &nbsp; &nbsp; &nbsp; &nbsp; &nbsp; &nbsp; &nbsp; &nbsp; &nbsp; &nbsp; &nbsp; &nbsp;&nbsp; &nbsp; &nbsp; &nbsp; &nbsp; &nbsp; &nbsp; &nbsp; &nbsp; &nbsp; &nbsp;Verte v svetlo Ty svetlo si, n&aacute;&scaron; Pane drah&yacute; &#8211; Nu\u017e v Teba, svetlo, veri\u0165 chceme! Ach pr&iacute;mi na&scaron;e v\u010faky, snahy- Srdcia Ti svoje darujeme! Ty svetlo si, n&aacute;&scaron; &#8230; <a title=\"Verte v svetlo\" class=\"read-more\" href=\"https:\/\/www.e-anjelik.sk\/index.php\/2012\/01\/14\/verte-v-svetlo\/\" aria-label=\"Pre\u010d\u00edtajte si viac o Verte v svetlo\">\u010c\u00edta\u0165 viac<\/a><\/p>\n","protected":false},"author":4,"featured_media":0,"comment_status":"open","ping_status":"open","sticky":false,"template":"","format":"standard","meta":{"footnotes":""},"categories":[121,95,159],"tags":[192],"class_list":["post-4046","post","type-post","status-publish","format-standard","hentry","category-kazne","category-sobotiste","category-vianoce","tag-kazen"],"_links":{"self":[{"href":"https:\/\/www.e-anjelik.sk\/index.php\/wp-json\/wp\/v2\/posts\/4046","targetHints":{"allow":["GET"]}}],"collection":[{"href":"https:\/\/www.e-anjelik.sk\/index.php\/wp-json\/wp\/v2\/posts"}],"about":[{"href":"https:\/\/www.e-anjelik.sk\/index.php\/wp-json\/wp\/v2\/types\/post"}],"author":[{"embeddable":true,"href":"https:\/\/www.e-anjelik.sk\/index.php\/wp-json\/wp\/v2\/users\/4"}],"replies":[{"embeddable":true,"href":"https:\/\/www.e-anjelik.sk\/index.php\/wp-json\/wp\/v2\/comments?post=4046"}],"version-history":[{"count":0,"href":"https:\/\/www.e-anjelik.sk\/index.php\/wp-json\/wp\/v2\/posts\/4046\/revisions"}],"wp:attachment":[{"href":"https:\/\/www.e-anjelik.sk\/index.php\/wp-json\/wp\/v2\/media?parent=4046"}],"wp:term":[{"taxonomy":"category","embeddable":true,"href":"https:\/\/www.e-anjelik.sk\/index.php\/wp-json\/wp\/v2\/categories?post=4046"},{"taxonomy":"post_tag","embeddable":true,"href":"https:\/\/www.e-anjelik.sk\/index.php\/wp-json\/wp\/v2\/tags?post=4046"}],"curies":[{"name":"wp","href":"https:\/\/api.w.org\/{rel}","templated":true}]}}