{"id":4047,"date":"2012-01-14T21:56:41","date_gmt":"2012-01-14T21:56:41","guid":{"rendered":"http:\/\/e-anjelik.sk\/?p=4047"},"modified":"2012-01-14T21:56:41","modified_gmt":"2012-01-14T21:56:41","slug":"zjavenie-krista-krala","status":"publish","type":"post","link":"https:\/\/www.e-anjelik.sk\/index.php\/2012\/01\/14\/zjavenie-krista-krala\/","title":{"rendered":"Zjavenie Krista Kr\u00e1\u013ea"},"content":{"rendered":"<p>&nbsp;<span class=\"Apple-style-span\" style=\"font-family: Helvetica; font-size: 16px; line-height: normal; \">&nbsp; &nbsp; &nbsp; &nbsp; &nbsp; &nbsp; &nbsp; &nbsp; &nbsp; &nbsp; &nbsp; &nbsp; &nbsp; &nbsp; &nbsp; &nbsp; <b>&nbsp; &nbsp; &nbsp; &nbsp; &nbsp; &nbsp; &nbsp; &nbsp; &nbsp; &nbsp; &nbsp; Zjavenie Krista Kr&aacute;\u013ea<\/b><\/span><\/p>\n<p style=\"margin: 0.0px 0.0px 0.0px 0.0px; font: 16.0px Helvetica\"><span style=\"letter-spacing: 0.0px\">H\u013ea, m&uacute;dry id&uacute; k Tebe, Pane<\/span><\/p>\n<p style=\"margin: 0.0px 0.0px 0.0px 0.0px; font: 16.0px Helvetica\"><span style=\"letter-spacing: 0.0px\">a kloniac sa &#8211; dary svoje venuj&uacute; Ti&#8230;<\/span><\/p>\n<p style=\"margin: 0.0px 0.0px 0.0px 0.0px; font: 16.0px Helvetica\"><span style=\"letter-spacing: 0.0px\">M&uacute;dry id&uacute; k Tebe, Pane,<\/span><\/p>\n<p style=\"margin: 0.0px 0.0px 0.0px 0.0px; font: 16.0px Helvetica\"><span style=\"letter-spacing: 0.0px\">a ne\u013eutuj&uacute; dhlho\u010diznej p&uacute;ti&#8230;<\/span><\/p>\n<p style=\"margin: 0.0px 0.0px 0.0px 0.0px; font: 16.0px Helvetica\"><span style=\"letter-spacing: 0.0px\">Ich viedla hviezda a jej svetlo,<\/span><\/p>\n<p style=\"margin: 0.0px 0.0px 0.0px 0.0px; font: 16.0px Helvetica\"><span style=\"letter-spacing: 0.0px\">n&aacute;s duch Tvoj Sv&auml;t&yacute; vedie k Betlehemu.<\/span><\/p>\n<p style=\"margin: 0.0px 0.0px 0.0px 0.0px; font: 16.0px Helvetica\"><span style=\"letter-spacing: 0.0px\">&Oacute;, daj, by sme tie\u017e verne skon\u010dili<\/span><\/p>\n<p style=\"margin: 0.0px 0.0px 0.0px 0.0px; font: 16.0px Helvetica\"><span style=\"letter-spacing: 0.0px\">p&uacute;\u0165, pre n&aacute;s hrie&scaron;nych vymeran&uacute;. Amen.<\/span><\/p>\n<p style=\"margin: 0.0px 0.0px 0.0px 0.0px; font: 16.0px Helvetica; min-height: 19.0px\">&nbsp;<\/p>\n<p style=\"margin: 0.0px 0.0px 0.0px 0.0px; font: 16.0px Helvetica\"><span style=\"letter-spacing: 0.0px\"><b>Mt 2,1-12:<\/b><\/span><\/p>\n<p style=\"margin: 0.0px 0.0px 0.0px 0.0px; font: 16.0px Helvetica; min-height: 19.0px\">&nbsp;<\/p>\n<p style=\"margin: 0.0px 0.0px 0.0px 0.0px; font: 16.0px Helvetica\"><span style=\"letter-spacing: 0.0px\">&nbsp; &nbsp; &nbsp; &nbsp; &nbsp; &nbsp; &nbsp; &nbsp; Bohumil&iacute; kres\u0165ania, br.a ses. v PJK!<\/span><\/p>\n<p style=\"margin: 0.0px 0.0px 0.0px 0.0px; font: 16.0px Helvetica; min-height: 19.0px\"><span style=\"letter-spacing: 0.0px\">&nbsp;&nbsp;<\/span><\/p>\n<p style=\"margin: 0.0px 0.0px 0.0px 0.0px; font: 16.0px Helvetica\"><span style=\"letter-spacing: 0.0px\">&nbsp;&nbsp; Po\u017eehnan&yacute; sviatok viano\u010dn&yacute; &#8211; <b>Zjavenie Krista P&aacute;na<\/b>&nbsp; &#8211; prich&aacute;dzame za\u017eela\u0165 V&aacute;m, dom&aacute;cim viery &#8211; my, va&scaron;i najbli\u017e&scaron;&iacute; susedia. Nie je to dlh&aacute; cesta <strong>zo Soboti&scaron;\u0165a na Vrbovce<\/strong>&#8230;, ned&aacute; sa prirovna\u0165 k ceste mudrcov od v&yacute;chodu do Betlehema. Chv&iacute;\u013eu v&scaron;ak trvalo, k&yacute;m sme sa na \u0148u vychystali. Dnes sme tu, aby sme spolo\u010dne nanovo pohliadli do Betlehema, na Die\u0165a, v ktorom Boh nav&scaron;t&iacute;vil tento svet. V ktorom prie&scaron;iel Spasite\u013e nielen pre jeden n&aacute;rod, ale pre v&scaron;et&yacute;ch \u013eud&iacute;. Viano\u010dn&eacute; sviatky sme za\u010dali sl&aacute;vi\u0165 &Scaron;tedr&yacute;m ve\u010derom, v ktorom do popredia vystupuje t&aacute; \u013eudsk&aacute; str&aacute;nka a schr&aacute;nka Je\u017ei&scaron;a Krista. Dnes, v posledn&yacute; sviatok viano\u010dn&yacute; v na&scaron;ej cirkvi a v trad&iacute;cii z&aacute;padnej cirkvi si v&scaron;&iacute;mame viac t&uacute; str&aacute;nku Bo\u017esk&uacute;. Tak sa P&aacute;n Je\u017ei&scaron; ukazuje v pravej plnosti a ve\u013ekosti ako Boho\u010dlovek, ako prav&yacute; Boh a prav&yacute; \u010dlovek s&uacute;\u010dasne.<\/span><\/p>\n<p style=\"margin: 0.0px 0.0px 0.0px 0.0px; font: 16.0px Helvetica; min-height: 19.0px\"><span style=\"letter-spacing: 0.0px\">&nbsp;&nbsp; &nbsp; &nbsp; &nbsp;<\/span><\/p>\n<p style=\"margin: 0.0px 0.0px 0.0px 0.0px; font: 16.0px Helvetica\"><span style=\"letter-spacing: 0.0px\">&nbsp; &nbsp; Sv&auml;tenie dne&scaron;n&eacute;ho d\u0148a je tie\u017e priznan&iacute;m sa k druhej \u010dasti kres\u0165ansk&eacute;ho sveta, k <b>cirkv&aacute;m v&yacute;chodn&eacute;ho obradu<\/b>. Na Slovensku s&uacute; aj <b>pravosl&aacute;vni kres\u0165ania<\/b>, ktor&iacute; maj&uacute; dnes &Scaron;tedr&yacute; ve\u010der a zajtra sl&aacute;via Bo\u017eie narodenie. Z v&yacute;chodnej \u010dasti cirkvi, z Byzancie pri&scaron;li k n&aacute;m nesk&ocirc;r na&scaron;i slovansk&iacute; vierozvestovia Cyril a Metod, ktor&iacute; vykonali naozaj m&uacute;dru, geni&aacute;lnu misiu a nau\u010dili na&scaron;ich predkov spr&aacute;vne porozumie\u0165 evanjeliu.<\/span><\/p>\n<p style=\"margin: 0.0px 0.0px 0.0px 0.0px; font: 16.0px Helvetica; min-height: 19.0px\"><span style=\"letter-spacing: 0.0px\">&nbsp; &nbsp;<\/span><\/p>\n<p style=\"margin: 0.0px 0.0px 0.0px 0.0px; font: 16.0px Helvetica\"><span style=\"letter-spacing: 0.0px\">&nbsp;&nbsp; &nbsp; Pravda, nie poslovia, nie mision&aacute;ri s&uacute; d&ocirc;le\u017eit&iacute;. D&ocirc;le\u017eit&yacute; je v skuto\u010dnosti len jeden. On je vlastne skuto\u010dn&yacute; a jedin&yacute; Kr&aacute;\u013e, ktor&eacute;ho oslavujeme nielen dnes, ale st&aacute;le. P&iacute;smo sv&auml;t&eacute; naozaj ni\u010d nehovor&iacute; o &ldquo;troch kr&aacute;\u013eoch&rdquo; &#8211; i ke\u010f rozumieme ranostredovekej cirkvi a jej p&aacute;pe\u017eom, ktor&iacute; chceli aj kr&aacute;\u013eov a mocn&yacute;ch tohoto sveta prievies\u0165 k poklone Je\u017ei&scaron;ovi Kristovi. \u017dia\u013e, \u010do bolo hor&scaron;ie, neraz aj k poklone vo\u010di sebe, ako tzv. Kristotv&yacute;m n&aacute;mestkom. To bol hlavn&yacute; spor a d&ocirc;vod, ktor&yacute; viedol od po\u010diatku k nap&auml;tiam v cirkvi a nakoniec aj k rozkolu cirkvi, <b>k schizme.<\/b> Nap&auml;tia a rozdelenie cirkvi pretrv&aacute;va dodnes. Aj vz&aacute;jomn&eacute; vz\u0165ahy cirkv&iacute; s&uacute; pozna\u010den&eacute; animozitou a ned&ocirc;verou dodnes.<\/span><\/p>\n<p style=\"margin: 0.0px 0.0px 0.0px 0.0px; font: 16.0px Helvetica; min-height: 19.0px\"><span style=\"letter-spacing: 0.0px\">&nbsp; &nbsp; &nbsp; &nbsp;<\/span><\/p>\n<p style=\"margin: 0.0px 0.0px 0.0px 0.0px; font: 16.0px Helvetica\"><span style=\"letter-spacing: 0.0px\">&nbsp; &nbsp; My evanjelici napr&iacute;klad ne\u017eehn&aacute;me svoje domy, pr&iacute;bytky sv&auml;tenou &ldquo;trojk&aacute;\u013eovou kriedou&rdquo; &#8211; lebo je nad slnko jasnej&scaron;ie, \u017ee je<\/span><\/p>\n<p style=\"margin: 0.0px 0.0px 0.0px 0.0px; font: 16.0px Helvetica\"><span style=\"letter-spacing: 0.0px\">iba jedno meno, ktor&eacute; m&ocirc;\u017ee po\u017eehna\u0165 \u010dloveka, o\u010disti\u0165 hrie&scaron;nika a spasi\u0165 svet. Na Neho ukazuje svetlo nebeskej betlehemskej hviezdy, ale aj v&scaron;etk&yacute;ch ostatn&yacute;ch hviezd. Lebo ON je aj Stvorite\u013eom t&yacute;chto hviezd. On d&aacute;va &#8211; \u010di lep&scaron;ie &#8211; prepo\u017ei\u010diava aj moc mocn&yacute;m, a teda aj kr&aacute;\u013eom. Ak neplnia svoje poslanie &#8211; mocn&yacute;ch zhadzuje z ich tr&oacute;nov. Ale aj tam, kde sa t&iacute;to kr&aacute;li otvorene prie\u010dia Jeho v&ocirc;li, s&uacute; v\u017edy iba n&aacute;strojom v Bo\u017eej ruke&#8230;Uve\u010fme nieko\u013eko pr&iacute;kladov. Zo SZ pozn&aacute;me <b>Nebukadnecara<\/b>, kr&aacute;\u013ea ve\u013ek&eacute;ho Babylonu na v&yacute;chode. Bol &ldquo;<i>metlou hnevu Bo\u017eieho<\/i>&rdquo;, potrestal nevern&yacute; Izrael a Jeruzalem, ale nemohol ho trvalo obvl&aacute;dnu\u0165. R&iacute;msky cis&aacute;r<b> Augustus<\/b><\/span><\/p>\n<p style=\"margin: 0.0px 0.0px 0.0px 0.0px; font: 16.0px Helvetica\"><span style=\"letter-spacing: 0.0px\">&nbsp;\/Vzne&scaron;en&yacute;\/, nariadil s&scaron;&iacute;tanie \u013eudu a P&aacute;n Boh ho pou\u017eil na to, aby sa P&aacute;n Je\u017ei&scaron; narodil v Betlheme. My v&scaron;ak vyzn&aacute;vame: <i>Je\u017ei&scaron; &#8211; nie c&eacute;zar!<\/i> <b>Herodes<\/b> bol zloduch, ale on a jeho dvor nevedomky pomohli mudrcom z v&yacute;chodu n&aacute;js\u0165 novonaroden&eacute;ho Kr&aacute;\u013ea kr&aacute;\u013eov.<\/span><\/p>\n<p style=\"margin: 0.0px 0.0px 0.0px 0.0px; font: 16.0px Helvetica; min-height: 19.0px\"><span style=\"letter-spacing: 0.0px\">&nbsp;&nbsp; &nbsp;<\/span><\/p>\n<p style=\"margin: 0.0px 0.0px 0.0px 0.0px; font: 16.0px Helvetica\"><span style=\"letter-spacing: 0.0px\">&nbsp; &nbsp; &nbsp; &nbsp; Ak P&iacute;smo sv&auml;t&eacute; teda hovor&iacute; o mudrcoch \/m&aacute;goch- astrol&oacute;goch\/, je a\u017e s podivom, s akou zarputilos\u0165ou sa udr\u017eiava nespr&aacute;vna trad&iacute;cia o kr&aacute;\u013eoch. Nie \u017ee by mocn&iacute; nemali pok\u013eakn&uacute;\u0165 pred P&aacute;nom Bohom a Bo\u017e&iacute;m Synom. Ale aj n&iacute;zko postaven&iacute; a aj vysoko postaven&iacute; &#8211; <b>maj&uacute; by\u0165 m&uacute;dry! <\/b>\u010co znamen&aacute; by\u0165 m&uacute;dry pod\u013ea P&iacute;sma a Bo\u017eieho slova? Nielen ma\u0165 vzdelaniie, &scaron;koly a vyzna\u0165 sa v nejakom odbore, ktor&yacute; pozn&aacute;va aspo\u0148 \u010das\u0165 Bo\u017eieho stvorenstva a rozumie mu. Iste, aj to je d&ocirc;le\u017eit&eacute;. Ale on&iacute; mu\u017eovia, ktor&yacute;ch viedla hviezda, <b>viedlo s&uacute;\u010dasne aj poznanie a vernos\u0165 zas\u013e&uacute;beniam SZ!<\/b><\/span><\/p>\n<p style=\"margin: 0.0px 0.0px 0.0px 0.0px; font: 16.0px Helvetica\"><span style=\"letter-spacing: 0.0px\">&nbsp; &nbsp; &nbsp; Ve\u010f i&scaron;li z krajiny, kde pred vy&scaron;e p&auml;\u0165sto rokmi Bo\u017e&iacute; mu\u017e, mlad&yacute; prorok <b>Daniel <\/b>zachr&aacute;nil \u017eivot celej skupine babylonsk&yacute;ch mudrcov, astrol&oacute;gov, m&aacute;gov a kolegov. (Dan 2 )On povedal d&ocirc;le\u017eit&eacute; proroctvo o \u010dase, kedy pr&iacute;de na svet Mesi&aacute;&scaron;, ktor&yacute; zachr&aacute;ni \u017eivot v&scaron;etk&yacute;m \u013eu\u010fom! ( Dan 9,14-27 )&nbsp; Na jeho proroctvo a \u010din iste ani potomkovia nezabudli. Aj po n&aacute;vrate \u017didov z babylonsk&eacute;ho otroctva, zostala tam po\u010detn&aacute; \u017eidovsk&aacute; obec, z ktorej sa mnoh&iacute; dok&aacute;zali uchyti\u0165 ekonomicky, ale duchovne nikdy celkom nesplynuli <b>s pohanstvom a vierou<\/b>, \u017ee boh je slnko, mesiac, \u010di hviezdy!&nbsp; T&iacute;to \u017didia iste boli svedkami pre pohanov z v&yacute;chodu, \u017ee je tu Najvy&scaron;&scaron;&iacute;, ktor&yacute; je Stvori\u013eeom a P&aacute;nom v&scaron;etkc&yacute;ch hviezd!<\/span><\/p>\n<p style=\"margin: 0.0px 0.0px 0.0px 0.0px; font: 16.0px Helvetica; min-height: 19.0px\"><span style=\"letter-spacing: 0.0px\">&nbsp; &nbsp;<\/span><\/p>\n<p style=\"margin: 0.0px 0.0px 0.0px 0.0px; font: 16.0px Helvetica\"><span style=\"letter-spacing: 0.0px\">&nbsp;&nbsp; &nbsp; Z Babylonu, ako sved\u010d&iacute; napr. 4 kniha Moj\u017ei&scaron;ova (22-24 kap.)poch&aacute;dzal <b>aj m&aacute;g a ve&scaron;tec <\/b>o ktorom sa vedelo, \u017ee <i>&ldquo;koho on prek\u013eaje je prekliaty a koho po\u017eehn&aacute; je a zostane po\u017eehnan&yacute;&rdquo;<\/i>. Bol to <b>prorok Bile&aacute;m<\/b>!&nbsp; Ke\u010f <b>B&aacute;l&aacute;k<\/b>, kr&aacute;\u013e Edomu si za peniaze najal tohoto proroka, aby preklila Izrael, Boh mu nedovolil, aby to mohol urobi\u0165. Mohol iba \u017eehna\u0165 Bo\u017eiemu \u013eudu. Po &scaron;tvorn&aacute;sobom po\u017eehnan&iacute; naostatok povedal tento babylon\u010dan d&ocirc;le\u017eit&uacute; predpove\u010f: <b>&ldquo;Uvid&iacute;m ho, ale nie teraz, pod&iacute;vam sa na neho, ale nie zbl&iacute;zka! V&yacute;jde hviezda z J&aacute;koba a povstane \u017eezlo z Izraela&rdquo;<\/b>. ( 4 M 24,17)<\/span><\/p>\n<p style=\"margin: 0.0px 0.0px 0.0px 0.0px; font: 16.0px Helvetica\"><span style=\"letter-spacing: 0.0px\"><b>Aj toto proroctvo sa teda naplnilo a tak vid&iacute;me, \u017ee m&uacute;dros\u0165 on&yacute;ch babylonsk&yacute;ch mudrcov bola v d&ocirc;vere v d&ocirc;le\u017eit&eacute; predpovede P&iacute;sem SZ! &#8211; Nesk&ocirc;r t&uacute; ist&uacute; d&ocirc;veru pripom&iacute;nal P&aacute;n Je\u017ei&scaron; aj svojim u\u010den&iacute;kom pred i po svojom vzkriesen&iacute;.(Lk 24)<\/b><\/span><\/p>\n<p style=\"margin: 0.0px 0.0px 0.0px 0.0px; font: 16.0px Helvetica; min-height: 19.0px\"><span style=\"letter-spacing: 0.0px\"><b>&nbsp; &nbsp; &nbsp;<\/b><\/span><\/p>\n<p style=\"margin: 0.0px 0.0px 0.0px 0.0px; font: 16.0px Helvetica\"><span style=\"letter-spacing: 0.0px\">&nbsp;&nbsp; &nbsp; Ich m&uacute;dros\u0165 bola aj v tom, \u017ee neuctievali a slepo neposl&uacute;chli kr&aacute;\u013ea Herodesa, o ktorom postupne tie\u017e z&iacute;skali ur\u010dit&eacute; inform&aacute;cie. Nielen pref&iacute;kan&yacute; Herodes z&iacute;skaval inform&aacute;cie od nich, ale aj oni boli vn&iacute;mav&iacute; vo\u010di mor&aacute;lnym deform&aacute;ciam, zvl\u010dilosti a ne\u013eudskosti Herodesa. Ak bol nazvan&yacute; &ldquo; Ve\u013ek&yacute;&rdquo;, &#8211; tak ve\u013ek&yacute; najm&auml; v hriechu. <b>Mudrci sa preto vracaj&uacute; z Betlehema s novou poslu&scaron;nos\u0165ou a s in&yacute;m Kr&aacute;\u013eom v srdci do svojej krajiny.<\/b><\/span><\/p>\n<p style=\"margin: 0.0px 0.0px 0.0px 0.0px; font: 16.0px Helvetica\"><span style=\"letter-spacing: 0.0px\"><b>&nbsp; &nbsp; <\/b>Toto je vemi d&ocirc;le\u017eit&yacute; moment, ktor&yacute; chem pripomen&uacute;\u0165! Je to&nbsp; vlastne aj najvn&uacute;tornej&scaron;ia vec, ktor&aacute; i n&aacute;s viedla k rozhodnutiu pr&iacute;s\u0165 k v&aacute;m, mil&iacute; na&scaron;i susedia, bratia a sestry!&nbsp; Stoj&iacute; za rozhodnut&iacute;m nies\u0165 bratom a sestr&aacute;m evanjelium P&aacute;na Je\u017ei&scaron;a Krista a podeli\u0165 sa tak o spolo\u010dn&uacute; rados\u0165. Rados\u0165, ktor&aacute; od po\u010diatku bola ur\u010den&aacute; v&scaron;etk&eacute;mu \u013eudu. Chceme sa aspo\u0148 s najbli\u017e&scaron;&iacute;mi susedmi o \u0148u dnes podeli\u0165, lebo spolo\u010dn&aacute; rados\u0165 je v&auml;\u010d&scaron;ia rados\u0165!&nbsp; Z&aacute;rove\u0148 sa t&uacute;\u017eime povzbudi\u0165 navz&aacute;jom vo vernosti, v l&aacute;ske a spolo\u010dnej n&aacute;deji. Tak, ako mudrci obetovali svoje dary Je\u017ei&scaron;ovi, dary iste\u017ee cenn&eacute;, drah&eacute; a vz&aacute;cne &#8211; obetovali ich v&scaron;ak Die\u0165a\u0165u Je\u017ei&scaron;ovi ako svojmu nov&eacute;mu Kr&aacute;\u013eovi. Z&aacute;rove\u0148 ale sami prijali dar od P&aacute;na Boha, dar z neba!<b> <\/b>Tak aj my dnes chceme a m&aacute;me urobi\u0165!&nbsp;<\/span><\/p>\n<p style=\"margin: 0.0px 0.0px 0.0px 0.0px; font: 16.0px Helvetica; min-height: 19.0px\"><span style=\"letter-spacing: 0.0px\">&nbsp; &nbsp;<\/span><\/p>\n<p style=\"margin: 0.0px 0.0px 0.0px 0.0px; font: 16.0px Helvetica\"><span style=\"letter-spacing: 0.0px\">&nbsp; &nbsp; Prija\u0165 Toho, ktor&yacute;<b> je Kr&aacute;\u013eom kr&aacute;\u013eov<\/b>. On opovrhol zemsk&yacute;m <b>zlatom<\/b> a mocou, ale chce v n&aacute;s vl&aacute;dnu\u0165 a panova\u0165 svoj&iacute;m nebesk&yacute;m svetlom!. Vzd&aacute;vame poctu Tomu, ktor&yacute; je na&scaron;&iacute;m <b>najvy&scaron;&scaron;&iacute;m K\u0148azom<\/b>, ktor&eacute;ho modlitby, ako najv&aacute;cnej&scaron;ie kadidlo prenikaj&uacute; pred tr&oacute;n Bo\u017e&iacute;, tr&oacute;n Jeho a n&aacute;&scaron;ho Otca, kde sa prihov&aacute;ra za n&aacute;s vzdychan&iacute;m nevyslovite\u013en&yacute;m! (R 8) Toho, ktor&yacute; je <b>najvy&scaron;&scaron;&iacute;m Prorokom \/U\u010dite\u013eom\/,<\/b> <b>pomazan&yacute;m vz&aacute;cnou myrhou Ducha Sv&auml;t&eacute;ho! <\/b>Ke\u010f vykonal a dokonal dielo vyk&uacute;penia a dal svoj \u017eivot , svoje telo a krv za n&aacute;s a pre n&aacute;s, poz&yacute;va n&aacute;s k prijatiu Jeho daru, ktor&yacute;m chce posv&auml;ti\u0165 n&aacute;&scaron; \u017eivot \u010dasne i ve\u010dne! &nbsp;<\/span><\/p>\n<p style=\"margin: 0.0px 0.0px 0.0px 0.0px; font: 16.0px Helvetica; min-height: 19.0px\"><span style=\"letter-spacing: 0.0px\">&nbsp;&nbsp; &nbsp;<\/span><\/p>\n<p style=\"margin: 0.0px 0.0px 0.0px 0.0px; font: 16.0px Helvetica\"><span style=\"letter-spacing: 0.0px\">&nbsp;&nbsp; &nbsp; Mil&iacute; bratia.a sestry v P&aacute;novi!<\/span><\/p>\n<p style=\"margin: 0.0px 0.0px 0.0px 0.0px; font: 16.0px Helvetica\"><span style=\"letter-spacing: 0.0px\">&nbsp;&nbsp; &nbsp; Nielen na Vianoce, nielen vo sviatok Zjavenia, ale st&aacute;le m&aacute; znie\u0165 z na&scaron;ich &uacute;st radostn&yacute; chv&aacute;lospev a hlavn&yacute; refr&eacute;n Vianoc -anjelsk&yacute; sl&aacute;vospev z betlehemsk&yacute;ch pol&iacute;:<b> <i>&ldquo;Sl&aacute;va n<\/i><\/b><i>a v&yacute;sostiach Bohu a na zemi pokoj \u013eu\u010fom dobrej v&ocirc;le&rdquo; (Lk 2,14). <\/i>Tak sme pozvan&iacute; k &uacute;\u010dasti na Kristovom trojakom &uacute;rade. <b>Je to &uacute;rad kr&aacute;\u013eovsk&yacute;, k\u0148azsk&yacute; a prorock&yacute;, na ktorom m&aacute;me &uacute;\u010das\u0165 skrze Jeho Krst Sv&auml;t&yacute;.&nbsp;<\/b><\/span><\/p>\n<p style=\"margin: 0.0px 0.0px 0.0px 0.0px; font: 16.0px Helvetica\"><span style=\"letter-spacing: 0.0px\"><b>&nbsp;&nbsp; &nbsp; &nbsp; Pre\u010do?<\/b> Aby sme \u017eili a sl&uacute;\u017eili \u013eu\u010fom<b> <\/b>za Jeho pr&iacute;kladom &#8211; nie za pr&iacute;kladom Herodesa, \u010di jemu podobn&yacute;ch. Aby sme Ho takto nasledovali v rodin&aacute;ch, ako otcovia a matky i star&iacute; rodi\u010dia, ale aj v pr&aacute;cach n&aacute;&scaron;ho povolania. Aby sme sa jedni za druh&yacute;ch modlili, ako k\u0148azi Je\u017ei&scaron;a Krista!&nbsp; Aby sme sa u\u010dili pozn&aacute;va\u0165 a potom hl&aacute;sali Jeho slovo, po\u010dn&uacute;c od t&yacute;ch najbli\u017e&scaron;&iacute;ch, cez rodinu, dom&aacute;ci zbor smerom k in&yacute;m. Cez slu\u017ebu na&scaron;ej evanjelickej cirkvi nies\u0165 radostnt&uacute; zves\u0165 o spasen&iacute; do okolit&eacute;ho sveta. Vieme, \u017ee va&scaron;ou snahou je nies\u0165 <i>&ldquo;evanjelium do cel&eacute;ho sveta<\/i>&rdquo;! Vo sviatok, ktor&yacute; n&aacute;m pripom&iacute;na za\u010diatok kres\u0165anskej misie vo svete ako trvalej &uacute;lohy cirkvi, sme radi pri&scaron;li dnes k v&aacute;m. Chceme v&aacute;m tak po\u010fakova\u0165 za va&scaron;u n&aacute;v&scaron;tevu spred troch rokov u n&aacute;s, v na&scaron;om CZ . Kie\u017e by sme spolo\u010dne boli a zostali vyznava\u010dmi a nasledovn&iacute;kmi P&aacute;na Je\u017ei&scaron;a Krista, P&aacute;na p&aacute;nov a Kr&aacute;\u013ea kr&aacute;\u013eov &#8211; dnes, zajtra i naveky!&nbsp; Amen.&nbsp;<\/span><\/p>\n<p style=\"margin: 0.0px 0.0px 0.0px 0.0px; font: 12.0px Helvetica\"><span style=\"letter-spacing: 0.0px\">&nbsp; &nbsp; &nbsp; &nbsp; &nbsp; &nbsp; &nbsp; &nbsp; &nbsp; &nbsp; &nbsp; &nbsp; &nbsp; &nbsp; &nbsp; &nbsp; &nbsp; &nbsp; &nbsp; &nbsp; &nbsp; &nbsp; &nbsp; &nbsp; &nbsp; &nbsp; &nbsp; &nbsp;Vrbovce 2012 &#8211; sviatok Zjavenia Krista P&aacute;na mudrcom&nbsp; &#8211; \u013d.Batka st.<\/span><\/p>\n","protected":false},"excerpt":{"rendered":"<p>&nbsp;&nbsp; &nbsp; &nbsp; &nbsp; &nbsp; &nbsp; &nbsp; &nbsp; &nbsp; &nbsp; &nbsp; &nbsp; &nbsp; &nbsp; &nbsp; &nbsp; &nbsp; &nbsp; &nbsp; &nbsp; &nbsp; &nbsp; &nbsp; &nbsp; &nbsp; &nbsp; &nbsp; Zjavenie Krista Kr&aacute;\u013ea H\u013ea, m&uacute;dry id&uacute; k Tebe, Pane a kloniac sa &#8211; dary svoje venuj&uacute; Ti&#8230; M&uacute;dry id&uacute; k Tebe, Pane, a ne\u013eutuj&uacute; dhlho\u010diznej p&uacute;ti&#8230; Ich viedla &#8230; <a title=\"Zjavenie Krista Kr\u00e1\u013ea\" class=\"read-more\" href=\"https:\/\/www.e-anjelik.sk\/index.php\/2012\/01\/14\/zjavenie-krista-krala\/\" aria-label=\"Pre\u010d\u00edtajte si viac o Zjavenie Krista Kr\u00e1\u013ea\">\u010c\u00edta\u0165 viac<\/a><\/p>\n","protected":false},"author":4,"featured_media":0,"comment_status":"open","ping_status":"open","sticky":false,"template":"","format":"standard","meta":{"footnotes":""},"categories":[121,95,159],"tags":[192],"class_list":["post-4047","post","type-post","status-publish","format-standard","hentry","category-kazne","category-sobotiste","category-vianoce","tag-kazen"],"_links":{"self":[{"href":"https:\/\/www.e-anjelik.sk\/index.php\/wp-json\/wp\/v2\/posts\/4047","targetHints":{"allow":["GET"]}}],"collection":[{"href":"https:\/\/www.e-anjelik.sk\/index.php\/wp-json\/wp\/v2\/posts"}],"about":[{"href":"https:\/\/www.e-anjelik.sk\/index.php\/wp-json\/wp\/v2\/types\/post"}],"author":[{"embeddable":true,"href":"https:\/\/www.e-anjelik.sk\/index.php\/wp-json\/wp\/v2\/users\/4"}],"replies":[{"embeddable":true,"href":"https:\/\/www.e-anjelik.sk\/index.php\/wp-json\/wp\/v2\/comments?post=4047"}],"version-history":[{"count":0,"href":"https:\/\/www.e-anjelik.sk\/index.php\/wp-json\/wp\/v2\/posts\/4047\/revisions"}],"wp:attachment":[{"href":"https:\/\/www.e-anjelik.sk\/index.php\/wp-json\/wp\/v2\/media?parent=4047"}],"wp:term":[{"taxonomy":"category","embeddable":true,"href":"https:\/\/www.e-anjelik.sk\/index.php\/wp-json\/wp\/v2\/categories?post=4047"},{"taxonomy":"post_tag","embeddable":true,"href":"https:\/\/www.e-anjelik.sk\/index.php\/wp-json\/wp\/v2\/tags?post=4047"}],"curies":[{"name":"wp","href":"https:\/\/api.w.org\/{rel}","templated":true}]}}