{"id":4050,"date":"2012-01-17T23:05:29","date_gmt":"2012-01-17T23:05:29","guid":{"rendered":"http:\/\/e-anjelik.sk\/?p=4050"},"modified":"2019-02-22T15:24:38","modified_gmt":"2019-02-22T14:24:38","slug":"vizia-ecav-v-praxi","status":"publish","type":"post","link":"https:\/\/www.e-anjelik.sk\/index.php\/2012\/01\/17\/vizia-ecav-v-praxi\/","title":{"rendered":"V\u00edzia ECAV v praxi"},"content":{"rendered":"<p>Pred ist&yacute;m \u010dasom jeden (ne)ist&yacute; p&aacute;n <a href=\"http:\/\/www.ecav.sk\/?p=Aktual\/Aktuallprihov\/pastiersky_list_generalneho_biskupa_\">povedal<\/a>: &bdquo;Som presved\u010den&yacute;, \u017ee je ove\u013ea d&ocirc;le\u017eitej&scaron;ie rozpr&aacute;va\u0165 o poslan&iacute; cirkvi, ako o v&iacute;zi&aacute;ch jedn&eacute;ho \u010dloveka. Preto\u017ee nie s&uacute; d&ocirc;le\u017eit&eacute; \u013eudsk&eacute; v&iacute;zie a predstavy, ale poslanie, ktor&eacute; cirkvi ur\u010dil s&aacute;m P&aacute;n Je\u017ei&scaron; Kristus.&ldquo; On celkom iste vie, \u010do t&yacute;m myslel, hoci slovenskej pospolitosti ozn&aacute;mi\u0165 ner&aacute;\u010dil, \u010do presne tento iste prevelice zbo\u017en&yacute; v&yacute;rok znamen&aacute; pre ECAV na Slovensku v&nbsp;21. storo\u010d&iacute;.<\/p>\n<p class=\"MsoNormal\">Zrejme to v&scaron;ak netreba verb&aacute;lne vysvet\u013eova\u0165, preto\u017ee ako evanjelici m&aacute;me predsa Bo\u017eie slovo v&nbsp;nevidite\u013enej, ale aj vo vidite\u013enej forme. A&nbsp;tak, hoci sme nemali &scaron;ancu si vypo\u010du\u0165, \u010di pre\u010d&iacute;ta\u0165, \u010do presne znamen&aacute; nap\u013a\u0148a\u0165 Kristovo poslanie v&nbsp;ECAV na Slovensku a&nbsp;ako to vyzer&aacute;, m&ocirc;\u017eeme sa na to pozrie\u0165. Mimochodom, pokia\u013e sa v&nbsp;ostatnej dobe nezmenila vierouka na&scaron;ej cirkvi, tak Kristus je tie\u017e &bdquo;jeden \u010dlovek&ldquo; a&nbsp;teda ur\u010dite je dos\u0165 d&ocirc;le\u017eit&eacute; rozpr&aacute;va\u0165 o&nbsp;v&iacute;zi&aacute;ch &bdquo;jedn&eacute;ho \u010dloveka&ldquo;.<\/p>\n<p class=\"MsoNormal\">Ka\u017edop&aacute;dne, zd&aacute; sa, \u017ee poslanie, ktor&eacute; cirkvi ur\u010dil s&aacute;m P&aacute;n Je\u017ei&scaron; Kristus &ndash; tak ako ho vid&iacute;me nap\u013a\u0148a\u0165 samotn&yacute;m veden&iacute;m na&scaron;ej drahej evanjelickej cirkvi je:<\/p>\n<p class=\"MsoNormal\">&#8211; robi\u0165 z&nbsp;konfirmovan&yacute;ch &ndash; teda dospel&yacute;ch \u010dlenov cirkvi hlup&aacute;kov, ktor&iacute; nemaj&uacute; &scaron;ancu vyzna\u0165 sa v&nbsp;biblick&yacute;ch ot&aacute;zkach, nako\u013eko nemaj&uacute; vy&scaron;tudovan&uacute; jedin&uacute; pravovern&uacute; bohosloveck&uacute; fakultu<\/p>\n<p class=\"MsoNormal\">&#8211; robi\u0165 neschopn&yacute;ch hlup&aacute;kov z&nbsp;rodi\u010dov, presbyterov a&nbsp;zborov&yacute;ch far&aacute;rov &ndash; preto\u017ee v&scaron;etok ten \u010das a&nbsp;n&aacute;maha, ktor&eacute; venovali v&yacute;chove \u013eud&iacute; vo svojich zboroch s&uacute; &uacute;plne zbyto\u010dn&eacute;, lebo vychov&aacute;vaj&uacute; intelektu&aacute;lnych aj n&aacute;bo\u017eensk&yacute;ch neschop&aacute;kov<\/p>\n<p class=\"MsoNormal\">&#8211; &scaron;kandalizovanie podriaden&yacute;ch a&nbsp;kolegov &ndash; najm&auml; t&yacute;ch, ktor&iacute; z&aacute;pasia o&nbsp;sp&aacute;su du&scaron;&iacute;<\/p>\n<p class=\"MsoNormal\">&#8211; odme\u0148ovanie lenivcov &ndash; nakoniec, kto ni\u010d nerob&iacute;, ni\u010d nepokaz&iacute; a&nbsp;preto si zasl&uacute;\u017ei odmenu<\/p>\n<p class=\"MsoNormal\">&#8211; nad&aacute;va\u0165 na ostatn&yacute;ch &ndash; TC Kompas je len najvidite\u013enej&scaron;&iacute;m pr&iacute;kladom<\/p>\n<p class=\"MsoNormal\">&#8211; manipulova\u0165 &nbsp;a&nbsp;zav&aacute;dza\u0165 &ndash; napr&iacute;klad: odvol&aacute;va\u0165 sa na neexistenciu aj tak nepotrebn&yacute;ch zml&uacute;v o&nbsp;spolupr&aacute;ci, pri\u010dom t&uacute;to &bdquo;nevyhnutnos\u0165&ldquo; si len &bdquo;ktosi&ldquo; vymyslel, ke\u010f u\u017e nevedel, kam &bdquo;z konop&iacute;&ldquo;<\/p>\n<p class=\"MsoNormal\">&#8211; s&nbsp;nik&yacute;m nespolupracova\u0165 &ndash; k&yacute;m v&scaron;etci ostatn&iacute; nepr&iacute;jmu na&scaron;e n&aacute;zory: &bdquo;K takejto jednote v&scaron;ak medzi jednotliv&yacute;mi cirkvami a denomin&aacute;ciami nedo&scaron;lo.&ldquo;<\/p>\n<p class=\"MsoNormal\">&#8211; odvol&aacute;vanie sa na nie\u010do, \u010do neexistuje &ndash; napr&iacute;klad: &bdquo;&Scaron;kolenie ved&uacute;cich ml&aacute;de\u017ee, ktor&eacute; TC Kompas kon&aacute;, nie je pre ECAV prijate\u013en&eacute;, lebo sme presved\u010den&iacute;, \u017ee ka\u017ed&aacute; cirkev si svojich veriacich m&aacute; vyu\u010dova\u0165 sama.&ldquo;<\/p>\n<p class=\"MsoNormal\">&#8211; a&nbsp;hlavne st&aacute;\u0165 v&nbsp;p&yacute;che &ndash; napr&iacute;klad: &bdquo;Z&aacute;le\u017eitosti ECAV rie&scaron;i Zbor biskupov v r&aacute;mci svojej cirkvi a nepova\u017euje za potrebn&eacute; sa V&aacute;m z akejko\u013evek poz&iacute;cie zodpoveda\u0165.&ldquo; &ndash; toto nie je celkom tak, lebo z&aacute;le\u017eitosti ECAV rie&scaron;ia r&ocirc;zne gr&eacute;mi&aacute; (synoda, presbyterstv&aacute; na r&ocirc;znych &uacute;rovniach). Ak by v&scaron;ak platil v&yacute;rok o&nbsp;zodpovedan&iacute;, tak si treba uvedomi\u0165, \u017ee ani TC Kompas sa nezodpoved&aacute; Zboru biskupov. Nakoniec, tu ani nejde o&nbsp;zodpovedanie sa, ale o&nbsp;spolupr&aacute;cu rovnocenn&yacute;ch partnerov.<\/p>\n<p class=\"MsoNormal\">Aha, a takmer by som zabudol &#8211; neoddelite\u013enou s&uacute;\u010das\u0165ou Kristovho poslania pre ECAV v 21. storo\u010d&iacute; je sadenie strom\u010dekov!!! Hlavne treba sadi\u0165 stromy. Preto\u017ee o p&aacute;r rokov to bud&uacute; jedin&iacute; svedkovia toho, \u017ee tu kdesi v Karpatskej kotline kedysi \u017eili aj nejak&iacute; evanjelici.&nbsp;<\/p>\n<p class=\"MsoNormal\">No nevad&iacute;. Ob&aacute;vam sa, \u017ee Kristus to s&nbsp;tou v&iacute;ziou pre cirkev myslel &bdquo;ku&scaron;\u010di\u010dko&ldquo; inak. Tak, nech si teda vedenie rob&iacute; ako mysl&iacute;. Ja budem tie\u017e tak robi\u0165. Nakoniec, oni sa nebud&uacute; zodpoveda\u0165 z&nbsp;mojich skutkov, ani ja sa nebudem zodpoveda\u0165 z&nbsp;ich skutkov, ale ka\u017ed&yacute; bude s&aacute;m za seba st&aacute;\u0165 pred Bohom a&nbsp;vyd&aacute;va\u0165 po\u010det zo svojho &scaron;af&aacute;renia.&nbsp;<\/p>\n","protected":false},"excerpt":{"rendered":"<p>Pred ist&yacute;m \u010dasom jeden (ne)ist&yacute; p&aacute;n povedal: &bdquo;Som presved\u010den&yacute;, \u017ee je ove\u013ea d&ocirc;le\u017eitej&scaron;ie rozpr&aacute;va\u0165 o poslan&iacute; cirkvi, ako o v&iacute;zi&aacute;ch jedn&eacute;ho \u010dloveka. Preto\u017ee nie s&uacute; d&ocirc;le\u017eit&eacute; \u013eudsk&eacute; v&iacute;zie a predstavy, ale poslanie, ktor&eacute; cirkvi ur\u010dil s&aacute;m P&aacute;n Je\u017ei&scaron; Kristus.&ldquo; On celkom iste vie, \u010do t&yacute;m myslel, hoci slovenskej pospolitosti ozn&aacute;mi\u0165 ner&aacute;\u010dil, \u010do presne tento iste &#8230; <a title=\"V\u00edzia ECAV v praxi\" class=\"read-more\" href=\"https:\/\/www.e-anjelik.sk\/index.php\/2012\/01\/17\/vizia-ecav-v-praxi\/\" aria-label=\"Pre\u010d\u00edtajte si viac o V\u00edzia ECAV v praxi\">\u010c\u00edta\u0165 viac<\/a><\/p>\n","protected":false},"author":29,"featured_media":0,"comment_status":"open","ping_status":"open","sticky":false,"template":"","format":"standard","meta":{"footnotes":""},"categories":[1,73],"tags":[],"class_list":["post-4050","post","type-post","status-publish","format-standard","hentry","category-adventna-modlitba","category-ecav"],"_links":{"self":[{"href":"https:\/\/www.e-anjelik.sk\/index.php\/wp-json\/wp\/v2\/posts\/4050","targetHints":{"allow":["GET"]}}],"collection":[{"href":"https:\/\/www.e-anjelik.sk\/index.php\/wp-json\/wp\/v2\/posts"}],"about":[{"href":"https:\/\/www.e-anjelik.sk\/index.php\/wp-json\/wp\/v2\/types\/post"}],"author":[{"embeddable":true,"href":"https:\/\/www.e-anjelik.sk\/index.php\/wp-json\/wp\/v2\/users\/29"}],"replies":[{"embeddable":true,"href":"https:\/\/www.e-anjelik.sk\/index.php\/wp-json\/wp\/v2\/comments?post=4050"}],"version-history":[{"count":1,"href":"https:\/\/www.e-anjelik.sk\/index.php\/wp-json\/wp\/v2\/posts\/4050\/revisions"}],"predecessor-version":[{"id":32346,"href":"https:\/\/www.e-anjelik.sk\/index.php\/wp-json\/wp\/v2\/posts\/4050\/revisions\/32346"}],"wp:attachment":[{"href":"https:\/\/www.e-anjelik.sk\/index.php\/wp-json\/wp\/v2\/media?parent=4050"}],"wp:term":[{"taxonomy":"category","embeddable":true,"href":"https:\/\/www.e-anjelik.sk\/index.php\/wp-json\/wp\/v2\/categories?post=4050"},{"taxonomy":"post_tag","embeddable":true,"href":"https:\/\/www.e-anjelik.sk\/index.php\/wp-json\/wp\/v2\/tags?post=4050"}],"curies":[{"name":"wp","href":"https:\/\/api.w.org\/{rel}","templated":true}]}}