{"id":4051,"date":"2012-01-18T09:42:08","date_gmt":"2012-01-18T09:42:08","guid":{"rendered":"http:\/\/e-anjelik.sk\/?p=4051"},"modified":"2012-01-18T09:42:08","modified_gmt":"2012-01-18T09:42:08","slug":"tyzden-modlitieb-za-jednotu-krestanov","status":"publish","type":"post","link":"https:\/\/www.e-anjelik.sk\/index.php\/2012\/01\/18\/tyzden-modlitieb-za-jednotu-krestanov\/","title":{"rendered":"T\u00fd\u017ede\u0148 modlitieb za jednotu kres\u0165anov"},"content":{"rendered":"<p>Tradi\u010dn&yacute; T&yacute;\u017ede\u0148 modlitieb za jednotu kres\u0165anov sa za\u010d&iacute;na dnes v stredu 18. janu&aacute;ra 2012 a kon\u010d&iacute; v utorok 24. janu&aacute;ra. T&eacute;mou je <strong>&quot;V&scaron;etci budeme premenen&iacute; &#8230;v&iacute;\u0165azstvom skrze n&aacute;&scaron;ho P&aacute;na Je\u017ei&scaron;a Krista&quot; (1.Kor. 15, 51-58)<\/strong>. Kres\u0165ania na Slovensku si organizuj&uacute; svoje modlitebn&eacute; stretania vo svojich lokalit&aacute;ch. V niektor&yacute;ch mest&aacute;ch bud&uacute; osobitn&eacute; ekumenick&eacute; bohoslu\u017eby (Bratislava, Trnava, \u017dilina, Ko&scaron;ice). &Uacute;stredn&aacute; ekumenick&aacute; bohoslu\u017eba bude v Trebi&scaron;ove v nede\u013eu 22. janu&aacute;ra o 10.00 hodine v pravosl&aacute;vnom chr&aacute;me, kde bude k&aacute;za\u0165 pravosl&aacute;vny arcibiskup michalovsko-ko&scaron;ick&yacute; Juraj. Tieto ekumenick&eacute; bohoslu\u017eby bude v priamom prenose vysiela\u0165 Dvojka.<\/p>\n<p>&nbsp;<\/p>\n","protected":false},"excerpt":{"rendered":"<p>Tradi\u010dn&yacute; T&yacute;\u017ede\u0148 modlitieb za jednotu kres\u0165anov sa za\u010d&iacute;na dnes v stredu 18. janu&aacute;ra 2012 a kon\u010d&iacute; v utorok 24. janu&aacute;ra. T&eacute;mou je &quot;V&scaron;etci budeme premenen&iacute; &#8230;v&iacute;\u0165azstvom skrze n&aacute;&scaron;ho P&aacute;na Je\u017ei&scaron;a Krista&quot; (1.Kor. 15, 51-58). Kres\u0165ania na Slovensku si organizuj&uacute; svoje modlitebn&eacute; stretania vo svojich lokalit&aacute;ch. V niektor&yacute;ch mest&aacute;ch bud&uacute; osobitn&eacute; ekumenick&eacute; bohoslu\u017eby (Bratislava, Trnava, \u017dilina, &#8230; <a title=\"T\u00fd\u017ede\u0148 modlitieb za jednotu kres\u0165anov\" class=\"read-more\" href=\"https:\/\/www.e-anjelik.sk\/index.php\/2012\/01\/18\/tyzden-modlitieb-za-jednotu-krestanov\/\" aria-label=\"Pre\u010d\u00edtajte si viac o T\u00fd\u017ede\u0148 modlitieb za jednotu kres\u0165anov\">\u010c\u00edta\u0165 viac<\/a><\/p>\n","protected":false},"author":22,"featured_media":0,"comment_status":"open","ping_status":"open","sticky":false,"template":"","format":"standard","meta":{"footnotes":""},"categories":[2],"tags":[249,234],"class_list":["post-4051","post","type-post","status-publish","format-standard","hentry","category-ekumena","tag-bohosluzby","tag-zdruzenia-a-skupiny"],"_links":{"self":[{"href":"https:\/\/www.e-anjelik.sk\/index.php\/wp-json\/wp\/v2\/posts\/4051","targetHints":{"allow":["GET"]}}],"collection":[{"href":"https:\/\/www.e-anjelik.sk\/index.php\/wp-json\/wp\/v2\/posts"}],"about":[{"href":"https:\/\/www.e-anjelik.sk\/index.php\/wp-json\/wp\/v2\/types\/post"}],"author":[{"embeddable":true,"href":"https:\/\/www.e-anjelik.sk\/index.php\/wp-json\/wp\/v2\/users\/22"}],"replies":[{"embeddable":true,"href":"https:\/\/www.e-anjelik.sk\/index.php\/wp-json\/wp\/v2\/comments?post=4051"}],"version-history":[{"count":0,"href":"https:\/\/www.e-anjelik.sk\/index.php\/wp-json\/wp\/v2\/posts\/4051\/revisions"}],"wp:attachment":[{"href":"https:\/\/www.e-anjelik.sk\/index.php\/wp-json\/wp\/v2\/media?parent=4051"}],"wp:term":[{"taxonomy":"category","embeddable":true,"href":"https:\/\/www.e-anjelik.sk\/index.php\/wp-json\/wp\/v2\/categories?post=4051"},{"taxonomy":"post_tag","embeddable":true,"href":"https:\/\/www.e-anjelik.sk\/index.php\/wp-json\/wp\/v2\/tags?post=4051"}],"curies":[{"name":"wp","href":"https:\/\/api.w.org\/{rel}","templated":true}]}}