{"id":4055,"date":"2012-01-19T06:43:52","date_gmt":"2012-01-19T06:43:52","guid":{"rendered":"http:\/\/e-anjelik.sk\/?p=4055"},"modified":"2012-01-19T06:43:52","modified_gmt":"2012-01-19T06:43:52","slug":"jedno","status":"publish","type":"post","link":"https:\/\/www.e-anjelik.sk\/index.php\/2012\/01\/19\/jedno\/","title":{"rendered":"Jedno"},"content":{"rendered":"<p>&nbsp;&nbsp;<span style=\"color: rgb(0, 0, 0); font-family: Geneva, Arial, Helvetica, sans-serif; font-size: 11px; line-height: normal; background-color: rgb(254, 245, 136); \">A sl&aacute;vu, ktor&uacute; si ty dal mne, ja som dal im, aby boli&nbsp;<\/span><strong style=\"font-family: Geneva, Arial, Helvetica, sans-serif; font-size: 11px; color: rgb(0, 0, 0); line-height: normal; background-color: rgb(254, 245, 136); \">jedno<\/strong><span style=\"color: rgb(0, 0, 0); font-family: Geneva, Arial, Helvetica, sans-serif; font-size: 11px; line-height: normal; background-color: rgb(254, 245, 136); \">, ako sme my&nbsp;<\/span><strong style=\"font-family: Geneva, Arial, Helvetica, sans-serif; font-size: 11px; color: rgb(0, 0, 0); line-height: normal; background-color: rgb(254, 245, 136); \">jedno. (Mt 17,22)<\/strong><\/p>\n<div style=\"margin-top: 0px; margin-right: 0px; margin-bottom: 0px; margin-left: 0px; padding-top: 0px; padding-right: 0px; padding-bottom: 0px; padding-left: 0px; background-image: initial; background-attachment: initial; background-origin: initial; background-clip: initial; font: normal normal normal 12px\/170% Verdana, sans-serif; \">\n<p>Zdrav&iacute;m V&aacute;s bratia a sestry v Kristovi.<\/p>\n<p>Pr&aacute;ve prebieha t&yacute;\u017ede\u0148 za jednotu kres\u0165anov. Aj to bol d&ocirc;vod pre\u010do som sa zaregistroval na Va&scaron;u str&aacute;nku a pre\u010do tu aj p&iacute;&scaron;em. \u010c&iacute;tal som tu pred ned&aacute;vnom aj diskusiu kde sa rozoberali rozdieli medzi katol&iacute;kmi a evanjelikmi. Ve\u013emi sa mi nep&aacute;\u010dilo vystupovanie aj zo strany jedn&eacute;ho katol&iacute;ka, ktor&eacute;mu mo\u017eno ch&yacute;bala pokora, a empatia. Aj to bol d&ocirc;vod pre\u010do som tu, no najm&auml; predov&scaron;etk&yacute;m a na prvom mieste je to Je\u017ei&scaron; Kristus a Jeho odkaz n&aacute;m kres\u0165anom, aby sme boli ,,jedno&quot;! Nebudem sa ani sna\u017ei\u0165 argumentova\u0165 hist&oacute;riu, \u010di d&ocirc;vody a chyby cirkv&iacute;, lebo ver&iacute;m, \u017ee skuto\u010dn&iacute; kres\u0165ania s&uacute; u\u017e d&aacute;vno jedno v Kristovi, a mo\u017eno o tom ani nevedia. \u010eakujem teda aj tejto str&aacute;nke, a adminovi, \u017ee ma prijal na tento web :). Takto m&ocirc;\u017eem aj ja ako katol&iacute;k by\u0165 aspo\u0148 trochu ,,jedno&quot; s Vami, bratmi evanjelikmi. A ve\u013emi sa z toho te&scaron;&iacute;m.<\/p>\n<p>Na z&aacute;ver m&ocirc;jho miniblogu \ud83d\ude42 V&aacute;m \u017eel&aacute;m a denne vymod\u013eujem Bo\u017eie po\u017eehnanie a milosti, ktor&eacute; v&scaron;etci potrebujeme aby sme zni\u010dili &uacute;klady diabla, ktor&yacute; ru&scaron;&iacute; ka\u017ed&uacute; jednotu. Amen! \ud83d\ude09<\/p>\n<\/div>\n","protected":false},"excerpt":{"rendered":"<p>&nbsp;&nbsp;A sl&aacute;vu, ktor&uacute; si ty dal mne, ja som dal im, aby boli&nbsp;jedno, ako sme my&nbsp;jedno. (Mt 17,22) Zdrav&iacute;m V&aacute;s bratia a sestry v Kristovi. Pr&aacute;ve prebieha t&yacute;\u017ede\u0148 za jednotu kres\u0165anov. Aj to bol d&ocirc;vod pre\u010do som sa zaregistroval na Va&scaron;u str&aacute;nku a pre\u010do tu aj p&iacute;&scaron;em. \u010c&iacute;tal som tu pred ned&aacute;vnom aj diskusiu kde &#8230; <a title=\"Jedno\" class=\"read-more\" href=\"https:\/\/www.e-anjelik.sk\/index.php\/2012\/01\/19\/jedno\/\" aria-label=\"Pre\u010d\u00edtajte si viac o Jedno\">\u010c\u00edta\u0165 viac<\/a><\/p>\n","protected":false},"author":30,"featured_media":0,"comment_status":"open","ping_status":"open","sticky":false,"template":"","format":"standard","meta":{"footnotes":""},"categories":[1],"tags":[],"class_list":["post-4055","post","type-post","status-publish","format-standard","hentry","category-adventna-modlitba"],"_links":{"self":[{"href":"https:\/\/www.e-anjelik.sk\/index.php\/wp-json\/wp\/v2\/posts\/4055","targetHints":{"allow":["GET"]}}],"collection":[{"href":"https:\/\/www.e-anjelik.sk\/index.php\/wp-json\/wp\/v2\/posts"}],"about":[{"href":"https:\/\/www.e-anjelik.sk\/index.php\/wp-json\/wp\/v2\/types\/post"}],"author":[{"embeddable":true,"href":"https:\/\/www.e-anjelik.sk\/index.php\/wp-json\/wp\/v2\/users\/30"}],"replies":[{"embeddable":true,"href":"https:\/\/www.e-anjelik.sk\/index.php\/wp-json\/wp\/v2\/comments?post=4055"}],"version-history":[{"count":0,"href":"https:\/\/www.e-anjelik.sk\/index.php\/wp-json\/wp\/v2\/posts\/4055\/revisions"}],"wp:attachment":[{"href":"https:\/\/www.e-anjelik.sk\/index.php\/wp-json\/wp\/v2\/media?parent=4055"}],"wp:term":[{"taxonomy":"category","embeddable":true,"href":"https:\/\/www.e-anjelik.sk\/index.php\/wp-json\/wp\/v2\/categories?post=4055"},{"taxonomy":"post_tag","embeddable":true,"href":"https:\/\/www.e-anjelik.sk\/index.php\/wp-json\/wp\/v2\/tags?post=4055"}],"curies":[{"name":"wp","href":"https:\/\/api.w.org\/{rel}","templated":true}]}}