{"id":4056,"date":"2012-01-19T10:16:16","date_gmt":"2012-01-19T10:16:16","guid":{"rendered":"http:\/\/e-anjelik.sk\/?p=4056"},"modified":"2012-01-19T10:16:16","modified_gmt":"2012-01-19T10:16:16","slug":"mladi-krestania-prihlaste-sa","status":"publish","type":"post","link":"https:\/\/www.e-anjelik.sk\/index.php\/2012\/01\/19\/mladi-krestania-prihlaste-sa\/","title":{"rendered":"Mlad\u00ed kres\u0165ania prihl\u00e1ste sa!"},"content":{"rendered":"<p>Svetov&aacute; rada cirkv&iacute; (SRC) v \u017deneve organizuje praktick&eacute; kurzy pre stewardov na strewtnutie &uacute;stredn&eacute;ho v&yacute;boru SRC, ktor&eacute; sa bude kona\u0165 na Kr&eacute;te v \u010dase 23. augusta &#8211; 7. septembra 2012. Podmienkou je vek od 18 do 30 rokov. Prihl&aacute;si\u0165 sa treba zaslan&iacute;m vyplnenej prihl&aacute;&scaron;ky&nbsp;na oddelen&iacute; ml&aacute;de\u017ee SRC v \u017deneve najpozdej&scaron;ie do 15. marca 2012. Podrobnosti m&ocirc;\u017eete n&aacute;js\u0165 v angli\u010dtine na <a href=\"http:\/\/www.oikoumene.org\">www.oikoumene.org<\/a>.<\/p>\n","protected":false},"excerpt":{"rendered":"<p>Svetov&aacute; rada cirkv&iacute; (SRC) v \u017deneve organizuje praktick&eacute; kurzy pre stewardov na strewtnutie &uacute;stredn&eacute;ho v&yacute;boru SRC, ktor&eacute; sa bude kona\u0165 na Kr&eacute;te v \u010dase 23. augusta &#8211; 7. septembra 2012. Podmienkou je vek od 18 do 30 rokov. Prihl&aacute;si\u0165 sa treba zaslan&iacute;m vyplnenej prihl&aacute;&scaron;ky&nbsp;na oddelen&iacute; ml&aacute;de\u017ee SRC v \u017deneve najpozdej&scaron;ie do 15. marca 2012. Podrobnosti &#8230; <a title=\"Mlad\u00ed kres\u0165ania prihl\u00e1ste sa!\" class=\"read-more\" href=\"https:\/\/www.e-anjelik.sk\/index.php\/2012\/01\/19\/mladi-krestania-prihlaste-sa\/\" aria-label=\"Pre\u010d\u00edtajte si viac o Mlad\u00ed kres\u0165ania prihl\u00e1ste sa!\">\u010c\u00edta\u0165 viac<\/a><\/p>\n","protected":false},"author":22,"featured_media":0,"comment_status":"open","ping_status":"open","sticky":false,"template":"","format":"standard","meta":{"footnotes":""},"categories":[2],"tags":[187],"class_list":["post-4056","post","type-post","status-publish","format-standard","hentry","category-ekumena","tag-mladez-3"],"_links":{"self":[{"href":"https:\/\/www.e-anjelik.sk\/index.php\/wp-json\/wp\/v2\/posts\/4056","targetHints":{"allow":["GET"]}}],"collection":[{"href":"https:\/\/www.e-anjelik.sk\/index.php\/wp-json\/wp\/v2\/posts"}],"about":[{"href":"https:\/\/www.e-anjelik.sk\/index.php\/wp-json\/wp\/v2\/types\/post"}],"author":[{"embeddable":true,"href":"https:\/\/www.e-anjelik.sk\/index.php\/wp-json\/wp\/v2\/users\/22"}],"replies":[{"embeddable":true,"href":"https:\/\/www.e-anjelik.sk\/index.php\/wp-json\/wp\/v2\/comments?post=4056"}],"version-history":[{"count":0,"href":"https:\/\/www.e-anjelik.sk\/index.php\/wp-json\/wp\/v2\/posts\/4056\/revisions"}],"wp:attachment":[{"href":"https:\/\/www.e-anjelik.sk\/index.php\/wp-json\/wp\/v2\/media?parent=4056"}],"wp:term":[{"taxonomy":"category","embeddable":true,"href":"https:\/\/www.e-anjelik.sk\/index.php\/wp-json\/wp\/v2\/categories?post=4056"},{"taxonomy":"post_tag","embeddable":true,"href":"https:\/\/www.e-anjelik.sk\/index.php\/wp-json\/wp\/v2\/tags?post=4056"}],"curies":[{"name":"wp","href":"https:\/\/api.w.org\/{rel}","templated":true}]}}