{"id":4060,"date":"2012-01-22T20:43:12","date_gmt":"2012-01-22T20:43:12","guid":{"rendered":"http:\/\/e-anjelik.sk\/?p=4060"},"modified":"2012-01-22T20:43:12","modified_gmt":"2012-01-22T20:43:12","slug":"vladimir-roy-na-novy-rok","status":"publish","type":"post","link":"https:\/\/www.e-anjelik.sk\/index.php\/2012\/01\/22\/vladimir-roy-na-novy-rok\/","title":{"rendered":"Vladim\u00edr Roy: Na Nov\u00fd rok"},"content":{"rendered":"<p>&nbsp;<span class=\"Apple-style-span\" style=\"font-family: Helvetica; font-size: 16px; line-height: normal; \"><b>Vladim&iacute;r Roy: Na Nov&yacute; rok&nbsp;<\/b><\/span><\/p>\n<p style=\"margin: 0.0px 0.0px 0.0px 0.0px; font: 16.0px Helvetica; min-height: 19.0px\"><span style=\"letter-spacing: 0.0px\"><b>&nbsp; &nbsp; &nbsp; &nbsp; &nbsp; &nbsp; &nbsp; &nbsp; &nbsp; &nbsp; &nbsp;<\/b><\/span><\/p>\n<p style=\"margin: 0.0px 0.0px 0.0px 0.0px; font: 16.0px Helvetica; min-height: 19.0px\">&nbsp;<\/p>\n<p style=\"margin: 0.0px 0.0px 0.0px 0.0px; font: 16.0px Helvetica\"><span style=\"letter-spacing: 0.0px\">(&uacute;ryvok)<\/span><\/p>\n<p style=\"margin: 0.0px 0.0px 0.0px 0.0px; font: 16.0px Helvetica; min-height: 19.0px\">&nbsp;<\/p>\n<p style=\"margin: 0.0px 0.0px 0.0px 0.0px; font: 16.0px Helvetica\"><span style=\"letter-spacing: 0.0px\">&#8230;.<\/span><\/p>\n<p style=\"margin: 0.0px 0.0px 0.0px 0.0px; font: 16.0px Helvetica\"><span style=\"letter-spacing: 0.0px\"><i>Ta k \u010dist&yacute;m \u017eriedlam, ku prame\u0148om rodn&yacute;m,<\/i><\/span><\/p>\n<p style=\"margin: 0.0px 0.0px 0.0px 0.0px; font: 16.0px Helvetica\"><span style=\"letter-spacing: 0.0px\"><i>ku chat&aacute;m jarmom tiesnen&eacute;ho \u013eudu,<\/i><\/span><\/p>\n<p style=\"margin: 0.0px 0.0px 0.0px 0.0px; font: 16.0px Helvetica\"><span style=\"letter-spacing: 0.0px\"><i>ku sv&auml;t&yacute;m urn&aacute;m otcov sl&aacute;vy hodn&yacute;m,<\/i><\/span><\/p>\n<p style=\"margin: 0.0px 0.0px 0.0px 0.0px; font: 16.0px Helvetica\"><span style=\"letter-spacing: 0.0px\"><i>pod pr&iacute;sny prestol samoznania s&uacute;du!<\/i><\/span><\/p>\n<p style=\"margin: 0.0px 0.0px 0.0px 0.0px; font: 16.0px Helvetica\"><span style=\"letter-spacing: 0.0px\"><i>Hor srdcia! \u010cela\u010f drah&aacute;, hore hlavy!<\/i><\/span><\/p>\n<p style=\"margin: 0.0px 0.0px 0.0px 0.0px; font: 16.0px Helvetica\"><span style=\"letter-spacing: 0.0px\"><i>Ve\u010f minie zima, uhne jarnej chv&iacute;li,<\/i><\/span><\/p>\n<p style=\"margin: 0.0px 0.0px 0.0px 0.0px; font: 16.0px Helvetica\"><span style=\"letter-spacing: 0.0px\"><i>to slnce pravdy zm&ocirc;\u017ee krivdy davy,<\/i><\/span><\/p>\n<p style=\"margin: 0.0px 0.0px 0.0px 0.0px; font: 16.0px Helvetica\"><span style=\"letter-spacing: 0.0px\"><i>zas brkne lesom Znachor, lietnu v&iacute;ly&#8230;<\/i><\/span><\/p>\n<p style=\"margin: 0.0px 0.0px 0.0px 0.0px; font: 16.0px Helvetica\"><span style=\"letter-spacing: 0.0px\"><b><i>Len pomni:&nbsp; jed\u013ea iba sever rada,<\/i><\/b><\/span><\/p>\n<p style=\"margin: 0.0px 0.0px 0.0px 0.0px; font: 16.0px Helvetica\"><span style=\"letter-spacing: 0.0px\"><b><i>kto nedr\u017e&iacute; sa svojho, v priepas\u0165 pad&aacute;&#8230;<\/i><\/b><\/span><\/p>\n<p style=\"margin: 0.0px 0.0px 0.0px 0.0px; font: 16.0px Helvetica\">&nbsp;<\/p>\n<p style=\"margin: 0.0px 0.0px 0.0px 0.0px; font: 16.0px Helvetica\">&nbsp;<\/p>\n<p style=\"margin: 0.0px 0.0px 0.0px 0.0px; font: 16.0px Helvetica\">&nbsp;<\/p>\n<p style=\"margin: 0.0px 0.0px 0.0px 0.0px; font: 16.0px Helvetica\">&nbsp; &nbsp; Zo zbierky SVKL 1963 &#8211; Vladim&iacute;r Roy: B&aacute;sne.<\/p>\n<p style=\"margin: 0.0px 0.0px 0.0px 0.0px; font: 16.0px Helvetica\">&nbsp; &nbsp;V.Roy sa narodil 17.4.1885 v Kochanovciach pri P&uacute;chove. Jeho otec , ev.far&aacute;r a mati\u010dn&yacute; bibliograf, bol vysoko vzdelan&yacute;, ale purit&aacute;nsky a pr&iacute;sny k svojmu synovi. Matka, dc&eacute;ra J.M.Hurbana, bola zase neoby\u010dajne citliv&aacute; a povo\u013en&aacute; k svojmu jedin&eacute;mu die\u0165a\u0165u. A tak mo\u017eno, \u017ee u\u017e v rannom detstve vznikli predpoklady pre vznik rozporn&yacute;ch \u010dr&#8217;t Royovej osobnosti. Vy&scaron;tudoval teol&oacute;giu. Od mladosti p&iacute;sal pod vlastn&yacute;m menom i pod viace&yacute;mi pseudonymami do Slov.poh\u013eadov, N&aacute;rodn&yacute;ch nov&iacute;n a Cirkevn&yacute;ch listov, prispieval do Sborn&iacute;ka slovenskej ml&aacute;de\u017ee, ktor&eacute;ho bol aj spoluredaktorom. Po &scaron;t&uacute;diach bol kapl&aacute;nom v Lipt.Mikul&aacute;&scaron;i, nesk&ocirc;r ist&yacute; \u010das u ujca na Starej Turej a v Pe&scaron;ti. V jeseni 1910 odch&aacute;dza na pozvanie <strong>Suetona Watsona<\/strong> na &scaron;t&uacute;di&aacute; do Anglicka, do Einburgu. \u017dije i v Glasgove a v Lond&yacute;ne. Nav&scaron;&iacute;vil i Franc&uacute;zko, Holandsko, Nemecko a nesk&ocirc;r i &scaron;kandin&aacute;vske &scaron;t&aacute;ty.<\/p>\n<p style=\"margin: 0.0px 0.0px 0.0px 0.0px; font: 16.0px Helvetica\">&nbsp; &nbsp; &nbsp;<strong>V r .1912 &nbsp;st&aacute;va sa far&aacute;rom v P&uacute;chove <\/strong>a v lete toho roku sa \u017een&iacute; so sl.Vierou &Scaron;vehlovou. V r.1914 podnik&aacute; so svojou man\u017eelkou cestu po vtedaj&scaron;ej Istrii a It&aacute;lii. Za svetovej vojny prech&aacute;dza rusk&yacute;m a talianskym frontom a z&uacute;\u010dast\u0148uje sa vo viacer&yacute;ch krvav&yacute;ch bitk&aacute;ch. Po okt&oacute;bri 1918 organizuje v Juhosl&aacute;vii \u010deskoslovensk&eacute; vojsko a ako jeho spoluvelite\u013e odch&aacute;dza a\u017e v decemri 1919 s jeho posledn&yacute;m transportom z \u013dublane do Prahy. Od r. 1919 p&ocirc;sob&iacute; op&auml;\u0165 ako far&aacute;r v P&uacute;chove a je medzi \u013eudom ob\u013e&uacute;ben&yacute;. Ovl&aacute;da &nbsp;akt&iacute;vne viac svetov&yacute;ch re\u010d&iacute;. \u010cinne sa zap&aacute;ja aj do politick&eacute;ho \u017eivota v \u010cSR, p&iacute;&scaron;e \u010dl&aacute;nky, predn&aacute;&scaron;a, je redaktorom Slovensk&eacute;ho t&yacute;\u017edenn&iacute;ka. Sklaman&yacute;, t&uacute;\u017ei po tichom tvorivom \u017eivote. Na \u010das nech&aacute;va aj far&aacute;rsky &uacute;rad , chcej&uacute;c sa venova\u0165 len liter&aacute;rnej a prekladate\u013eskej \u010dinnosti. V tom \u010dase sa v&scaron;ak z literat&uacute;ry vy\u017ei\u0165 nedalo a prij&iacute;ma faru <strong>na Bukovci<\/strong>.&nbsp;&Uacute;morn&aacute; pr&aacute;ca, chudoba a boh&eacute;msky sp&ocirc;sob \u017eivota podlamuj&uacute; jeho zdravie. Pres\u0165ahoval do Martina, lie\u010dil sa v Tatr&aacute;ch, kde aj zomrel, 51- ro\u010dn&yacute;, 6.febru&aacute;a 1936 v Novom Smokovci.<\/p>\n","protected":false},"excerpt":{"rendered":"<p>&nbsp;Vladim&iacute;r Roy: Na Nov&yacute; rok&nbsp; &nbsp; &nbsp; &nbsp; &nbsp; &nbsp; &nbsp; &nbsp; &nbsp; &nbsp; &nbsp; &nbsp; &nbsp; (&uacute;ryvok) &nbsp; &#8230;. Ta k \u010dist&yacute;m \u017eriedlam, ku prame\u0148om rodn&yacute;m, ku chat&aacute;m jarmom tiesnen&eacute;ho \u013eudu, ku sv&auml;t&yacute;m urn&aacute;m otcov sl&aacute;vy hodn&yacute;m, pod pr&iacute;sny prestol samoznania s&uacute;du! Hor srdcia! \u010cela\u010f drah&aacute;, hore hlavy! Ve\u010f minie zima, uhne jarnej chv&iacute;li, &#8230; <a title=\"Vladim\u00edr Roy: Na Nov\u00fd rok\" class=\"read-more\" href=\"https:\/\/www.e-anjelik.sk\/index.php\/2012\/01\/22\/vladimir-roy-na-novy-rok\/\" aria-label=\"Pre\u010d\u00edtajte si viac o Vladim\u00edr Roy: Na Nov\u00fd rok\">\u010c\u00edta\u0165 viac<\/a><\/p>\n","protected":false},"author":4,"featured_media":0,"comment_status":"open","ping_status":"open","sticky":false,"template":"","format":"standard","meta":{"footnotes":""},"categories":[165,95],"tags":[],"class_list":["post-4060","post","type-post","status-publish","format-standard","hentry","category-poezia-2","category-sobotiste"],"_links":{"self":[{"href":"https:\/\/www.e-anjelik.sk\/index.php\/wp-json\/wp\/v2\/posts\/4060","targetHints":{"allow":["GET"]}}],"collection":[{"href":"https:\/\/www.e-anjelik.sk\/index.php\/wp-json\/wp\/v2\/posts"}],"about":[{"href":"https:\/\/www.e-anjelik.sk\/index.php\/wp-json\/wp\/v2\/types\/post"}],"author":[{"embeddable":true,"href":"https:\/\/www.e-anjelik.sk\/index.php\/wp-json\/wp\/v2\/users\/4"}],"replies":[{"embeddable":true,"href":"https:\/\/www.e-anjelik.sk\/index.php\/wp-json\/wp\/v2\/comments?post=4060"}],"version-history":[{"count":0,"href":"https:\/\/www.e-anjelik.sk\/index.php\/wp-json\/wp\/v2\/posts\/4060\/revisions"}],"wp:attachment":[{"href":"https:\/\/www.e-anjelik.sk\/index.php\/wp-json\/wp\/v2\/media?parent=4060"}],"wp:term":[{"taxonomy":"category","embeddable":true,"href":"https:\/\/www.e-anjelik.sk\/index.php\/wp-json\/wp\/v2\/categories?post=4060"},{"taxonomy":"post_tag","embeddable":true,"href":"https:\/\/www.e-anjelik.sk\/index.php\/wp-json\/wp\/v2\/tags?post=4060"}],"curies":[{"name":"wp","href":"https:\/\/api.w.org\/{rel}","templated":true}]}}