{"id":4064,"date":"2012-01-24T10:30:50","date_gmt":"2012-01-24T10:30:50","guid":{"rendered":"http:\/\/e-anjelik.sk\/?p=4064"},"modified":"2012-01-24T10:30:50","modified_gmt":"2012-01-24T10:30:50","slug":"bude-europa-telom-bez-duse-2","status":"publish","type":"post","link":"https:\/\/www.e-anjelik.sk\/index.php\/2012\/01\/24\/bude-europa-telom-bez-duse-2\/","title":{"rendered":"Bude Eur\u00f3pa telom bez du\u0161e?"},"content":{"rendered":"<p>Po prv&yacute; raz sa stretli synod&aacute;li evanjelick&yacute;ch cirkv&iacute; Eur&oacute;py. Na stretnut&iacute; bolo zast&uacute;pen&yacute;ch viacej ako 50 cirkv&iacute; zo 17 kraj&iacute;n. Organiz&aacute;torom podujatia vo wuerttemberskom Bad Boll od 20. do 22. janu&aacute;ra 2012 bolo Spolo\u010denstvo evanjelick&yacute;ch cirkv&iacute; Eur&oacute;py (GEKE). V spolo\u010dnom vyhl&aacute;sen&iacute; sa o.i. hovor&iacute;:&quot;Za\u017e&iacute;vame, \u017ee spolo\u010dn&uacute; Eur&oacute;pu bez spolo\u010dn&yacute;ch hodn&ocirc;t nemo\u017eno dosiahn&uacute;\u0165.&quot; Dom&aacute;ci ev. krajinsk&yacute; biskup Frank Ottfried &nbsp;July povedal:&quot; Eur&oacute;pa je v nebezpe\u010denstve, \u017ee sa stane zmesou kr&aacute;snych re\u010d&iacute;, alebo minipo\u010d&iacute;ta\u010dov, re&aacute;lne v&scaron;ak Eur&oacute;pou ve\u013ek&yacute;ch soci&aacute;lnych rozdielov, telom bez du&scaron;e.&quot; GEKE zdru\u017euje 105 protestantsk&yacute;ch cirkv&iacute; Eur&oacute;py a \u010diasto\u010dne aj Latinskej Ameriky.<\/p>\n<p>(<a href=\"http:\/\/www.idea.de\">www.idea.de<\/a>)<\/p>\n","protected":false},"excerpt":{"rendered":"<p>Po prv&yacute; raz sa stretli synod&aacute;li evanjelick&yacute;ch cirkv&iacute; Eur&oacute;py. Na stretnut&iacute; bolo zast&uacute;pen&yacute;ch viacej ako 50 cirkv&iacute; zo 17 kraj&iacute;n. Organiz&aacute;torom podujatia vo wuerttemberskom Bad Boll od 20. do 22. janu&aacute;ra 2012 bolo Spolo\u010denstvo evanjelick&yacute;ch cirkv&iacute; Eur&oacute;py (GEKE). V spolo\u010dnom vyhl&aacute;sen&iacute; sa o.i. hovor&iacute;:&quot;Za\u017e&iacute;vame, \u017ee spolo\u010dn&uacute; Eur&oacute;pu bez spolo\u010dn&yacute;ch hodn&ocirc;t nemo\u017eno dosiahn&uacute;\u0165.&quot; Dom&aacute;ci ev. krajinsk&yacute; &#8230; <a title=\"Bude Eur\u00f3pa telom bez du\u0161e?\" class=\"read-more\" href=\"https:\/\/www.e-anjelik.sk\/index.php\/2012\/01\/24\/bude-europa-telom-bez-duse-2\/\" aria-label=\"Pre\u010d\u00edtajte si viac o Bude Eur\u00f3pa telom bez du\u0161e?\">\u010c\u00edta\u0165 viac<\/a><\/p>\n","protected":false},"author":22,"featured_media":0,"comment_status":"open","ping_status":"open","sticky":false,"template":"","format":"standard","meta":{"footnotes":""},"categories":[9,10],"tags":[],"class_list":["post-4064","post","type-post","status-publish","format-standard","hentry","category-europa","category-zo-sveta"],"_links":{"self":[{"href":"https:\/\/www.e-anjelik.sk\/index.php\/wp-json\/wp\/v2\/posts\/4064","targetHints":{"allow":["GET"]}}],"collection":[{"href":"https:\/\/www.e-anjelik.sk\/index.php\/wp-json\/wp\/v2\/posts"}],"about":[{"href":"https:\/\/www.e-anjelik.sk\/index.php\/wp-json\/wp\/v2\/types\/post"}],"author":[{"embeddable":true,"href":"https:\/\/www.e-anjelik.sk\/index.php\/wp-json\/wp\/v2\/users\/22"}],"replies":[{"embeddable":true,"href":"https:\/\/www.e-anjelik.sk\/index.php\/wp-json\/wp\/v2\/comments?post=4064"}],"version-history":[{"count":0,"href":"https:\/\/www.e-anjelik.sk\/index.php\/wp-json\/wp\/v2\/posts\/4064\/revisions"}],"wp:attachment":[{"href":"https:\/\/www.e-anjelik.sk\/index.php\/wp-json\/wp\/v2\/media?parent=4064"}],"wp:term":[{"taxonomy":"category","embeddable":true,"href":"https:\/\/www.e-anjelik.sk\/index.php\/wp-json\/wp\/v2\/categories?post=4064"},{"taxonomy":"post_tag","embeddable":true,"href":"https:\/\/www.e-anjelik.sk\/index.php\/wp-json\/wp\/v2\/tags?post=4064"}],"curies":[{"name":"wp","href":"https:\/\/api.w.org\/{rel}","templated":true}]}}