{"id":4081,"date":"2012-02-01T15:09:21","date_gmt":"2012-02-01T15:09:21","guid":{"rendered":"http:\/\/e-anjelik.sk\/?p=4081"},"modified":"2012-02-01T15:09:21","modified_gmt":"2012-02-01T15:09:21","slug":"kardinal-koch-chce-spolocne-vyhlasenie-o-urade-a-chapani-vecere-panovej","status":"publish","type":"post","link":"https:\/\/www.e-anjelik.sk\/index.php\/2012\/02\/01\/kardinal-koch-chce-spolocne-vyhlasenie-o-urade-a-chapani-vecere-panovej\/","title":{"rendered":"Kardin\u00e1l Koch chce spolo\u010dn\u00e9 vyhl\u00e1senie o \u00farade a ch\u00e1pan\u00ed Ve\u010dere P\u00e1novej"},"content":{"rendered":"<p>Kardin&aacute;l Koch ,ktor&yacute; je pova\u017eovan&yacute; za &quot;ministra pre ekumenick&eacute; z&aacute;le\u017eitosti&quot; Vatik&aacute;nu, vyjadril sa v Trieri za spolo\u010dn&eacute; vyhl&aacute;senie katol&iacute;kov a evanjelikov o &uacute;rade a ch&aacute;pen&iacute; Ve\u010dere P&aacute;novej. Malo by to by\u0165 podobn&eacute; vyhl&aacute;senie ako o ospravedlnen&iacute;, ktor&eacute; bolo podp&iacute;san&eacute; ako dokument v r. 1999. Rozdelenie kres\u0165anov pova\u017euje za &scaron;kand&aacute;l. Tak ako sa kres\u0165ania rozdelili, teraz je ich &uacute;lohou napom&aacute;ha\u0165 jednotu viery a sviatost&iacute;. Pritom nesmie &iacute;s\u0165 o tlaky z oboch str&aacute;n: katol&iacute;ci nesm&uacute; tla\u010di\u0165 na druh&uacute; stranu o uznanie &uacute;radu p&aacute;pe\u017ea, k&yacute;m evanjelici o uznanie spolo\u010denstva viery.<\/p>\n<p>(<a href=\"http:\/\/www.ekd.de\">www.ekd.de<\/a>)<\/p>\n","protected":false},"excerpt":{"rendered":"<p>Kardin&aacute;l Koch ,ktor&yacute; je pova\u017eovan&yacute; za &quot;ministra pre ekumenick&eacute; z&aacute;le\u017eitosti&quot; Vatik&aacute;nu, vyjadril sa v Trieri za spolo\u010dn&eacute; vyhl&aacute;senie katol&iacute;kov a evanjelikov o &uacute;rade a ch&aacute;pen&iacute; Ve\u010dere P&aacute;novej. Malo by to by\u0165 podobn&eacute; vyhl&aacute;senie ako o ospravedlnen&iacute;, ktor&eacute; bolo podp&iacute;san&eacute; ako dokument v r. 1999. Rozdelenie kres\u0165anov pova\u017euje za &scaron;kand&aacute;l. Tak ako sa kres\u0165ania rozdelili, teraz &#8230; <a title=\"Kardin\u00e1l Koch chce spolo\u010dn\u00e9 vyhl\u00e1senie o \u00farade a ch\u00e1pan\u00ed Ve\u010dere P\u00e1novej\" class=\"read-more\" href=\"https:\/\/www.e-anjelik.sk\/index.php\/2012\/02\/01\/kardinal-koch-chce-spolocne-vyhlasenie-o-urade-a-chapani-vecere-panovej\/\" aria-label=\"Pre\u010d\u00edtajte si viac o Kardin\u00e1l Koch chce spolo\u010dn\u00e9 vyhl\u00e1senie o \u00farade a ch\u00e1pan\u00ed Ve\u010dere P\u00e1novej\">\u010c\u00edta\u0165 viac<\/a><\/p>\n","protected":false},"author":22,"featured_media":0,"comment_status":"open","ping_status":"open","sticky":false,"template":"","format":"standard","meta":{"footnotes":""},"categories":[2],"tags":[],"class_list":["post-4081","post","type-post","status-publish","format-standard","hentry","category-ekumena"],"_links":{"self":[{"href":"https:\/\/www.e-anjelik.sk\/index.php\/wp-json\/wp\/v2\/posts\/4081","targetHints":{"allow":["GET"]}}],"collection":[{"href":"https:\/\/www.e-anjelik.sk\/index.php\/wp-json\/wp\/v2\/posts"}],"about":[{"href":"https:\/\/www.e-anjelik.sk\/index.php\/wp-json\/wp\/v2\/types\/post"}],"author":[{"embeddable":true,"href":"https:\/\/www.e-anjelik.sk\/index.php\/wp-json\/wp\/v2\/users\/22"}],"replies":[{"embeddable":true,"href":"https:\/\/www.e-anjelik.sk\/index.php\/wp-json\/wp\/v2\/comments?post=4081"}],"version-history":[{"count":0,"href":"https:\/\/www.e-anjelik.sk\/index.php\/wp-json\/wp\/v2\/posts\/4081\/revisions"}],"wp:attachment":[{"href":"https:\/\/www.e-anjelik.sk\/index.php\/wp-json\/wp\/v2\/media?parent=4081"}],"wp:term":[{"taxonomy":"category","embeddable":true,"href":"https:\/\/www.e-anjelik.sk\/index.php\/wp-json\/wp\/v2\/categories?post=4081"},{"taxonomy":"post_tag","embeddable":true,"href":"https:\/\/www.e-anjelik.sk\/index.php\/wp-json\/wp\/v2\/tags?post=4081"}],"curies":[{"name":"wp","href":"https:\/\/api.w.org\/{rel}","templated":true}]}}