{"id":4082,"date":"2012-02-01T15:33:37","date_gmt":"2012-02-01T15:33:37","guid":{"rendered":"http:\/\/e-anjelik.sk\/?p=4082"},"modified":"2012-02-01T15:33:37","modified_gmt":"2012-02-01T15:33:37","slug":"2-februar-sviatok-predstavenie-krista-pana","status":"publish","type":"post","link":"https:\/\/www.e-anjelik.sk\/index.php\/2012\/02\/01\/2-februar-sviatok-predstavenie-krista-pana\/","title":{"rendered":"2. febru\u00e1r &#8211; sviatok Predstavenie Krista P\u00e1na"},"content":{"rendered":"<p>Predstavenie Krista P&aacute;na je sviatok starobyl&eacute;ho kres\u0165ansk&eacute;ho p&ocirc;vodu. \u013dudovo sa naz&yacute;va aj Hromnice. V katol&iacute;ckej cirkvi v tento de\u0148 posviacali sviece, ktor&eacute; v dom&aacute;cnostiach za\u017e&iacute;hali pred bleskom a hrmen&iacute;m, teda v nebezpe\u010d&iacute; b&uacute;rok. \u010c&iacute;tajme spolu &uacute;ryvok&nbsp;\u017ealmu 48, ktor&yacute; je predp&iacute;san&yacute; na tento de\u0148:<\/p>\n<p>&quot;<em><strong>Ve\u013ek&yacute; je Hospodin a ve\u013emi chv&aacute;lyhodn&yacute;. V meste n&aacute;&scaron;ho Boha je jeho sv&auml;t&yacute; vrch. Na rados\u0165 celej zeme kr&aacute;sne sa vyp&iacute;na vrch Sion, severn&yacute; v&yacute;be\u017eok, mesto ve\u013ek&eacute;ho Kr&aacute;\u013ea. Boh sa v jeho pal&aacute;coch osved\u010di&ocirc;l ako spo\u013eahliv&aacute; ochrana. &#8230; V tvojom chr&aacute;me ,Bo\u017ee rozj&iacute;mame o tvojej milosti. Ak&eacute; je tvoje meno, Bo\u017ee, tak&aacute; ti patr&iacute; chv&aacute;la, a\u017e po kon\u010diny zeme. tvoja pravica je pln&aacute; spravodlivosti.&quot;<\/strong><\/em><\/p>\n","protected":false},"excerpt":{"rendered":"<p>Predstavenie Krista P&aacute;na je sviatok starobyl&eacute;ho kres\u0165ansk&eacute;ho p&ocirc;vodu. \u013dudovo sa naz&yacute;va aj Hromnice. V katol&iacute;ckej cirkvi v tento de\u0148 posviacali sviece, ktor&eacute; v dom&aacute;cnostiach za\u017e&iacute;hali pred bleskom a hrmen&iacute;m, teda v nebezpe\u010d&iacute; b&uacute;rok. \u010c&iacute;tajme spolu &uacute;ryvok&nbsp;\u017ealmu 48, ktor&yacute; je predp&iacute;san&yacute; na tento de\u0148: &quot;Ve\u013ek&yacute; je Hospodin a ve\u013emi chv&aacute;lyhodn&yacute;. V meste n&aacute;&scaron;ho Boha je jeho &#8230; <a title=\"2. febru\u00e1r &#8211; sviatok Predstavenie Krista P\u00e1na\" class=\"read-more\" href=\"https:\/\/www.e-anjelik.sk\/index.php\/2012\/02\/01\/2-februar-sviatok-predstavenie-krista-pana\/\" aria-label=\"Pre\u010d\u00edtajte si viac o 2. febru\u00e1r &#8211; sviatok Predstavenie Krista P\u00e1na\">\u010c\u00edta\u0165 viac<\/a><\/p>\n","protected":false},"author":22,"featured_media":0,"comment_status":"open","ping_status":"open","sticky":false,"template":"","format":"standard","meta":{"footnotes":""},"categories":[1],"tags":[242],"class_list":["post-4082","post","type-post","status-publish","format-standard","hentry","category-adventna-modlitba","tag-slavnosti"],"_links":{"self":[{"href":"https:\/\/www.e-anjelik.sk\/index.php\/wp-json\/wp\/v2\/posts\/4082","targetHints":{"allow":["GET"]}}],"collection":[{"href":"https:\/\/www.e-anjelik.sk\/index.php\/wp-json\/wp\/v2\/posts"}],"about":[{"href":"https:\/\/www.e-anjelik.sk\/index.php\/wp-json\/wp\/v2\/types\/post"}],"author":[{"embeddable":true,"href":"https:\/\/www.e-anjelik.sk\/index.php\/wp-json\/wp\/v2\/users\/22"}],"replies":[{"embeddable":true,"href":"https:\/\/www.e-anjelik.sk\/index.php\/wp-json\/wp\/v2\/comments?post=4082"}],"version-history":[{"count":0,"href":"https:\/\/www.e-anjelik.sk\/index.php\/wp-json\/wp\/v2\/posts\/4082\/revisions"}],"wp:attachment":[{"href":"https:\/\/www.e-anjelik.sk\/index.php\/wp-json\/wp\/v2\/media?parent=4082"}],"wp:term":[{"taxonomy":"category","embeddable":true,"href":"https:\/\/www.e-anjelik.sk\/index.php\/wp-json\/wp\/v2\/categories?post=4082"},{"taxonomy":"post_tag","embeddable":true,"href":"https:\/\/www.e-anjelik.sk\/index.php\/wp-json\/wp\/v2\/tags?post=4082"}],"curies":[{"name":"wp","href":"https:\/\/api.w.org\/{rel}","templated":true}]}}