{"id":4088,"date":"2012-02-06T13:24:32","date_gmt":"2012-02-06T13:24:32","guid":{"rendered":"http:\/\/e-anjelik.sk\/?p=4088"},"modified":"2012-02-06T13:24:32","modified_gmt":"2012-02-06T13:24:32","slug":"den-saamov","status":"publish","type":"post","link":"https:\/\/www.e-anjelik.sk\/index.php\/2012\/02\/06\/den-saamov\/","title":{"rendered":"De\u0148 Saamov"},"content":{"rendered":"<p>6. febru&aacute;r sa na Severe Eur&oacute;py oslavuje a pripom&iacute;na ako de\u0148 tamoj&scaron;ej p&ocirc;vodnej etrnickej men&scaron;iny &#8211; Saamov (predt&yacute;m Laponcov). V Laponsku ich \u017eije akolo pol mili&oacute;na. Hovoria saamsk&yacute;mi jazykmi, ktor&eacute; patria medzi ugrof&iacute;nsku rodinu. Aj luter&aacute;nske cirkvi F&iacute;nska, &Scaron;v&eacute;dska a N&oacute;rska sa v ostatn&yacute;ch rokoch intenz&iacute;vne venuj&uacute; aj tejto n&aacute;rodnosti. Ako p&iacute;&scaron;e &scaron;v&eacute;dska cirkevn&aacute; tla\u010d, je zna\u010dn&yacute; z&aacute;ujem o&nbsp;bohoslu\u017eby v re\u010di Saamov.&nbsp;De\u0148 Saamov sa za\u010dal &uacute;radne sl&aacute;vi\u0165&nbsp;&nbsp;6. febru&aacute;ra 1992, teda pred 20 rokmi.<\/p>\n<p>(<a href=\"http:\/\/www.kyrkanstidning.se\">www.kyrkanstidning.se<\/a>)<\/p>\n","protected":false},"excerpt":{"rendered":"<p>6. febru&aacute;r sa na Severe Eur&oacute;py oslavuje a pripom&iacute;na ako de\u0148 tamoj&scaron;ej p&ocirc;vodnej etrnickej men&scaron;iny &#8211; Saamov (predt&yacute;m Laponcov). V Laponsku ich \u017eije akolo pol mili&oacute;na. Hovoria saamsk&yacute;mi jazykmi, ktor&eacute; patria medzi ugrof&iacute;nsku rodinu. Aj luter&aacute;nske cirkvi F&iacute;nska, &Scaron;v&eacute;dska a N&oacute;rska sa v ostatn&yacute;ch rokoch intenz&iacute;vne venuj&uacute; aj tejto n&aacute;rodnosti. Ako p&iacute;&scaron;e &scaron;v&eacute;dska cirkevn&aacute; tla\u010d, &#8230; <a title=\"De\u0148 Saamov\" class=\"read-more\" href=\"https:\/\/www.e-anjelik.sk\/index.php\/2012\/02\/06\/den-saamov\/\" aria-label=\"Pre\u010d\u00edtajte si viac o De\u0148 Saamov\">\u010c\u00edta\u0165 viac<\/a><\/p>\n","protected":false},"author":22,"featured_media":0,"comment_status":"open","ping_status":"open","sticky":false,"template":"","format":"standard","meta":{"footnotes":""},"categories":[1],"tags":[234],"class_list":["post-4088","post","type-post","status-publish","format-standard","hentry","category-adventna-modlitba","tag-zdruzenia-a-skupiny"],"_links":{"self":[{"href":"https:\/\/www.e-anjelik.sk\/index.php\/wp-json\/wp\/v2\/posts\/4088","targetHints":{"allow":["GET"]}}],"collection":[{"href":"https:\/\/www.e-anjelik.sk\/index.php\/wp-json\/wp\/v2\/posts"}],"about":[{"href":"https:\/\/www.e-anjelik.sk\/index.php\/wp-json\/wp\/v2\/types\/post"}],"author":[{"embeddable":true,"href":"https:\/\/www.e-anjelik.sk\/index.php\/wp-json\/wp\/v2\/users\/22"}],"replies":[{"embeddable":true,"href":"https:\/\/www.e-anjelik.sk\/index.php\/wp-json\/wp\/v2\/comments?post=4088"}],"version-history":[{"count":0,"href":"https:\/\/www.e-anjelik.sk\/index.php\/wp-json\/wp\/v2\/posts\/4088\/revisions"}],"wp:attachment":[{"href":"https:\/\/www.e-anjelik.sk\/index.php\/wp-json\/wp\/v2\/media?parent=4088"}],"wp:term":[{"taxonomy":"category","embeddable":true,"href":"https:\/\/www.e-anjelik.sk\/index.php\/wp-json\/wp\/v2\/categories?post=4088"},{"taxonomy":"post_tag","embeddable":true,"href":"https:\/\/www.e-anjelik.sk\/index.php\/wp-json\/wp\/v2\/tags?post=4088"}],"curies":[{"name":"wp","href":"https:\/\/api.w.org\/{rel}","templated":true}]}}