{"id":4091,"date":"2012-02-09T12:37:44","date_gmt":"2012-02-09T12:37:44","guid":{"rendered":"http:\/\/e-anjelik.sk\/?p=4091"},"modified":"2012-02-09T12:37:44","modified_gmt":"2012-02-09T12:37:44","slug":"madarski-ev-biskupi-a-predsednictvo-cirkvi-vydali-pastiersky-list","status":"publish","type":"post","link":"https:\/\/www.e-anjelik.sk\/index.php\/2012\/02\/09\/madarski-ev-biskupi-a-predsednictvo-cirkvi-vydali-pastiersky-list\/","title":{"rendered":"Ma\u010farsk\u00ed ev. biskupi a predsedn\u00edctvo cirkvi vydali pastiersky list"},"content":{"rendered":"<p>&nbsp;<\/p>\n<p>Zbor biskupov a gen. dozorca Ev. cirkvi v Ma\u010farsku vydali v tomto \u010dase pastiersky list&nbsp;pre \u010dlenov cirkvi a v&scaron;etk&yacute;ch ob\u010danov -ne\u010dlenov cirkvi. Obsahom listu je v&yacute;zva up&iacute;sa\u0165 pre Ev.cirkev jedno percento z dane, k&yacute;m druh&eacute; percento m&ocirc;\u017eu up&iacute;sa\u0165 pre jednotliv&eacute; cirkevn&eacute; zbory alebo lok&aacute;lne cirkevn&eacute; zariadenia. V liste sa kon&scaron;tatuje, \u017ee ka\u017ed&yacute; rok je up&iacute;san&aacute; suma pre cirkev vy&scaron;&scaron;ia, \u010do sved\u010d&iacute;, \u017ee verejnos\u0165 oce\u0148uje pr&aacute;cu a poslanie Ev.- cirkvi a v tomto znamen&iacute; autori vyjadruj&uacute; n&aacute;dej, \u017ee tak tomu bude i tohto roku, za \u010do darcom&nbsp; vopred srde\u010dne \u010fakuj&uacute;.<\/p>\n<p>(<a href=\"http:\/\/www.evangelikus.hu\">www.evangelikus.hu<\/a>)<\/p>\n","protected":false},"excerpt":{"rendered":"<p>&nbsp; Zbor biskupov a gen. dozorca Ev. cirkvi v Ma\u010farsku vydali v tomto \u010dase pastiersky list&nbsp;pre \u010dlenov cirkvi a v&scaron;etk&yacute;ch ob\u010danov -ne\u010dlenov cirkvi. Obsahom listu je v&yacute;zva up&iacute;sa\u0165 pre Ev.cirkev jedno percento z dane, k&yacute;m druh&eacute; percento m&ocirc;\u017eu up&iacute;sa\u0165 pre jednotliv&eacute; cirkevn&eacute; zbory alebo lok&aacute;lne cirkevn&eacute; zariadenia. V liste sa kon&scaron;tatuje, \u017ee ka\u017ed&yacute; rok je &#8230; <a title=\"Ma\u010farsk\u00ed ev. biskupi a predsedn\u00edctvo cirkvi vydali pastiersky list\" class=\"read-more\" href=\"https:\/\/www.e-anjelik.sk\/index.php\/2012\/02\/09\/madarski-ev-biskupi-a-predsednictvo-cirkvi-vydali-pastiersky-list\/\" aria-label=\"Pre\u010d\u00edtajte si viac o Ma\u010farsk\u00ed ev. biskupi a predsedn\u00edctvo cirkvi vydali pastiersky list\">\u010c\u00edta\u0165 viac<\/a><\/p>\n","protected":false},"author":22,"featured_media":0,"comment_status":"open","ping_status":"open","sticky":false,"template":"","format":"standard","meta":{"footnotes":""},"categories":[9,10],"tags":[],"class_list":["post-4091","post","type-post","status-publish","format-standard","hentry","category-europa","category-zo-sveta"],"_links":{"self":[{"href":"https:\/\/www.e-anjelik.sk\/index.php\/wp-json\/wp\/v2\/posts\/4091","targetHints":{"allow":["GET"]}}],"collection":[{"href":"https:\/\/www.e-anjelik.sk\/index.php\/wp-json\/wp\/v2\/posts"}],"about":[{"href":"https:\/\/www.e-anjelik.sk\/index.php\/wp-json\/wp\/v2\/types\/post"}],"author":[{"embeddable":true,"href":"https:\/\/www.e-anjelik.sk\/index.php\/wp-json\/wp\/v2\/users\/22"}],"replies":[{"embeddable":true,"href":"https:\/\/www.e-anjelik.sk\/index.php\/wp-json\/wp\/v2\/comments?post=4091"}],"version-history":[{"count":0,"href":"https:\/\/www.e-anjelik.sk\/index.php\/wp-json\/wp\/v2\/posts\/4091\/revisions"}],"wp:attachment":[{"href":"https:\/\/www.e-anjelik.sk\/index.php\/wp-json\/wp\/v2\/media?parent=4091"}],"wp:term":[{"taxonomy":"category","embeddable":true,"href":"https:\/\/www.e-anjelik.sk\/index.php\/wp-json\/wp\/v2\/categories?post=4091"},{"taxonomy":"post_tag","embeddable":true,"href":"https:\/\/www.e-anjelik.sk\/index.php\/wp-json\/wp\/v2\/tags?post=4091"}],"curies":[{"name":"wp","href":"https:\/\/api.w.org\/{rel}","templated":true}]}}