{"id":4092,"date":"2012-02-09T12:59:15","date_gmt":"2012-02-09T12:59:15","guid":{"rendered":"http:\/\/e-anjelik.sk\/?p=4092"},"modified":"2012-02-09T12:59:15","modified_gmt":"2012-02-09T12:59:15","slug":"20-rokov-obnovy-ev-zboru-v-odese-ukrajina","status":"publish","type":"post","link":"https:\/\/www.e-anjelik.sk\/index.php\/2012\/02\/09\/20-rokov-obnovy-ev-zboru-v-odese-ukrajina\/","title":{"rendered":"20 rokov obnovy ev. zboru v Odese, Ukrajina"},"content":{"rendered":"<p>6.- febru&aacute;ra t.r. v priestoroch cirkevn&eacute;ho zboru Nemeckej ev. lut. cirkvi v Ukrajine v Odese konali sa oslavy 20. v&yacute;ro\u010dia obnovy ev. cirkevn&eacute;ho zboru v Odese. Sl&aacute;vnos\u0165 zapo\u010dala modlitebn&yacute;mi bohoslu\u017ebami, po nich sa konala mal&aacute; konferencia s n&aacute;zvom&quot;20 rokov : vyu\u017eit&eacute; mo\u017enosti alebo prem&aacute;rnen&eacute; mo\u017enosti ?&quot; . Potom sa v chr&aacute;me apo&scaron;tola Pavla konal sl&aacute;vnostn&yacute; koncert.Sl&aacute;vnos\u0165 bola ukon\u010den&aacute;&nbsp; \u010fakovn&yacute;mi slu\u017ebami Bo\u017e&iacute;mi.<\/p>\n<p>(<a href=\"http:\/\/www.delku.org.ua\">www.delku.org.ua<\/a>)<\/p>\n","protected":false},"excerpt":{"rendered":"<p>6.- febru&aacute;ra t.r. v priestoroch cirkevn&eacute;ho zboru Nemeckej ev. lut. cirkvi v Ukrajine v Odese konali sa oslavy 20. v&yacute;ro\u010dia obnovy ev. cirkevn&eacute;ho zboru v Odese. Sl&aacute;vnos\u0165 zapo\u010dala modlitebn&yacute;mi bohoslu\u017ebami, po nich sa konala mal&aacute; konferencia s n&aacute;zvom&quot;20 rokov : vyu\u017eit&eacute; mo\u017enosti alebo prem&aacute;rnen&eacute; mo\u017enosti ?&quot; . Potom sa v chr&aacute;me apo&scaron;tola Pavla konal sl&aacute;vnostn&yacute; &#8230; <a title=\"20 rokov obnovy ev. zboru v Odese, Ukrajina\" class=\"read-more\" href=\"https:\/\/www.e-anjelik.sk\/index.php\/2012\/02\/09\/20-rokov-obnovy-ev-zboru-v-odese-ukrajina\/\" aria-label=\"Pre\u010d\u00edtajte si viac o 20 rokov obnovy ev. zboru v Odese, Ukrajina\">\u010c\u00edta\u0165 viac<\/a><\/p>\n","protected":false},"author":22,"featured_media":0,"comment_status":"open","ping_status":"open","sticky":false,"template":"","format":"standard","meta":{"footnotes":""},"categories":[9,10],"tags":[],"class_list":["post-4092","post","type-post","status-publish","format-standard","hentry","category-europa","category-zo-sveta"],"_links":{"self":[{"href":"https:\/\/www.e-anjelik.sk\/index.php\/wp-json\/wp\/v2\/posts\/4092","targetHints":{"allow":["GET"]}}],"collection":[{"href":"https:\/\/www.e-anjelik.sk\/index.php\/wp-json\/wp\/v2\/posts"}],"about":[{"href":"https:\/\/www.e-anjelik.sk\/index.php\/wp-json\/wp\/v2\/types\/post"}],"author":[{"embeddable":true,"href":"https:\/\/www.e-anjelik.sk\/index.php\/wp-json\/wp\/v2\/users\/22"}],"replies":[{"embeddable":true,"href":"https:\/\/www.e-anjelik.sk\/index.php\/wp-json\/wp\/v2\/comments?post=4092"}],"version-history":[{"count":0,"href":"https:\/\/www.e-anjelik.sk\/index.php\/wp-json\/wp\/v2\/posts\/4092\/revisions"}],"wp:attachment":[{"href":"https:\/\/www.e-anjelik.sk\/index.php\/wp-json\/wp\/v2\/media?parent=4092"}],"wp:term":[{"taxonomy":"category","embeddable":true,"href":"https:\/\/www.e-anjelik.sk\/index.php\/wp-json\/wp\/v2\/categories?post=4092"},{"taxonomy":"post_tag","embeddable":true,"href":"https:\/\/www.e-anjelik.sk\/index.php\/wp-json\/wp\/v2\/tags?post=4092"}],"curies":[{"name":"wp","href":"https:\/\/api.w.org\/{rel}","templated":true}]}}