{"id":4104,"date":"2012-02-15T10:32:15","date_gmt":"2012-02-15T10:32:15","guid":{"rendered":"http:\/\/e-anjelik.sk\/?p=4104"},"modified":"2012-02-15T10:32:15","modified_gmt":"2012-02-15T10:32:15","slug":"luteranska-cirkev-nigerie-proti-malarii","status":"publish","type":"post","link":"https:\/\/www.e-anjelik.sk\/index.php\/2012\/02\/15\/luteranska-cirkev-nigerie-proti-malarii\/","title":{"rendered":"Luter\u00e1nska cirkev Nig\u00e9rie proti mal\u00e1rii"},"content":{"rendered":"<p>Luter&aacute;nska cirkev Nig&eacute;rie (LCN) bola zalo\u017een&aacute; r. 1936. Dnes m&aacute; asi 140 tis&iacute;c \u010dlenov. Na jej \u010dele stoj&iacute; arcibiskup Christian Ekong. Ten sa z&uacute;\u010dastnil 17. -20. janu&aacute;ra 2012 symp&oacute;zia teologick&eacute;ho semin&aacute;ra Concordia LCMS vo Fort Wayne. N&aacute;sledne 29. janu&aacute;ra nav&scaron;t&iacute;vil &uacute;stredie LCMS v St. Louise, &uacute;rad medzin&aacute;rodnej misie. Na agende rokovania bola pomoc tejto cirkvi svojim partnerom z Nig&eacute;rie v boji za odstr&aacute;nenie &uacute;mrt&iacute; n&aacute;sledkom mal&aacute;rie- vypracova\u0165 pl&aacute;n pr&aacute;ce Luter&aacute;nskej iniciat&iacute;vy proti mal&aacute;rii (LMI). Americk&aacute; cirkev m&aacute; posla\u0165 pracovn&iacute;kov ,ktor&iacute; bud&uacute; vzdel&aacute;va\u0165 a s&uacute;\u010dasne financova\u0165 tieto kurzy a lieky.Pl&aacute;n po\u010d&iacute;ta s ukon\u010den&iacute;m &uacute;mrt&iacute; obyvate\u013eov&nbsp;na mal&aacute;riu do roku 2015.<\/p>\n<p>(<a href=\"http:\/\/www.lutheranchurchnigeria.org\">www.lutheranchurchnigeria.org<\/a>)<\/p>\n<p>Pozn&aacute;mka: Okrem tejto konzervat&iacute;vnej &nbsp;lut. cirkvi je v Nig&eacute;rii aj druh&aacute; lut. cirkev &#8211; The Lutheran Church of Christ in Nigeria s 1 mil 900 tis&iacute;c \u010dlenmi. Na \u010dele je arcibiskup Nemuel A. Babba.<\/p>\n","protected":false},"excerpt":{"rendered":"<p>Luter&aacute;nska cirkev Nig&eacute;rie (LCN) bola zalo\u017een&aacute; r. 1936. Dnes m&aacute; asi 140 tis&iacute;c \u010dlenov. Na jej \u010dele stoj&iacute; arcibiskup Christian Ekong. Ten sa z&uacute;\u010dastnil 17. -20. janu&aacute;ra 2012 symp&oacute;zia teologick&eacute;ho semin&aacute;ra Concordia LCMS vo Fort Wayne. N&aacute;sledne 29. janu&aacute;ra nav&scaron;t&iacute;vil &uacute;stredie LCMS v St. Louise, &uacute;rad medzin&aacute;rodnej misie. Na agende rokovania bola pomoc tejto cirkvi &#8230; <a title=\"Luter\u00e1nska cirkev Nig\u00e9rie proti mal\u00e1rii\" class=\"read-more\" href=\"https:\/\/www.e-anjelik.sk\/index.php\/2012\/02\/15\/luteranska-cirkev-nigerie-proti-malarii\/\" aria-label=\"Pre\u010d\u00edtajte si viac o Luter\u00e1nska cirkev Nig\u00e9rie proti mal\u00e1rii\">\u010c\u00edta\u0165 viac<\/a><\/p>\n","protected":false},"author":22,"featured_media":0,"comment_status":"open","ping_status":"open","sticky":false,"template":"","format":"standard","meta":{"footnotes":""},"categories":[1],"tags":[237,234],"class_list":["post-4104","post","type-post","status-publish","format-standard","hentry","category-adventna-modlitba","tag-socialne-institucie","tag-zdruzenia-a-skupiny"],"_links":{"self":[{"href":"https:\/\/www.e-anjelik.sk\/index.php\/wp-json\/wp\/v2\/posts\/4104","targetHints":{"allow":["GET"]}}],"collection":[{"href":"https:\/\/www.e-anjelik.sk\/index.php\/wp-json\/wp\/v2\/posts"}],"about":[{"href":"https:\/\/www.e-anjelik.sk\/index.php\/wp-json\/wp\/v2\/types\/post"}],"author":[{"embeddable":true,"href":"https:\/\/www.e-anjelik.sk\/index.php\/wp-json\/wp\/v2\/users\/22"}],"replies":[{"embeddable":true,"href":"https:\/\/www.e-anjelik.sk\/index.php\/wp-json\/wp\/v2\/comments?post=4104"}],"version-history":[{"count":0,"href":"https:\/\/www.e-anjelik.sk\/index.php\/wp-json\/wp\/v2\/posts\/4104\/revisions"}],"wp:attachment":[{"href":"https:\/\/www.e-anjelik.sk\/index.php\/wp-json\/wp\/v2\/media?parent=4104"}],"wp:term":[{"taxonomy":"category","embeddable":true,"href":"https:\/\/www.e-anjelik.sk\/index.php\/wp-json\/wp\/v2\/categories?post=4104"},{"taxonomy":"post_tag","embeddable":true,"href":"https:\/\/www.e-anjelik.sk\/index.php\/wp-json\/wp\/v2\/tags?post=4104"}],"curies":[{"name":"wp","href":"https:\/\/api.w.org\/{rel}","templated":true}]}}