{"id":4105,"date":"2012-02-15T11:36:15","date_gmt":"2012-02-15T11:36:15","guid":{"rendered":"http:\/\/e-anjelik.sk\/?p=4105"},"modified":"2012-02-15T11:36:15","modified_gmt":"2012-02-15T11:36:15","slug":"festival-mladeze-pobaltia","status":"publish","type":"post","link":"https:\/\/www.e-anjelik.sk\/index.php\/2012\/02\/15\/festival-mladeze-pobaltia\/","title":{"rendered":"Festival ml\u00e1de\u017ee Pobaltia"},"content":{"rendered":"<p>9. j&uacute;na 2012 sa v Arene v Rige bude kona\u0165 najv&auml;\u010d&scaron;&iacute; hudobn&yacute; festival ml&aacute;de\u017ee troch pobaltsk&yacute;ch &scaron;t&aacute;tov (Est&oacute;nsko, Loty&scaron;sko, Litva) na b&aacute;ze viery. Organiz&aacute;tori s\u013eubuj&uacute; sedem hod&iacute;n hudby r&ocirc;znych &scaron;t&yacute;lov spolu so slovom Franklina Grahama. &Uacute;\u010dinkova\u0165 maj&uacute; hudobn&eacute; skupiny z USA,&nbsp;Pobaltia, Bieloruska a Nov&eacute;ho Z&eacute;landu.Baltic Youth Festival organizuj&uacute; miestne kres\u0165ansk&eacute; cirkvi v spolupr&aacute;ci s Evanjelik&aacute;lnou asoci&aacute;ciou Billyho Grahama z USA.<\/p>\n<p>(<a href=\"http:\/\/www.byf2012.lv\">www.byf2012.lv<\/a>)<\/p>\n","protected":false},"excerpt":{"rendered":"<p>9. j&uacute;na 2012 sa v Arene v Rige bude kona\u0165 najv&auml;\u010d&scaron;&iacute; hudobn&yacute; festival ml&aacute;de\u017ee troch pobaltsk&yacute;ch &scaron;t&aacute;tov (Est&oacute;nsko, Loty&scaron;sko, Litva) na b&aacute;ze viery. Organiz&aacute;tori s\u013eubuj&uacute; sedem hod&iacute;n hudby r&ocirc;znych &scaron;t&yacute;lov spolu so slovom Franklina Grahama. &Uacute;\u010dinkova\u0165 maj&uacute; hudobn&eacute; skupiny z USA,&nbsp;Pobaltia, Bieloruska a Nov&eacute;ho Z&eacute;landu.Baltic Youth Festival organizuj&uacute; miestne kres\u0165ansk&eacute; cirkvi v spolupr&aacute;ci s Evanjelik&aacute;lnou &#8230; <a title=\"Festival ml\u00e1de\u017ee Pobaltia\" class=\"read-more\" href=\"https:\/\/www.e-anjelik.sk\/index.php\/2012\/02\/15\/festival-mladeze-pobaltia\/\" aria-label=\"Pre\u010d\u00edtajte si viac o Festival ml\u00e1de\u017ee Pobaltia\">\u010c\u00edta\u0165 viac<\/a><\/p>\n","protected":false},"author":22,"featured_media":0,"comment_status":"open","ping_status":"open","sticky":false,"template":"","format":"standard","meta":{"footnotes":""},"categories":[20,2,10],"tags":[187,234],"class_list":["post-4105","post","type-post","status-publish","format-standard","hentry","category-baltikum","category-ekumena","category-zo-sveta","tag-mladez-3","tag-zdruzenia-a-skupiny"],"_links":{"self":[{"href":"https:\/\/www.e-anjelik.sk\/index.php\/wp-json\/wp\/v2\/posts\/4105","targetHints":{"allow":["GET"]}}],"collection":[{"href":"https:\/\/www.e-anjelik.sk\/index.php\/wp-json\/wp\/v2\/posts"}],"about":[{"href":"https:\/\/www.e-anjelik.sk\/index.php\/wp-json\/wp\/v2\/types\/post"}],"author":[{"embeddable":true,"href":"https:\/\/www.e-anjelik.sk\/index.php\/wp-json\/wp\/v2\/users\/22"}],"replies":[{"embeddable":true,"href":"https:\/\/www.e-anjelik.sk\/index.php\/wp-json\/wp\/v2\/comments?post=4105"}],"version-history":[{"count":0,"href":"https:\/\/www.e-anjelik.sk\/index.php\/wp-json\/wp\/v2\/posts\/4105\/revisions"}],"wp:attachment":[{"href":"https:\/\/www.e-anjelik.sk\/index.php\/wp-json\/wp\/v2\/media?parent=4105"}],"wp:term":[{"taxonomy":"category","embeddable":true,"href":"https:\/\/www.e-anjelik.sk\/index.php\/wp-json\/wp\/v2\/categories?post=4105"},{"taxonomy":"post_tag","embeddable":true,"href":"https:\/\/www.e-anjelik.sk\/index.php\/wp-json\/wp\/v2\/tags?post=4105"}],"curies":[{"name":"wp","href":"https:\/\/api.w.org\/{rel}","templated":true}]}}