{"id":4106,"date":"2012-02-15T12:34:33","date_gmt":"2012-02-15T12:34:33","guid":{"rendered":"http:\/\/e-anjelik.sk\/?p=4106"},"modified":"2012-02-15T12:34:33","modified_gmt":"2012-02-15T12:34:33","slug":"spolocenstvo-ev-cirkvi-v-europe-zasadalo-v-talline","status":"publish","type":"post","link":"https:\/\/www.e-anjelik.sk\/index.php\/2012\/02\/15\/spolocenstvo-ev-cirkvi-v-europe-zasadalo-v-talline\/","title":{"rendered":"Spolo\u010denstvo Ev. cirkv\u00ed v Eur\u00f3pe zasadalo v Talline"},"content":{"rendered":"<p>9. zasadnutie Spolo\u010denstva Evanjelick&yacute;ch cirkv&iacute; v Eur&oacute;pe (SECE)&nbsp;sa konalo v est&oacute;nskom hl. meste Talline v d\u0148och 2.a\u017e 5. febru&aacute;ra 2012. Na programe bola pr&iacute;prava -ukon\u010denie programu zasadnutia Valn&eacute;ho zhroma\u017edenia, ktor&eacute; sa bude kona\u0165 v sept. t.r. vo Florencii. Na zasadnut&iacute; sa \u010falej diskutovalo o ch&aacute;pan&iacute; P&iacute;sma vo vz\u0165ahu k cirkevn&eacute;mu &uacute;radu, n&aacute;bo\u017eenstva a soci&aacute;lnej spravodlivosti. Na z&aacute;vere\u010dn&yacute;ch slu\u017eb&aacute;ch Bo\u017e&iacute;ch v lut. chr&aacute;me sv. J&aacute;na Bo\u017eie slovo zvestoval gen. tajomn&iacute;k SECE , ev. biskup z Viedne Michael Buenker. SECE m&aacute; 107 \u010dlensk&yacute;ch cirkv&iacute; lut., ref., unijn&eacute;ho a metodistick&eacute;ho vyznania.<\/p>\n<p>(<a href=\"http:\/\/www.eelk.ee\">www.eelk.ee<\/a>)<\/p>\n","protected":false},"excerpt":{"rendered":"<p>9. zasadnutie Spolo\u010denstva Evanjelick&yacute;ch cirkv&iacute; v Eur&oacute;pe (SECE)&nbsp;sa konalo v est&oacute;nskom hl. meste Talline v d\u0148och 2.a\u017e 5. febru&aacute;ra 2012. Na programe bola pr&iacute;prava -ukon\u010denie programu zasadnutia Valn&eacute;ho zhroma\u017edenia, ktor&eacute; sa bude kona\u0165 v sept. t.r. vo Florencii. Na zasadnut&iacute; sa \u010falej diskutovalo o ch&aacute;pan&iacute; P&iacute;sma vo vz\u0165ahu k cirkevn&eacute;mu &uacute;radu, n&aacute;bo\u017eenstva a soci&aacute;lnej spravodlivosti. &#8230; <a title=\"Spolo\u010denstvo Ev. cirkv\u00ed v Eur\u00f3pe zasadalo v Talline\" class=\"read-more\" href=\"https:\/\/www.e-anjelik.sk\/index.php\/2012\/02\/15\/spolocenstvo-ev-cirkvi-v-europe-zasadalo-v-talline\/\" aria-label=\"Pre\u010d\u00edtajte si viac o Spolo\u010denstvo Ev. cirkv\u00ed v Eur\u00f3pe zasadalo v Talline\">\u010c\u00edta\u0165 viac<\/a><\/p>\n","protected":false},"author":22,"featured_media":0,"comment_status":"open","ping_status":"open","sticky":false,"template":"","format":"standard","meta":{"footnotes":""},"categories":[1],"tags":[234],"class_list":["post-4106","post","type-post","status-publish","format-standard","hentry","category-adventna-modlitba","tag-zdruzenia-a-skupiny"],"_links":{"self":[{"href":"https:\/\/www.e-anjelik.sk\/index.php\/wp-json\/wp\/v2\/posts\/4106","targetHints":{"allow":["GET"]}}],"collection":[{"href":"https:\/\/www.e-anjelik.sk\/index.php\/wp-json\/wp\/v2\/posts"}],"about":[{"href":"https:\/\/www.e-anjelik.sk\/index.php\/wp-json\/wp\/v2\/types\/post"}],"author":[{"embeddable":true,"href":"https:\/\/www.e-anjelik.sk\/index.php\/wp-json\/wp\/v2\/users\/22"}],"replies":[{"embeddable":true,"href":"https:\/\/www.e-anjelik.sk\/index.php\/wp-json\/wp\/v2\/comments?post=4106"}],"version-history":[{"count":0,"href":"https:\/\/www.e-anjelik.sk\/index.php\/wp-json\/wp\/v2\/posts\/4106\/revisions"}],"wp:attachment":[{"href":"https:\/\/www.e-anjelik.sk\/index.php\/wp-json\/wp\/v2\/media?parent=4106"}],"wp:term":[{"taxonomy":"category","embeddable":true,"href":"https:\/\/www.e-anjelik.sk\/index.php\/wp-json\/wp\/v2\/categories?post=4106"},{"taxonomy":"post_tag","embeddable":true,"href":"https:\/\/www.e-anjelik.sk\/index.php\/wp-json\/wp\/v2\/tags?post=4106"}],"curies":[{"name":"wp","href":"https:\/\/api.w.org\/{rel}","templated":true}]}}