{"id":4109,"date":"2012-02-17T10:31:15","date_gmt":"2012-02-17T10:31:15","guid":{"rendered":"http:\/\/e-anjelik.sk\/?p=4109"},"modified":"2012-02-17T10:31:15","modified_gmt":"2012-02-17T10:31:15","slug":"uzsia-spolupraca-luteranov-a-reformovanych-v-polsku","status":"publish","type":"post","link":"https:\/\/www.e-anjelik.sk\/index.php\/2012\/02\/17\/uzsia-spolupraca-luteranov-a-reformovanych-v-polsku\/","title":{"rendered":"U\u017e\u0161ia spolupr\u00e1ca luter\u00e1nov a reformovan\u00fdch v Po\u013esku"},"content":{"rendered":"<p>Na Popolcov\u00fa stredu 22. janu\u00e1ra 2012 podp\u00ed\u0161u v ev. chr\u00e1me Sv. Trojice ve Var\u0161ave dohodu medzi Evanjelickou -luter\u00e1nskou cirkvi a reformovanou cirkvou v Po\u013esku o u\u017e\u0161ej spolupr\u00e1ci. Dohoda predpoklad\u00e1 mo\u017enos\u0165 z\u00fa\u010dast\u0148ova\u0165 sa v pr\u00e1ci cirkevn\u00e9ho zboru, akt\u00edvne sa z\u00fa\u010dastni\u0165 volieb, ale nie by\u0165 zvolen\u00fdm do cirkevn\u00e9ho vedenia druhej cirkvi,pri zachovan\u00ed si svojej konfesion\u00e1lnej identity.Obe reforma\u010dn\u00e9 cirkvi v Po\u013esku s\u00fa men\u0161inov\u00e9, preto \u017eivot si vy\u017eaduje tak\u00fato dohodu. ELC m\u00e1 asi 75 tis\u00edc \u010dlenov v 134 cirkevn\u00fdch zboroch, reformovan\u00e1 cirkev 3 tis\u00edc \u010dlenov v 8 zboroch. Obe s\u00fa \u010dlenkami Spolo\u010denstva ev. cirkv\u00ed Eur\u00f3py.<br \/>\n(www.gustav-adolf-werk.de)<\/p>\n","protected":false},"excerpt":{"rendered":"<p>Na Popolcov\u00fa stredu 22. janu\u00e1ra 2012 podp\u00ed\u0161u v ev. chr\u00e1me Sv. Trojice ve Var\u0161ave dohodu medzi Evanjelickou -luter\u00e1nskou cirkvi a reformovanou cirkvou v Po\u013esku o u\u017e\u0161ej spolupr\u00e1ci. Dohoda predpoklad\u00e1 mo\u017enos\u0165 z\u00fa\u010dast\u0148ova\u0165 sa v pr\u00e1ci cirkevn\u00e9ho zboru, akt\u00edvne sa z\u00fa\u010dastni\u0165 volieb, ale nie by\u0165 zvolen\u00fdm do cirkevn\u00e9ho vedenia druhej cirkvi,pri zachovan\u00ed si svojej konfesion\u00e1lnej identity.Obe reforma\u010dn\u00e9 &#8230; <a title=\"U\u017e\u0161ia spolupr\u00e1ca luter\u00e1nov a reformovan\u00fdch v Po\u013esku\" class=\"read-more\" href=\"https:\/\/www.e-anjelik.sk\/index.php\/2012\/02\/17\/uzsia-spolupraca-luteranov-a-reformovanych-v-polsku\/\" aria-label=\"Pre\u010d\u00edtajte si viac o U\u017e\u0161ia spolupr\u00e1ca luter\u00e1nov a reformovan\u00fdch v Po\u013esku\">\u010c\u00edta\u0165 viac<\/a><\/p>\n","protected":false},"author":22,"featured_media":0,"comment_status":"open","ping_status":"open","sticky":false,"template":"","format":"standard","meta":{"footnotes":""},"categories":[9,10],"tags":[],"class_list":["post-4109","post","type-post","status-publish","format-standard","hentry","category-europa","category-zo-sveta"],"_links":{"self":[{"href":"https:\/\/www.e-anjelik.sk\/index.php\/wp-json\/wp\/v2\/posts\/4109","targetHints":{"allow":["GET"]}}],"collection":[{"href":"https:\/\/www.e-anjelik.sk\/index.php\/wp-json\/wp\/v2\/posts"}],"about":[{"href":"https:\/\/www.e-anjelik.sk\/index.php\/wp-json\/wp\/v2\/types\/post"}],"author":[{"embeddable":true,"href":"https:\/\/www.e-anjelik.sk\/index.php\/wp-json\/wp\/v2\/users\/22"}],"replies":[{"embeddable":true,"href":"https:\/\/www.e-anjelik.sk\/index.php\/wp-json\/wp\/v2\/comments?post=4109"}],"version-history":[{"count":0,"href":"https:\/\/www.e-anjelik.sk\/index.php\/wp-json\/wp\/v2\/posts\/4109\/revisions"}],"wp:attachment":[{"href":"https:\/\/www.e-anjelik.sk\/index.php\/wp-json\/wp\/v2\/media?parent=4109"}],"wp:term":[{"taxonomy":"category","embeddable":true,"href":"https:\/\/www.e-anjelik.sk\/index.php\/wp-json\/wp\/v2\/categories?post=4109"},{"taxonomy":"post_tag","embeddable":true,"href":"https:\/\/www.e-anjelik.sk\/index.php\/wp-json\/wp\/v2\/tags?post=4109"}],"curies":[{"name":"wp","href":"https:\/\/api.w.org\/{rel}","templated":true}]}}