{"id":4112,"date":"2012-02-20T18:40:04","date_gmt":"2012-02-20T18:40:04","guid":{"rendered":"http:\/\/e-anjelik.sk\/?p=4112"},"modified":"2012-02-20T18:40:04","modified_gmt":"2012-02-20T18:40:04","slug":"ja-som-pravy-vinny-kmen-vyrocna-sprava","status":"publish","type":"post","link":"https:\/\/www.e-anjelik.sk\/index.php\/2012\/02\/20\/ja-som-pravy-vinny-kmen-vyrocna-sprava\/","title":{"rendered":"Ja som prav\u00fd v\u00ednny kme\u0148&#8230; \/v\u00fdro\u010dn\u00e1 spr\u00e1va\/"},"content":{"rendered":"<p>&nbsp;&nbsp; &nbsp; &nbsp; &nbsp; &nbsp; &nbsp; &nbsp; &nbsp; &nbsp; &nbsp; &nbsp; &nbsp; &nbsp; &nbsp; &nbsp; &nbsp; &nbsp; &nbsp; &nbsp; &nbsp; &nbsp; &nbsp; &nbsp; &nbsp; &nbsp; &nbsp; &nbsp;<b>V&yacute;ro\u010dn&aacute; k\u0148azsk&aacute; spr&aacute;va za rok 2011<\/b><\/p>\n<p style=\"min-height: 19px; margin: 0px; font: 16px Helvetica\">&nbsp;<\/p>\n<p style=\"margin: 0px; font: 16px Helvetica\"><span style=\"letter-spacing: 0px\">prednesen&aacute; \u013dubom&iacute;rom Batkom, zborov&yacute;m far&aacute;rom na v&yacute;ro\u010dnom celozborovom konvente CZ ECAV so s&iacute;dlom <b>v Soboti&scaron;ti,<\/b> ktor&yacute; sa konal d\u0148a <b>12.2.2012<\/b> v chr&aacute;me Bo\u017eom v r&aacute;mci hlavn&yacute;ch SLB.<\/span><\/p>\n<p style=\"min-height: 19px; margin: 0px; font: 16px Helvetica\">&nbsp;<\/p>\n<p style=\"margin: 0px; font: 16px Helvetica\"><span style=\"letter-spacing: 0px\"><b>J&aacute;n 15,1-8<\/b><\/span><\/p>\n<p style=\"margin: 0px; font: 16px Helvetica\"><span style=\"letter-spacing: 0px\">s d&ocirc;razom na <b>v. 5: <\/b>&rdquo;<i>Ja som v&iacute;nny kme\u0148 a vy ste ratolesti. Kto zost&aacute;va vo mne a ja v \u0148om, ten prin&aacute;&scaron;a ve\u013ea ovocia, preto\u017ee bezo m\u0148a ni\u010d nem&ocirc;\u017eete \u010dini\u0165&rdquo;. Amen<\/i><\/span><\/p>\n<p style=\"min-height: 19px; margin: 0px; font: 16px Helvetica\">&nbsp;<\/p>\n<p style=\"margin: 0px; font: 16px Helvetica\"><span style=\"letter-spacing: 0px\"><i>&nbsp;&nbsp; &nbsp; &nbsp; <\/i>Velebn&yacute; konvent, bratia a sestry v P&aacute;novi Je\u017ei&scaron;ovi Kristovi!<\/span><\/p>\n<p style=\"min-height: 19px; margin: 0px; font: 16px Helvetica\">&nbsp;<\/p>\n<p style=\"margin: 0px; font: 16px Helvetica\"><span style=\"letter-spacing: 0px\">&nbsp;&nbsp; &nbsp; &nbsp; Podobenstvo PJK, ktor&eacute; je v cirkvi pomerne dobre zn&aacute;me m&aacute; t&uacute; v&yacute;hodu, \u017ee n&aacute;m pom&ocirc;\u017ee lep&scaron;ie a hlb&scaron;ie si uvedomi\u0165 z&aacute;kladn&eacute; skuto\u010dnosti o \u017eivote cirkvi, s ktor&yacute;mi m&aacute;me v\u017edy po\u010d&iacute;ta\u0165. Pri poh\u013eade na \u017eivot n&aacute;&scaron;ho cirkevn&eacute;ho zboru v uplynulom <b>roku 2011 <\/b>platia slov&aacute; P&aacute;nove rovnako, ako o celej v&scaron;eobecnej kres\u0165anskej cirkvi. Prvou a z&aacute;kladou skuto\u010dnos\u0165ou, vypl&yacute;vaj&uacute;cou z tohoto podobenstva, ako aj z in&yacute;ch slov P&iacute;sma Sv&auml;t&eacute;ho je skuto\u010dnos\u0165, \u017ee <b>cirkev je \u017eiv&yacute; organizmus<\/b>.<\/span><\/p>\n<p style=\"margin: 0px; font: 16px Helvetica\"><span style=\"letter-spacing: 0px\">&nbsp; &nbsp; Nikto z \u013eud&iacute;, ani \u017eiaden in&yacute; <b>\u017eiv&yacute; organizmus si \u017eivot nedal s&aacute;m,&nbsp;<\/b> ale ho prijal ako dar a &uacute;lohu. To plat&iacute; aj o organizme cirkvi. Ani ona si nedala \u017eivot sama. Spolo\u010denstvo veriacich v Je\u017ei&scaron;a Krista ako P&aacute;na, nevzniklo ako nejak&eacute; ob\u010dianske zdru\u017eenie, alebo organiz&aacute;cia \u013eud&iacute;, ale vznikla duchovn&yacute;m znovuzroden&iacute;m \u013eud&iacute; skrze Ducha Sv&auml;t&eacute;ho na prv&eacute; Letnice. Podrobnej&scaron;ie m&aacute;me o tom zachyten&eacute; svedetco v Sk ap. v 2.kap.<\/span><\/p>\n<p style=\"margin: 0px; font: 16px Helvetica\"><span style=\"letter-spacing: 0px\">&nbsp; &nbsp; &nbsp; Naplnenie Kristovho s\u013eubu a zoslanie Radcu, Ducha Sv&auml;t&eacute;ho, bolo konan&iacute;m celej Trojice Sv&auml;tej, ktor&eacute;ho v&yacute;sledkom bolo udelenie Krstu sv&auml;t&eacute;ho a vznik vidite\u013en&eacute;ho spolo\u010denstva cirkvi v Jeruzaleme. Takto sa cirkev zrodila, takto \u017eije, takto rastie a m&ocirc;\u017ee r&aacute;s\u0165, prin&aacute;&scaron;aj&uacute;c primeran&uacute; &uacute;rodu ovocia, ktor&eacute; je Bohu mil&eacute;. Za\u010diatok tejto udalosti je v&scaron;ak v Bo\u017eom konan&iacute; u\u017e v inkarn&aacute;cii (vo vtelen&iacute;) Je\u017ei&scaron;a, ktor&yacute;m sa za\u010dal realizova\u0165 Jeho pr&iacute;chod ako Spasite\u013ea a tak Jeho dielo vyk&uacute;penia a spasenia. O tom hovor&iacute; P&aacute;n Je\u017ei&scaron; u\u017e v &uacute;vode svojho podobenstva: &ldquo;<i>Ja som prav&yacute; v&iacute;nny kme\u0148 a m&ocirc;j Otec je vinohradn&iacute;k&rdquo;<\/i>. Aktivita je teda jednozna\u010dne v rozhodnut&iacute; a konan&iacute; nebesk&eacute;ho Vinohradn&iacute;ka. On najsk&ocirc;r zasadil do tohoto sveta nov&yacute;, u&scaron;\u013eachtil&yacute; vini\u010d, <i>&ldquo;v&iacute;nny kme\u0148<\/i>&rdquo;, ktor&yacute;m je Bo\u017e&iacute; Syn Je\u017ei&scaron;. P&aacute;n Je\u017ei&scaron; zd&ocirc;raz\u0148uje, \u017ee &ldquo;<b>je prav&yacute; v&iacute;nny kme\u0148<\/b>&rdquo;, preto\u017ee in&eacute; Bo\u017eie deti, potomkovia prv&eacute;ho Adama, Bo\u017eieho syna, stali sa &ldquo;neprav&yacute;mi&rdquo; v&iacute;nnymi kme\u0148mi. Splaneli do tej miery, \u017ee s&uacute; s&uacute;ce iba na vyhodenie z vinice, do ktorej boli P&aacute;nom Bohom zasaden&eacute;. Predov&scaron;etk&yacute;m v cirkvi si t&uacute;to <b>jedine\u010dnos\u0165 Je\u017ei&scaron;a<\/b> mus&iacute;me uvedomi\u0165. \u010clovek m&aacute; tento prav&yacute; v&iacute;nny kore\u0148 a kme\u0148 pozn&aacute;va\u0165 a uzn&aacute;va\u0165 Jeho hodnotu. <b>Ka\u017ed&yacute; sa m&ocirc;\u017ee pote&scaron;i\u0165 t&yacute;m, \u017ee m&ocirc;\u017ee by\u0165 do tohoto kme\u0148a &ldquo;za&scaron;tepen&yacute;&rdquo;, v\u010dlenen&yacute; a m&ocirc;\u017ee ma\u0165 &uacute;\u010das\u0165 na Jeho \u017eivote a existencii. <\/b>Tak, ako sa to dialo na prv&eacute; Letnice, tak sa to deje znovu a znovu. V\u017edy je tu niekto, kto je poveren&yacute; zves\u0165ou o Bo\u017eom z&aacute;mere, ako ho vyjadril u\u017e prv&yacute; Poslan&yacute;, Je\u017ei&scaron; Kristus: <i>&rdquo;Pok&aacute;nie \u010di\u0148te a verte v evanjelium&rdquo; (Mk 2<\/i>)<\/span><\/p>\n<p style=\"min-height: 19px; margin: 0px; font: 16px Helvetica\"><span style=\"letter-spacing: 0px\">&nbsp;&nbsp;<\/span><\/p>\n<p style=\"margin: 0px; font: 16px Helvetica\"><span style=\"letter-spacing: 0px\">2. Tak, ako vinohradn&iacute;k vys&aacute;dza vinicu preto, aby prin&aacute;&scaron;ala &uacute;\u017eitok a podstupuje ve\u013ek&uacute; pr&aacute;cu pre tento cie\u013e, aj nebesk&yacute; Vinohradn&iacute;k zasadil v tomto svete <i>&ldquo;prav&yacute; v&iacute;nny kme\u0148<\/i>&rdquo;, aby priniesol &uacute;\u017eitok. Aby&nbsp; dal a zachoval pre \u017eivot to, \u010do by inak muselo zahyn&uacute;\u0165.To ist&eacute; plat&iacute; aj o ratolestiach, ktor&eacute; s&uacute; do v&iacute;nneho kme\u0148a za&scaron;tepen&eacute;. Maj&uacute; prin&aacute;&scaron;a\u0165 primeran&uacute; &uacute;rodu. Preto maj&uacute; nies\u0165 na sebe aj in&eacute; ratolesti, ktor&eacute; s&uacute;, alebo sa stan&uacute; rodiv&eacute; a raz o\u010dak&aacute;van&uacute; &uacute;rodu prines&uacute;. Preto sa nebesk&yacute; Vinohradn&iacute;k o svoju vinicu a cel&yacute; v&iacute;nny kme\u0148 primerane star&aacute;. T&aacute;to zem je v neprestajnom zornom poli Bo\u017eej starostlivosti. Je u\u010dinen&aacute; &ldquo;<i>&uacute;rodnou a plodnou<\/i>&rdquo; a nebes&aacute; neprestajne d&aacute;vaj&uacute; rosu z hora, aby zavla\u017eovali listy, kme\u0148 a ratolesti v&iacute;nneho kme\u0148a.&nbsp;<\/span><\/p>\n<p style=\"margin: 0px; font: 16px Helvetica\"><span style=\"letter-spacing: 0px\">&nbsp;&nbsp; &nbsp; <b>\u017diadna ratoles\u0165 ne\u017eije sama zo seba<\/b>, a<b>le len zo \u017eiv&eacute;ho spojenia s inou ratole\u0165ou, ke\u010f je s&uacute;\u010dasne spojen&aacute; s v&iacute;nnym kme\u0148om.<\/b> Hrub&scaron;ie a star&scaron;ie s&uacute; sk&ocirc;r <b>nosn&yacute;mi <\/b>a mlad&scaron;ie s&uacute; a maj&uacute; by\u0165 <b>rodiv&yacute;mi<\/b>. Prv&eacute; maj&uacute; &uacute;lohu vy\u017eivova\u0165 tie mlad&scaron;ie a na t&uacute; ist&uacute; &uacute;lohu maj&uacute; tie mlad&scaron;ie pripravova\u0165.<b> <\/b>To v&scaron;etko je v&scaron;ak mo\u017en&eacute; iba v\u010faka tomu <b>z&aacute;kladn&eacute;mu spojeniu,<\/b> ktor&yacute;m je napojenie na v&iacute;nny kme\u0148. Iba v\u010faka Jeho kore\u0148om my ako ratolesti:<i> &ldquo;\u017eijeme, h&yacute;beme sa trv&aacute;me&rdquo;.<\/i> To platilo teda aj o na&scaron;om \u017eivote ako kres\u0165anov v uplynulom roku, plat&iacute; to dnes i naveky.<\/span><\/p>\n<p style=\"min-height: 19px; margin: 0px; font: 16px Helvetica\"><span style=\"letter-spacing: 0px\">&nbsp; &nbsp;<\/span><\/p>\n<p style=\"margin: 0px; font: 16px Helvetica\"><span style=\"letter-spacing: 0px\">&nbsp; &nbsp; Nebesk&yacute; vinohradn&iacute;k v&scaron;ak kon&aacute; e&scaron;te viac. On s&aacute;m rob&iacute; aj prevent&iacute;vnu ochranu ratolest&iacute; na v&iacute;nnom kmeni, ke\u010f toti\u017e <i>&ldquo;ka\u017ed&uacute; such&uacute; ratoles\u0165, ktor&aacute; neprin&aacute;&scaron;a ovocie odrez&aacute;va&rdquo;.<\/i> Ako sme \u010falej po\u010duli, nielen odrez&aacute;va, ale aj vyd&aacute;va na sp&aacute;lenie. Podobne aj&nbsp; v&scaron;etky &ldquo;<i>odlomen&eacute; ratolesti&rdquo;<\/i>. Tak&eacute; s&uacute; <i>&ldquo;uvrhnut&eacute; na ohe\u0148 a zhoria&rdquo;<\/i>. U\u017e J&aacute;n Krstite\u013e pripomenul, \u017ee Ten, ktor&yacute; prich&aacute;dza po \u0148om je v&auml;\u010d&scaron;&iacute; ako on, lebo <i>&ldquo;bude krsti\u0165 Duchom Sv&auml;t&yacute;m a oh\u0148om&rdquo;<\/i>. Je\u017ei&scaron;ov Krst je duchovn&yacute;m spojen&iacute;m \u010dloveka s N&iacute;m ako v&iacute;nnym kme\u0148om.&nbsp;<\/span><\/p>\n<p style=\"margin: 0px; font: 16px Helvetica\"><span style=\"letter-spacing: 0px\">&nbsp;&nbsp; &nbsp; To v&scaron;ak neznamen&aacute;, \u017ee \u017eiv&yacute; organizmus cirkvi stoj&iacute; mimo Bo\u017eieho s&uacute;du. Nie je prioritnou &uacute;lohou ratolest&iacute; vykon&aacute;va\u0165 s&uacute;d. Kon&aacute; ho a v podobe posledn&eacute;ho s&uacute;du vykon&aacute; s&aacute;m Boh. <b>Ak v&scaron;ak prest&aacute;va plni\u0165 funkciu t&aacute; \u010das\u0165 ratolesti, ktor&aacute; n&aacute;s m&aacute; dr\u017ea\u0165 a nies\u0165&nbsp; &#8211; m&ocirc;\u017eeme sa pr&aacute;vom ozva\u0165, lebo sme \u017eiv&yacute;m organizmom.<\/b> A ak za\u010d&iacute;na napr&iacute;klad <i>&ldquo;v&auml;dn&uacute;\u0165 puk a list<\/i>&rdquo;, treba sk&uacute;ma\u0165, kde je pr&iacute;\u010dina. Oby\u010dajne v&scaron;ak pr&iacute;\u010dina nie je v samotnom puku, alebo v zelenom liste, \u010di v najmen&scaron;ej ratoliestke, ale v tej \u010dasti ratolesti v&iacute;nneho kme\u0148a, ktor&aacute; m&aacute; vy\u017eivova\u0165 a dr\u017ea\u0165 mlad&eacute; a najmlad&scaron;ie \u010dasti. Tie star&scaron;ie maj&uacute; vyvin&uacute;\u0165 &uacute;silie tak, aby tie mlad&scaron;ie a perspekt&iacute;vne boli vystaven&eacute; &ldquo;<i>l&uacute;\u010dom slnka, da\u017e\u010fa rosy zhora&rdquo;.&nbsp;<\/i><\/span><\/p>\n<p style=\"margin: 0px; font: 16px Helvetica\"><span style=\"letter-spacing: 0px\">&nbsp; &nbsp; &nbsp; Tu povedzme s celou otvorenos\u0165ou a naliehavos\u0165ou, \u017ee <b>&uacute;loha <\/b>t&yacute;ch star&scaron;&iacute;ch a pevnej&scaron;&iacute;ch ratolest&iacute; je bezpodmiene\u010dne nevyhnutn&aacute;. <b>Z&aacute;rove\u0148 star&scaron;&iacute;, ktor&yacute;mi s&uacute;&nbsp; v \u017eivom organizme cirkvi: rodi\u010dia, krstn&iacute; i star&iacute; rodi\u010dia,&nbsp; maj&uacute; plni\u0165 popri vy\u017eivovacej funckii i str&aacute;\u017enu funkciu. <\/b>Takto existuje a bude existova\u0165 spolo\u010denstvo cirkvi. Vo vedom&iacute; <b>hodnoty v&iacute;nneho kme\u0148a, <\/b>ktor&yacute;m je Kristus P&aacute;n, vo vedom&iacute; n&aacute;&scaron;ho \u017eiv&eacute;ho a zdrav&eacute;ho<b> spojenia s N&iacute;m, a vo vedom&iacute; na&scaron;ej &uacute;lohy \u017eivi\u0165 i chr&aacute;ni\u0165 na&scaron;e a n&aacute;m zveren&eacute; najmen&scaron;ie ratolesti a ratoliestky. <\/b>Na&scaron;a ECAV m&aacute; <b>dobr&eacute; u\u010denie o v&scaron;eobecnom k\u0148azstve veriacich <\/b>a pr&aacute;ve tu, v skupinke naz&yacute;vanej <b><i>rodina<\/i><\/b>, <b>je ho potrebn&eacute; uplatni\u0165 a naplni\u0165. <\/b>Iba tak obstoj&iacute;me ako &ldquo;dom Bo\u017e&iacute;&rdquo; pod s&uacute;dom Bo\u017e&iacute;m. Nielen t&yacute;m posledn&yacute;m, ale u\u017e t&yacute;m dne&scaron;n&yacute;m a aktu&aacute;lnym. <i>&ldquo;Ka\u017ed&uacute; ratoles\u0165 na mne , ktor&aacute; neprin&aacute;&scaron;a ovocie odrez&aacute;va&rdquo;.&nbsp;<\/i><\/span><\/p>\n<p style=\"min-height: 19px; margin: 0px; font: 16px Helvetica\"><span style=\"letter-spacing: 0px\">&nbsp; &nbsp; &nbsp;<\/span><\/p>\n<p style=\"margin: 0px; font: 16px Helvetica\"><span style=\"letter-spacing: 0px\">&nbsp; &nbsp; &nbsp; D&ocirc;le\u017eit&eacute; v&scaron;ak je vedie\u0165 aj to \u010fal&scaron;ie, \u010do hovor&iacute; v tomto obraze P&aacute;n Je\u017ei&scaron;. \u017de toti\u017e <i>&ldquo;ka\u017ed&uacute;, ktor&aacute; prin&aacute;&scaron;a ovocie, \u010dist&iacute;, aby viac ovocia prin&aacute;&scaron;ala&rdquo;. <\/i>Nebesk&yacute; vinohradn&iacute;k teda no\u017enicami a no\u017eom z&aacute;kona neraz &ldquo;re\u017ee do \u017eiv&eacute;ho&rdquo;. Vinohradn&iacute;ci, ke\u010f strihaj&uacute; vini\u010d, hovoria, \u017ee vini\u010d &ldquo;pla\u010de&rdquo;. Kres\u0165an nie je teda vy\u0148at&yacute; ani spod osobn&eacute;ho s&uacute;du v \u010dasnosti. S&uacute;\u010dasne v&scaron;ak vieme, \u017ee P&aacute;n Boh nikoho nedovol&iacute; sk&uacute;&scaron;a\u0165 nad mo\u017enos\u0165. Jeho v&yacute;chovn&yacute; rez spravidla nie je celkom bezbolestn&yacute;, nie je bez s\u013az, alebo ot&aacute;zok. S&uacute;\u010dasne&nbsp; plat&iacute;: <i>&ldquo;\u010co Boh \u010din&iacute;, to dobr&eacute; je&#8230;&rdquo;.&nbsp;<\/i><\/span><\/p>\n<p style=\"margin: 0px; font: 16px Helvetica\"><span style=\"letter-spacing: 0px\"><i>&nbsp;&nbsp; &nbsp;<\/i><b><i> <\/i>Rozhoduj&uacute;ce je, aby sme zost&aacute;vali v \u017eivom, duchovnom spojen&iacute; s Kristom, v&iacute;nnym kme\u0148om<\/b>. To, \u010do n&aacute;s \u017eiv&iacute;, chr&aacute;ni a \u010do d&aacute;va silu k prin&aacute;&scaron;aniu &uacute;rody v podobe kres\u0165ansk&eacute;ho \u017eivota je <b>Slovo Kristovo.<\/b> <b><i>&ldquo;Bezo m\u0148a nem&ocirc;\u017eete ni\u010d \u010dini\u0165&rdquo;<\/i><\/b>, hovor&iacute; P&aacute;n Je\u017ei&scaron;. To je re\u010d nie o na&scaron;om telesnom konan&iacute;, ale o duchovnom \u017eivote a novote \u017eivota, prejavuj&uacute;com sa v kres\u0165anskej etike, v kres\u0165anskom \u017eivotnom &scaron;t&yacute;le a konan&iacute;. <i>&ldquo;Ak zost&aacute;vate vo mne a moje slov&aacute; zost&aacute;vaj&uacute; vo v&aacute;s, proste, \u010do chcete.&rdquo;<\/i> -Vtedy \u017eijeme nie zo seba, ale z v&iacute;nneho kme\u0148a PJK.&nbsp; \u010ci u\u017e ide <i>&ldquo;slovo nevidite\u013en&eacute;&rdquo;<\/i>, zvestovan&eacute; skrze kazate\u013esk&yacute; &uacute;rad v cirkvi, alebo<i> &ldquo;slovo vidite\u013en&eacute;&rdquo;<\/i> \/Luther\/, pod&aacute;van&eacute; v Krste sv&auml;tom a pokrsten&yacute;m \u010falej vo sviatosti Ve\u010dere P&aacute;novej. \u017div&eacute; spolo\u010denstvo s Kristom sa uskuto\u010d\u0148uje cez bohoslu\u017eobn&yacute; a modlitebn&yacute; \u017eivot najsk&ocirc;r celej cirkvi, ale aj cez modlitby rodiny a ka\u017ed&eacute;ho jednotlivca.<\/span><\/p>\n<p style=\"margin: 0px; font: 16px Helvetica\"><span style=\"letter-spacing: 0px\">&nbsp;&nbsp; &nbsp; Dnes, na tomto konvente sa chceme spolo\u010dne zah\u013eadie\u0165 na to, ako sme Slovo Kristovo po\u010d&uacute;vali a prij&iacute;mali v minulom roku. Ako&nbsp; ako sme \u017eili v spolo\u010denstve s Kristom P&aacute;nom a Jeho cirkvi. V &nbsp; spolo\u010denstve s bratmi a sestrami vo viere, po\u010dn&uacute;c od najbli\u017e&scaron;&iacute;ch. Ak&eacute; ovocie sme prin&aacute;&scaron;ali v cirkvi, ktor&eacute; nebesk&yacute; Otec od svojej vinice o\u010dak&aacute;va. K jeho prin&aacute;&scaron;aniu skrze Krista n&aacute;m d&aacute;va v\u017edy svoje po\u017eehnanie a toto ovocie pon&uacute;ka aj ostatn&eacute;mu svetu. Amen<\/span><\/p>\n<p style=\"min-height: 19px; margin: 0px; font: 16px Helvetica\">&nbsp;<\/p>\n<p style=\"margin: 0px; font: 16px Helvetica\"><span style=\"letter-spacing: 0px\">&nbsp; &nbsp; &nbsp; &nbsp; &nbsp; &nbsp; &nbsp; &nbsp; &nbsp; &nbsp; &nbsp; &nbsp; &nbsp; &nbsp; &nbsp; &nbsp; &nbsp; &nbsp; &nbsp; &nbsp; &nbsp; &nbsp; &nbsp; &nbsp; &nbsp; &nbsp; &nbsp; &nbsp; &nbsp;&nbsp;<b>I.\u010das\u0165 &#8211; Bohoslu\u017eobn&yacute; \u017eivot<\/b><\/span><\/p>\n<p style=\"min-height: 19px; margin: 0px; font: 16px Helvetica\">&nbsp;<\/p>\n<p style=\"margin: 0px; font: 16px Helvetica\"><span style=\"letter-spacing: 0px\"><b>Slu\u017eby Bo\u017eie (SLB)<\/b><\/span><\/p>\n<p style=\"margin: 0px; font: 16px Helvetica\"><span style=\"letter-spacing: 0px\">O v&yacute;zname SLB na z&aacute;klade dne&scaron;n&eacute;ho vedectva P&iacute;sma (J 15) m&ocirc;\u017eeme poveda\u0165, \u017ee s&uacute; pre n&aacute;s predov&scaron;etkm darom a ponukou spolo\u010denstva s P&aacute;nom Bohom skrze v&iacute;nny kme\u0148, Je\u017ei&scaron;a Krista. Na SLB po\u010dujeme jednak Bo\u017e&iacute; z&aacute;kon, ako slovo, ktor&eacute; n&aacute;s usved\u010duje z hriechu a otv&aacute;ra n&aacute;m o\u010di pre poznanie pravdy o n&aacute;s a na&scaron;om postaven&iacute; pred Bohom. Bo\u017e&iacute; z&aacute;kon n&aacute;s z&aacute;rove\u0148 chr&aacute;ni pred p&aacute;dom a duchovn&yacute;m bl&uacute;den&iacute;m. Apo&scaron;tol Pavel Timoteovi pripom&iacute;na: <i>&rdquo;Zvestuj slovo, bu\u010f pohotov&yacute; vhod- nevhod, presvied\u010daj, karhaj, napom&iacute;naj so v&scaron;etkou trpezlivos\u0165ou a pou\u010dovan&iacute;m. Lebo pr&iacute;de \u010das, ke\u010f \u013eudia neznes&uacute; zdrav&eacute; u\u010denie, ale maj&uacute;c svrab\u013eav&eacute; u&scaron;i, bud&uacute; si pod\u013ea svojich \u017eiadost&iacute; zh&aacute;\u0148a\u0165 u\u010dite\u013eov, odvr&aacute;tia sluch od pravdy a obr&aacute;tia sa k b&aacute;jkam.&rdquo; ( 2 Tim 4,2-4)<\/i><\/span><\/p>\n<p style=\"margin: 0px; font: 16px Helvetica\"><span style=\"letter-spacing: 0px\"><i>&nbsp;&nbsp; &nbsp;<\/i> V dne&scaron;nej pluralitnej a otvorenej spolo\u010dnosti, kde je relat&iacute;vna sloboda slova a &scaron;irok&aacute; ponuka r&ocirc;znych duchovn&yacute;ch pr&uacute;dov, kde je sviatkom nie nede\u013ea, ale v&iacute;kend, a kde je pretlak ponuky na in&eacute; str&aacute;venie \u010dasu ako &uacute;\u010das\u0165 v kostole na SLB, nie je jednoduch&eacute; zvestova\u0165 Bo\u017eie slovo verne a pravdivo v podobe z&aacute;kona. Len\u017ee ak sa zvestuje<b> len z&aacute;kon<\/b>, je tu nebezpe\u010denstvo p&uacute;heho moralizovania a hlas Slova Bo\u017eiho zanik&aacute; uprostred mno\u017estva star&yacute;ch i nov&yacute;ch mravok&aacute;rcov. Ak sa zvestuje <b>evanjelium bez z&aacute;kona Bo\u017eieho<\/b>, st&aacute;va sa zves\u0165 akousi &ldquo;nasl&aacute;dlou reklamou pre nebo&rdquo; a \u013eudia nem&ocirc;\u017eu spozna\u0165, \u017ee pr&aacute;ve evanjelium je <i>&ldquo;mocou Bo\u017eou na spasenie ka\u017ed&eacute;mu veriacemu&rdquo;. (R 1,16) &nbsp;<\/i><\/span><\/p>\n<p style=\"margin: 0px; font: 16px Helvetica\"><span style=\"letter-spacing: 0px\"><i>&nbsp;&nbsp; Spr&aacute;vne a vern&eacute; &ldquo;vyn&aacute;&scaron;anie pokladu zo star&eacute;ho i nov&eacute;ho&rdquo; v&iacute;na je ur\u010dite n&aacute;ro\u010dn&eacute;. <\/i>Vern&aacute; slu\u017eba Slova je n&aacute;ro\u010dn&aacute; aj preto, \u017ee &ldquo;<i>tento poklad m&aacute;me v\u017edy iba v hlinen&yacute;ch n&aacute;dob&aacute;ch&rdquo; (Pavel)<\/i> a kazate\u013e&nbsp; dnes nie je vn&iacute;man&yacute; ako Bo\u017e&iacute; slu\u017eobn&iacute;k, nes&uacute;ci d&ocirc;le\u017eit&eacute; posolstvo Bo\u017eie pre svet. V slu\u017eba Slova treba by\u0165 vern&yacute; predov&scaron;etk&yacute;m Tomu, ktor&yacute; n&aacute;s posiela a ktor&yacute; o sebe hovor&iacute;<b>: &ldquo;Ja som cesta, i pravda i \u017eivot&rdquo;. <\/b>V podobenstve zaznelo Je\u017ei&scaron;ovo slovo:<i> &rdquo;Bezo m\u0148a nem&ocirc;\u017eete ni\u010d \u010dini\u0165&rdquo;.<\/i> Znamen&aacute; to to\u013eko, \u017ee napriek tu spom&iacute;nan&yacute;m, a mnoh&yacute;m \u010fal&scaron;&iacute;m \u0165a\u017ekostiam <b>je zves\u0165 Bo\u017eieho Slova a evanjelia pre \u017eivot cirkvi jedine\u010dn&aacute;, prioritn&aacute; a nezastupite\u013en&aacute;.&nbsp;<\/b><\/span><\/p>\n<p style=\"min-height: 19px; margin: 0px; font: 16px Helvetica\">&nbsp;<\/p>\n<p style=\"margin: 0px; font: 16px Helvetica\"><span style=\"letter-spacing: 0px\"><b>&nbsp; &nbsp; &nbsp; V r. 2011 sa konali SLB v na&scaron;om CZ celkom: 155 kr&aacute;t. <\/b>V Soboti&scaron;ti 105 kr&aacute;t, v Rovensku: 38 kr&aacute;t a na Podbran\u010di:12 kr&aacute;t. K&aacute;zal som na texty ur\u010dovan&eacute; celocirkevne, niekedy na texty slobodne volen&eacute;. SLB s&uacute; verejnou slu\u017ebou cirkvi a preto som aj v minulom roku zverej\u0148oval na internetovej str&aacute;nke <a href=\"http:\/\/www.evanjelik.net\/o-tejto-stranke\/\">http:\/\/www.evanjelik.sk\/sobotiste\/<\/a>.<\/span><\/p>\n<p style=\"margin: 0px; font: 16px Helvetica\"><span style=\"letter-spacing: 0px\"><b>Slu\u017eby Bo\u017eie sviato\u010dn&eacute;<\/b> \/Vianoc,V.Noc,Sv&auml;todu&scaron;n&aacute; ned.,&Scaron;tedr&yacute; ve\u010der, Pam.ref., St.rok\/ -mali priem n&aacute;v&scaron;tevu:172 \u010dlenov, samotn&yacute; &Scaron;t.ve\u010der: 560. Priemern&aacute; &uacute;\u010das\u0165:12,8%, z celkov&eacute;ho po\u010dtu du&scaron;&iacute;: 1337.&nbsp;<\/span><\/p>\n<p style=\"margin: 0px; font: 16px Helvetica\"><span style=\"letter-spacing: 0px\"><b>Slu\u017eby Bo\u017eie nede\u013en&eacute;<\/b><\/span><\/p>\n<p style=\"margin: 0px; font: 16px Helvetica\"><span style=\"letter-spacing: 0px\">Priemern&aacute; n&aacute;v&scaron;teva v celom zbore bola:102 du&scaron;&iacute;, t.j. 7,6%. Mierny pokles sme zaznamenali v Soboti&scaron;ti, v Rovensku bola n&aacute;v&scaron;teva na &uacute;rovni minul&eacute;ho roku t.j. 22%, na sviatky e&scaron;te o nie\u010do vy&scaron;&scaron;ia.<\/span><\/p>\n<p style=\"margin: 0px; font: 16px Helvetica\"><span style=\"letter-spacing: 0px\">&nbsp; &nbsp; &nbsp; Celkov&yacute; obraz skresluje slab&aacute; &uacute;\u010das\u0165 cirkevn&iacute;kov z Podbran\u010da. Ak m&aacute;me poznanie, \u017ee viera je z po\u010d&uacute;vania a po\u010d&uacute;vanie skrze Bo\u017eie Slovo (R&iacute;m), je zrejm&yacute; hlavn&yacute; probl&eacute;m- obch&aacute;dzanie 3.Bo\u017eieho prik&aacute;zania: Pam&auml;taj, \u017ee m&aacute;&scaron; sviato\u010dn&yacute; de\u0148 sv&auml;ti\u0165.<\/span><\/p>\n<p style=\"margin: 0px; font: 16px Helvetica\"><span style=\"letter-spacing: 0px\">c<i>\/Slu\u017eby Bo\u017eie ve\u010dern&eacute;<\/i>,&nbsp; sa konaj&uacute; na v&yacute;ro\u010dn&eacute; sviatky a na Bielu sobotu, spou: 4x.<\/span><\/p>\n<p style=\"margin: 0px; font: 16px Helvetica\"><span style=\"letter-spacing: 0px\">d\/ <i>Slu\u017eby Bo\u017eie ne&scaron;porn&eacute;<\/i> v nede\u013eu boli 17 x, nav&scaron;tevovan&eacute; s&uacute; minim&aacute;lne.&nbsp; Tak ako svojho \u010dasu zanikli v CZ rann&eacute; SLB, zanikn&uacute; zrejeme aj ne&scaron;porn&eacute; SLB. \u010cisto\u010dne by mohli by\u0165 nahraden&eacute; t&eacute;matick&yacute;mi SLB , zameran&yacute;mi napr. na ROS.<\/span><\/p>\n<p style=\"margin: 0px; font: 16px Helvetica\"><span style=\"letter-spacing: 0px\">e\/ <i>Adventn&eacute; ve\u010der. SLB<\/i>: v Soboti&scaron;ti: 6x a na Podbran\u010di 5x,spolu11x, priemern&aacute; &uacute;\u010das\u0165: 20, na Podbran\u010di: 8<\/span><\/p>\n<p style=\"margin: 0px; font: 16px Helvetica\"><span style=\"letter-spacing: 0px\">f\/ <i>P&ocirc;stne ve\u010der.SLB <\/i>v Soboti&scaron;ti11x, na Podbran\u010di: 5x,&uacute;\u010das\u0165: 23+7 P<\/span><\/p>\n<p style=\"margin: 0px; font: 16px Helvetica\"><span style=\"letter-spacing: 0px\"><i>g\/ Mimoriadne bohoslu\u017eobn&eacute; pr&iacute;le\u017eitosti boli:<\/i><\/span><\/p>\n<p style=\"margin: 0px; font: 16px Helvetica\"><span style=\"letter-spacing: 0px\">Sl&aacute;vnos\u0165 konfirm&aacute;cie 5.N.po V.Noci- 3 deti.<\/span><\/p>\n<p style=\"margin: 0px; font: 16px Helvetica\"><span style=\"letter-spacing: 0px\">Zlat&aacute; konfirm&aacute;cia &#8211; Ned.po Vst&uacute;pen&iacute;-25 konf.<\/span><\/p>\n<p style=\"margin: 0px; font: 16px Helvetica\"><span style=\"letter-spacing: 0px\">Na 2.sl&aacute;v.ve\u013ekono\u010dn&uacute; k&aacute;zal v Rovensku a v Soboti&scaron;ti br.senior &nbsp; &nbsp; &nbsp; &nbsp; &nbsp; &nbsp; &nbsp; &nbsp; &nbsp; &nbsp; &nbsp; Juraj &Scaron;ev\u010d&iacute;k. V tom \u010dase som vykon&aacute;val SLB v Hlbokom.<\/span><\/p>\n<p style=\"margin: 0px; font: 16px Helvetica\"><span style=\"letter-spacing: 0px\">SLB 5.7. na Bran\u010di &#8211; na sviatok Cyrila a Metoda za &uacute;\u010dasti Zboru biskupov. K&aacute;zal biskup VD Slavom&iacute;r Sabol.<\/span><\/p>\n<p style=\"margin: 0px; font: 16px Helvetica\"><span style=\"letter-spacing: 0px\">Ekumenick&eacute; SLB s rkc.veriacimi na cintor&iacute;ne, na Pam.zosnul&yacute;ch.<\/span><\/p>\n<p style=\"margin: 0px; font: 16px Helvetica\"><span style=\"letter-spacing: 0px\">Dva kr&aacute;t k&aacute;zal na SLB \u013d.Batka ml., dekan EBF.&nbsp;<\/span><\/p>\n<p style=\"margin: 0px; font: 16px Helvetica\"><span style=\"letter-spacing: 0px\">Tri kr&aacute;t ma zastupoval br.kantor B.Rybnik&aacute;r s rodinou- v\u010faka.<\/span><\/p>\n<p style=\"margin: 0px; font: 16px Helvetica\"><span style=\"letter-spacing: 0px\">&nbsp;3.4. ma zastupovala ses.I.Vachulov&aacute; z Turej L&uacute;ky.<\/span><\/p>\n<p style=\"margin: 0px; font: 16px Helvetica\"><span style=\"letter-spacing: 0px\">2x sme mali Krst sv. v r&aacute;mci SLB<\/span><\/p>\n<p style=\"margin: 0px; font: 16px Helvetica\"><span style=\"letter-spacing: 0px\">&nbsp;&nbsp; &nbsp; SLB boli vykonan&eacute; vo v&scaron;etky nedele&nbsp; sviatky. \u010eakujem za slu\u017ebu v&scaron;etk&yacute;m trom zastupuj&uacute;cim kantorom: Ing.B.Rybnik&aacute;rovi, s.Mgr.Elene Zelen&aacute;kovej a Mgr.Marekovi Batkovi.&nbsp; &nbsp;<\/span><\/p>\n<p style=\"min-height: 19px; margin: 0px; font: 16px Helvetica\">&nbsp;<\/p>\n<p style=\"margin: 0px; font: 16px Helvetica\"><span style=\"letter-spacing: 0px\">&nbsp; &nbsp; &nbsp; &nbsp; &nbsp; &nbsp; &nbsp; &nbsp; &nbsp; &nbsp; &nbsp; &nbsp; &nbsp; &nbsp; &nbsp; &nbsp; &nbsp; &nbsp; &nbsp; &nbsp; &nbsp; &nbsp; &nbsp; &nbsp; &nbsp; &nbsp; &nbsp; &nbsp; &nbsp; &nbsp;&nbsp;<b>Ve\u010dera P&aacute;nova (VP)&nbsp; &nbsp;<\/b><\/span><\/p>\n<p style=\"min-height: 19px; margin: 0px; font: 16px Helvetica\"><span style=\"letter-spacing: 0px\"><b>&nbsp;<\/b>&nbsp; &nbsp; &nbsp; &nbsp;<\/span><\/p>\n<p style=\"margin: 0px; font: 16px Helvetica\"><span style=\"letter-spacing: 0px\">&nbsp;&nbsp; &nbsp; VP sme si u\u017e zvykli prisluhova\u0165 v\u017edy v r&aacute;mci SLB, kde aj jednozna\u010dne patr&iacute;. Prisluhovala sa spolu so spove\u010fou, ale aj bez spovede, s konfiteorom \u010d.2. Sna\u017e&iacute;me sa vyu\u017ei\u0165 v&scaron;etky modely, ktor&eacute; n&aacute;m poskytuje nov&aacute; Agenda. V Soboti&scaron;ti sa prisluhovala 11x, v Rovesnku 6x, na Podz&aacute;mku 1x. Celkove prist&uacute;pilo k P&aacute;novmu stolu: 259 mu\u017eov (+74) a 499 \u017eien (+82). Celkom: 760 &uacute;dov CZ, t.j.,54% \u010dlenov CZ. Ide o ur\u010dit&eacute; zlep&scaron;enie oproti roku predch&aacute;dzaj&uacute;cemu, napriek tomu n&aacute;s tento stav nem&ocirc;\u017ee te&scaron;i\u0165 a uspokoji\u0165. Ot&aacute;zke VP sme s&iacute;ce venovali u\u017e v minulosti zna\u010dn&uacute; pozornos\u0165, ale st&aacute;le je nedocnen&yacute;m duchovn&yacute;mm darom milosti. Je vidite\u013en&yacute;m Slovom a chlebom \u017eivota, ktor&yacute; sl&uacute;\u017ei k ve\u010dn&eacute;mu \u017eivotu. Viac t&uacute;\u017eby a &uacute;cty k tajomstvu viery a Kristovej pr&iacute;tomnosti by bolo na&scaron;ej cirkvi&nbsp; na prospech. Bez spojenia s Kristom ratolesti schn&uacute;, \u010do n&aacute;s mus&iacute;&nbsp; tr&aacute;pi\u0165.<\/span><\/p>\n<p style=\"min-height: 19px; margin: 0px; font: 16px Helvetica\">&nbsp;<\/p>\n<p style=\"margin: 0px; font: 16px Helvetica\"><span style=\"letter-spacing: 0px\">&nbsp; &nbsp; &nbsp; &nbsp; &nbsp; &nbsp; &nbsp; &nbsp; &nbsp; &nbsp; &nbsp; &nbsp; &nbsp; &nbsp; &nbsp; &nbsp; &nbsp; &nbsp; &nbsp; &nbsp; &nbsp; &nbsp; &nbsp; &nbsp; &nbsp; &nbsp; &nbsp; &nbsp; &nbsp; &nbsp; &nbsp;&nbsp;<b> Krst Sv&auml;t&yacute; (KS)<\/b><\/span><\/p>\n<p style=\"min-height: 19px; margin: 0px; font: 16px Helvetica\"><span style=\"letter-spacing: 0px\">&nbsp; &nbsp;<\/span><\/p>\n<p style=\"margin: 0px; font: 16px Helvetica\"><span style=\"letter-spacing: 0px\">&nbsp;&nbsp; &nbsp; Po viacer&yacute;ch k&aacute;z\u0148ach o hodnote daru KS v priebehu minul&eacute;ho roka a posledn&eacute;ho obdobia nebudem na tomto mieste o Krste ve\u013ea hovori\u0165. Probl&eacute;mom sa ukazuj&uacute; najm&auml; dve veci. Najsk&ocirc;r samotn&aacute; demografick&aacute; krivka, ktor&aacute; je u\u017e dlhodobo na n&iacute;zkej &uacute;rovni, \u010do s&uacute;vis&iacute; s prest&aacute;rlos\u0165ou CZ a jeho zlo\u017een&iacute;m. Ve\u010f si mus&iacute;me uvedomi\u0165 vidite\u013en&yacute; fakt- po\u010det det&iacute; v Z&Scaron; v Sobot&scaron;ti a po\u010det det&iacute; v jednotliv&yacute;ch ro\u010dn&iacute;koch. V r.1968, v \u010dase azda najv&auml;\u010d&scaron;ieho duchovn&eacute;ho a mor&aacute;lneho ob\u017eivenia spolo\u010dnosti, bol po\u010det det&iacute; prihl&aacute;sen&yacute;ch det&iacute; na evanj.n&aacute;bo\u017eenstv vy&scaron;e 400! Dnes je na celej Z&Scaron; cca 120 det&iacute;, z toho evanjelick&yacute;ch u\u017e iba nie\u010do cez polovicu a nie v&scaron;etky chodia na n&aacute;b. v&yacute;chovu. Ke\u010f\u017ee sa rod&iacute; m&aacute;lo det&iacute;, je aj m&aacute;lo krstov. V minulom roku to bolo 7 det&iacute;, 3 chlapci a 4 diev\u010dat&aacute;. (-6) Dve rodiny pritom neboli z n&aacute;&scaron;ho CZ. Pribudlo teda iba 5 det&iacute;. 2x sa konal KS v r&aacute;mci SLB.<\/span><\/p>\n<p style=\"margin: 0px; font: 16px Helvetica\"><span style=\"letter-spacing: 0px\">\u010ci bud&uacute; raz tieto deti konfirmovan&eacute;, uk&aacute;\u017ee \u010das. S t&yacute;m s&uacute;vis&iacute; aj druh&yacute; probl&eacute;m: mal&aacute; ochota na pr&iacute;pravu ku Krstu, tzv. pou\u010denie.&nbsp;<\/span><\/p>\n<p style=\"margin: 0px; font: 16px Helvetica\"><span style=\"letter-spacing: 0px\">&nbsp;&nbsp; &nbsp; Navrhujem tomuto konventu, aby prijal <b>uznesenie<\/b>, o ktor&eacute; sa m&ocirc;\u017ee zborov&yacute; far&aacute;r oprie\u0165 v tom zmysle, aby sa rodi\u010dia, ktor&iacute; pl&aacute;nuj&uacute; krsti\u0165,<b> povinne hl&aacute;sili na krstn&uacute; pr&iacute;pravu v po\u010dte<\/b> <b>min.3 hod&iacute;n,<\/b> pokia\u013e mo\u017eno aj s <b>krstn&yacute;mi rodi\u010dm<\/b>i a to <b>u\u017e v \u010dase o\u010dak&aacute;vania die\u0165a\u0165a<\/b>, teda <b>u\u017e pred<\/b> jeho naroden&iacute;m. Po naroden&iacute; je \u0165a\u017eko zabezpe\u010di\u0165 primeran&uacute; s&uacute;stredenos\u0165 na ot&aacute;zky nutnej n&aacute;slednej kres\u0165anskej v&yacute;chovy. Lebo plat&iacute; slovo PJK: &rdquo;<i> kto nepr&iacute;jme KB ako die\u0165a, nikdy nevojde do\u0148&rdquo;.<\/i><\/span><\/p>\n<p style=\"min-height: 19px; margin: 0px; font: 16px Helvetica\">&nbsp; &nbsp;<\/p>\n<p style=\"margin: 0px; font: 16px Helvetica\"><span style=\"letter-spacing: 0px\"><i>&nbsp; &nbsp; &nbsp; &nbsp; &nbsp; &nbsp; &nbsp; &nbsp; &nbsp; &nbsp; &nbsp; &nbsp; &nbsp; &nbsp; &nbsp; &nbsp; &nbsp; &nbsp; &nbsp; &nbsp; &nbsp; &nbsp; &nbsp; &nbsp; &nbsp; &nbsp; &nbsp; &nbsp; &nbsp; &nbsp; &nbsp;<\/i><b><i>Vn&uacute;torn&aacute; misia<\/i><\/b><\/span><\/p>\n<p style=\"margin: 0px; font: 16px Helvetica\"><span style=\"letter-spacing: 0px\"><b><i>&nbsp; &nbsp; <\/i><\/b><\/span><\/p>\n<p style=\"margin: 0px; font: 16px Helvetica\"><span style=\"letter-spacing: 0px\">&nbsp; &nbsp; &nbsp;Stredobodom misijn&eacute;ho p&ocirc;sobenie CZ sa stal&nbsp; Di&scaron;triktu&aacute;lny de\u0148 ZD a SLB na hrade <b>Bran\u010d<\/b>. Aj v minulom roku bola pekn&aacute; &uacute;\u010das\u0165.&nbsp; Pr&iacute;tomn&yacute; bol cel&yacute; zbor biskupov, a \u013eud z CZ MyS i in&yacute;ch senior&aacute;tov. K&aacute;ze\u0148 biskupa VD S.Sabola oslovila pr&iacute;tomn&yacute;ch. Recitoval op&auml;\u0165 br.Juraj Sarva&scaron; a prihovorili sa viacer&iacute; vz&aacute;cni hostia: br.J.Brozman , dozorca VD, plk.Jaroslav Balock&yacute; za deleg&aacute;ciu Slov.arm&aacute;dy a \u010destnej str&aacute;\u017ee pri pomn&iacute;ku galejn&iacute;kov a \u010fal&scaron;&iacute;. Pr&iacute;prava sl&aacute;vnosti mobilizuje k slu\u017ebe zna\u010dn&yacute; po\u010det na&scaron;ich rod&iacute;n. Aj dnes v&scaron;etk&yacute;m za \u0148u \u010fakujeme.<\/span><\/p>\n<p style=\"margin: 0px; font: 16px Helvetica\"><span style=\"letter-spacing: 0px\">&nbsp; &nbsp; Inou aktivitou z min.roku je &uacute;\u010das\u0165 \u010dasti na&scaron;ej konfirma\u010dnej a pokonfirma\u010dnej m&aacute;de\u017ee na <b>SKEJpe v Krajnom, 25.j&uacute;la<\/b><i> <\/i>(8 ml) V r&aacute;mci stretnutia SEM v Mys sa z&uacute;\u010dastnili futbalov&eacute;ho turnaja a stali sa jeho v&iacute;\u0165azmi. Preto aj post&uacute;pili do Di&scaron;triktu&aacute;lneho kola, ktor&eacute; sa konalo v septembri v Hn&uacute;&scaron;ti, kde op&auml;\u0165 dobre reprezentovali Soboti&scaron;te a MyS.<\/span><\/p>\n<p style=\"margin: 0px; font: 16px Helvetica\"><span style=\"letter-spacing: 0px\">&nbsp;&nbsp; &nbsp; V adventnom \u010dase sa zapojilo ca 50 det&iacute; do n&aacute;cviku viano\u010dn&eacute;ho programu. &Uacute;spech mala <b>nov&aacute; dramatiz&aacute;cia<\/b> vian.evanjelia pod\u013ea Mt a Lk a celkovo pekn&eacute; vyst&uacute;penie det&iacute; na predviano\u010dnom ve\u010dierku pote&scaron;ilo v&scaron;etk&yacute;ch pr&iacute;tomn&yacute;ch. Deti dostali ako vian.dar\u010dek Adventn&yacute; kalend&aacute;r, ktor&yacute; motivuje k prehlbovaniu radostnej spr&aacute;vy o vtelen&iacute; a pr&eacute;chode Spasit\u013ea PJK. Z tradi\u010dn&eacute;ho vian.bal&iacute;\u010dka zostala iba symbolick&aacute; sladkos\u0165. Je v&scaron;ak na rodi\u010doch, aby sa Adv.kalend&aacute;re v tejto podobe stali duchovnou poch&uacute;\u0165kou&#8230;<\/span><\/p>\n<p style=\"margin: 0px; font: 16px Helvetica\"><span style=\"letter-spacing: 0px\">&nbsp; &nbsp; &nbsp; &nbsp; &nbsp; Tu by som chcel spomen&uacute;\u0165 <b>nov&yacute; sp&ocirc;sob pr&iacute;pravy<\/b> t&yacute;ch nieko\u013ek&yacute;ch det&iacute;, ktor&eacute; rodiny pripravuj&uacute; na konfirm&aacute;ciu- v nede\u013eu po SLB. Iba niektor&iacute; plnia to, \u010do s\u013e&uacute;bili a na \u010dom sme sa dohodli. Mus&iacute;m tu dnes poveda\u0165, \u017ee takto je cel&aacute; konfirm&aacute;cia det&iacute; v&aacute;\u017ene ohrozen&aacute; ne&uacute;\u010das\u0165ou a slabou pr&iacute;pravou.Je mi to \u013e&uacute;to, lebo tie deti dobre pozn&aacute;m, a ako sme v &uacute;vode na z&aacute;klade B.slova po\u010duli: chyba nie je v de\u0165och, ale v ratolestaich, ktor&eacute; ich maj&uacute; nies\u0165 a duchovne \u017eivi\u0165! Ak sa to nedeje, a nebude dia\u0165, kvety a puky&nbsp;sa nerozvin&uacute; a bolo by iluz&oacute;rne o\u010dak&aacute;va\u0165 ak&eacute;ko\u013evek dobr&eacute; ovocie. &nbsp;<\/span><\/p>\n<p style=\"margin: 0px; font: 16px Helvetica\"><span style=\"letter-spacing: 0px\">&nbsp; &nbsp; &nbsp; &nbsp; Moje <b>stanovisko ku konfirma\u010dnej praxi ECAV<\/b>: &ldquo;Sl&aacute;vnostn&yacute;ch rozl&uacute;\u010diek&rdquo; s cirkvou sme za\u017eili u\u017e dos\u0165. Mysl&iacute;m si, \u017ee je tu \u010das, <b>aby na&scaron;a ECAV z&aacute;sadne prehodnotila sp&ocirc;sob a prisluhovanie konfirm&aacute;cie. Ako z&aacute;sadn&yacute; omyl sa ukazuje ukon\u010denie katechumen&aacute;tu vykonan&iacute;m konfirm&aacute;cie <\/b>a tzv. vyhl&aacute;senie nedou\u010den&yacute;ch det&iacute; za &ldquo;dospel&yacute;ch&rdquo; &uacute;dov cirkvi. Je\u017ei&scaron;ove slov&aacute; &ldquo;<i>&#8230;a u\u010dte ich zachov&aacute;va\u0165 v&scaron;etko, \u010doko\u013evek som v&aacute;m prik&aacute;zal<\/i>&rdquo;-&nbsp; sa v cirkvi predsa realizuj&uacute;<b> pri ka\u017edom pokrstenom ka\u017ed&yacute;mi verejn&yacute;mi SLB a ich vyu\u010dovan&iacute;m! <\/b>Katechumen&aacute;t trv&aacute; po cel&yacute; \u017eivot, ak po\u010d&uacute;vame Kristovo slovo: &ldquo;v&scaron;etko&#8230;&rdquo;!&nbsp; Ak prisl&uacute;\u017eenie sviatost&iacute;, a teda aj VP sl&uacute;\u017ei k rastu vo viere, je \u010das:- zn&iacute;\u017ei\u0165 konfirma\u010dn&yacute; vek, -prisl&uacute;\u017ei\u0165 VP t&yacute;m de\u0165om, ktor&yacute;ch rodi\u010dia zodpovedne k VP pripravia vo veku primeranej&scaron;om, <b>aby naozaj mohli \u017ei\u0165 a r&aacute;s\u0165 zo Slova a sviatost&iacute;!<\/b> Ak to niektor&iacute; neurobia, zost&aacute;va mo\u017enos\u0165 a n&aacute;dej, \u017ee sa raz sami, ako dospel&iacute; na&nbsp; katech&eacute;zu \/vyu\u010dovanie\/ prihl&aacute;sia a o konfirm&aacute;ciu po\u017eiadaj&uacute;.&nbsp;<\/span><\/p>\n<p style=\"margin: 0px; font: 16px Helvetica\"><span style=\"letter-spacing: 0px\">Toto je samozrejme vecou celej na&scaron;ej ECAV a nielen jedn&eacute;ho CZ.<\/span><\/p>\n<p style=\"margin: 0px; font: 16px Helvetica\"><span style=\"letter-spacing: 0px\">&nbsp;&nbsp; Ale z&iacute;skal som dojem, \u017ee mnoh&iacute; zodpovedn&iacute; funkcion&aacute;ri k\u0148azsk&eacute; spr&aacute;vy ne\u010d&iacute;taj&uacute;, akoby DSV vial v\u017edy iba &ldquo;jedn&yacute;m smerom&rdquo;.<\/span><\/p>\n<p style=\"min-height: 19px; margin: 0px; font: 16px Helvetica\">&nbsp;<\/p>\n<p style=\"margin: 0px; font: 16px Helvetica\"><span style=\"letter-spacing: 0px\">&nbsp; &nbsp; &nbsp; &nbsp; &nbsp; &nbsp; &nbsp; &nbsp; &nbsp; &nbsp; &nbsp; &nbsp; &nbsp; &nbsp; &nbsp; &nbsp; &nbsp; &nbsp; &nbsp; &nbsp; &nbsp; &nbsp; &nbsp; &nbsp; &nbsp; &nbsp; &nbsp; &nbsp; &nbsp;<b>&nbsp; Slu\u017eba presbyterov<\/b><\/span><\/p>\n<p style=\"margin: 0px; font: 16px Helvetica\"><span style=\"letter-spacing: 0px\">Presbyterstvo zasadlao vlani 4x. Zaoberalo sa nielen be\u017en&yacute;mi hospod&aacute;rskymi ot&aacute;zkami, ale aj ot&aacute;zkmi &scaron;kolskej, rodinnej a konfirma\u010dnej v&yacute;chovy det&iacute;. <b>Biblick&yacute; poh\u013ead je: deti s&uacute; ve\u013ek&yacute;m Bo\u017e&iacute;m darom a po\u017eehnan&iacute;m a Bohu sme za ne zodpoved&aacute;me.<\/b> Invest&iacute;cia \u010dasu \/ i pe\u0148az&iacute;\/ do v&yacute;chovy det&iacute; je dobr&aacute;, ba najlep&scaron;ia invest&iacute;cia! Minul&yacute; rok sme vykonali dopl\u0148ovacie vo\u013eby na funkciu presbyterov, ke\u010f boli zvolen&iacute; a do &uacute;radu uveden&iacute; br.Mgr. J&aacute;n Talla v Rovensku a ses.MUDr.Jana Rybnik&aacute;rov&aacute;. Okrem toho sa konali v&yacute;ro\u010dn&eacute; zasadnutia presbyterov vo fili&aacute;lkach Rovensko a Podbran\u010d. Poradn&yacute; org&aacute;n presbyterstva je <b>Hospod&aacute;rsky v&yacute;bor<\/b>, ktor&yacute; pripravil n&aacute;vrh rozpo\u010dtu a zaoberal sa \u010fal&scaron;&iacute;mi hosp.ot&aacute;zkami. CZ si vyvolil a do hodnosti n&aacute;m.dozorcu bol uveden&yacute; br.<b>Kvetoslav Barto\u0148<\/b> z Rovenska. Ved&uacute;cou SE\u017d&nbsp; je ses.presbyterka <b>Anna Hurb&aacute;nkov&aacute;.&nbsp;<\/b><\/span><\/p>\n<p style=\"margin: 0px; font: 16px Helvetica\"><span style=\"letter-spacing: 0px\">&nbsp;&nbsp; T&yacute;mto konventom kon\u010d&iacute; volebn&eacute; funk\u010dn&eacute; obdobie v&scaron;etk&yacute;m \u010dlenom presbyterstva a tie\u017e ses. zbor. dozorkyni<b> Al\u017ebete \u010cernekovej.<\/b> V&scaron;etk&yacute;m za ich vykonan&uacute; pr&aacute;cu v poslend&yacute;ch 6-tich rokoch \u010fakujem v mene svojom i cel&eacute;ho CZ. V decembri sme s v\u010fakou oproti PB pozdravili a po\u010fakovali za slu\u017ebu br. <b>Pavlovi &Scaron;arabokov<\/b>i, do\u017eivotn&eacute;mu \u010destn&eacute;nu dozorcovi CZ pri jeho 90-ke, pozdravili sme pri 70- ke br.fil.kur&aacute;tora <b>J&aacute;na \u010cerm&aacute;ka<\/b> a br.n&aacute;m.dozorcu K.Barto\u0148a pri 60-ke. P&aacute;n Boh nech ich \u017eehn&aacute; svojimi darmi na tele u i na du&scaron;i! V&auml;\u010d&scaron;ina bratov a sestier je ochotn&yacute;ch prija\u0165 funkciu aj v novom volebnom obdob&iacute;, za \u010do im tie\u017e \u010fakujeme. Zo zdravotn&yacute;ch d&ocirc;vodov \u010fakuje za d&ocirc;veru a sklad&aacute; funkciu br.<b>Martin Kadle\u010d&iacute;k<\/b>. V&yacute;ro\u010dn&eacute; zasadnutie presbyterstva pripravilo aj n&aacute;vrh vo\u013eby nov&yacute;ch \u010dlenov, ktor&iacute; sa bud&uacute; uch&aacute;dza\u0165 o va&scaron;u d&ocirc;veru.<\/span><\/p>\n<p style=\"min-height: 19px; margin: 0px; font: 16px Helvetica\">&nbsp;<\/p>\n<p style=\"margin: 0px; font: 16px Helvetica\"><span style=\"letter-spacing: 0px\">&nbsp;&nbsp; &nbsp; &nbsp; &nbsp; &nbsp; &nbsp; &nbsp; &nbsp; &nbsp; &nbsp; &nbsp; &nbsp; &nbsp; &nbsp;<b>&nbsp; &nbsp; &nbsp; &nbsp; &nbsp; &nbsp; &nbsp; &nbsp; &nbsp; &nbsp; &nbsp; &nbsp; &nbsp; &nbsp;Pastor&aacute;lna \u010dinnos\u0165 k\u0148aza<\/b><\/span><\/p>\n<p style=\"margin: 0px; font: 16px Helvetica\"><span style=\"letter-spacing: 0px\">Konal som ju najm&auml; pri u\u017e spomenut&yacute;ch pravide\u013en&yacute;ch rozhovoroch pred sob&aacute;&scaron;mi, krstami, ale i pohrebmi a po nich. Pri rozhovoroch s rodi\u010dmi v dom&aacute;cnosti i v chr&aacute;me. K pastor&aacute;lnm rozhovorom patria i niektor&eacute; n&aacute;hodn&eacute; stretnutia, alebo n&aacute;v&scaron;tevy v rodin&aacute;ch a dom&aacute;cnostiach. Rodi\u010dom &scaron;kolopovinn&yacute;ch det&iacute; som poslal pastierske listy s osloven&iacute;m. Ako nedostatok vid&iacute;m m&aacute;lo pozvan&iacute; do rod&iacute;n prisl&uacute;\u017ei\u0165 slab&yacute;m a chor&yacute;m Ve\u010deru P&aacute;novu. Predklad&aacute;m n&aacute;vrh: <b>&ldquo;Predman\u017eelsk&aacute; pr&iacute;prava v CZ sa mus&iacute; kona\u0165 minim&aacute;lne 6 vyu\u010dovac&iacute;ch hod&iacute;n&rdquo;.&nbsp;<\/b><\/span><\/p>\n<p style=\"min-height: 19px; margin: 0px; font: 16px Helvetica\">&nbsp;<\/p>\n<p style=\"margin: 0px; font: 16px Helvetica\"><span style=\"letter-spacing: 0px\">&nbsp;&nbsp; &nbsp; &nbsp; &nbsp; &nbsp; &nbsp; &nbsp; &nbsp; &nbsp; &nbsp; &nbsp; <b>&nbsp; &nbsp; &nbsp; &nbsp; &nbsp; &nbsp; &nbsp; &nbsp; &nbsp; &nbsp; &nbsp; &nbsp; &nbsp; &nbsp; In&eacute; funkcie a pohyb \u013eudnatosti<\/b><\/span><\/p>\n<p style=\"margin: 0px; font: 16px Helvetica\"><span style=\"letter-spacing: 0px\">K naj\u0165a\u017e&scaron;&iacute;m patria&nbsp; pohrebn&eacute; rozl&uacute;\u010dky. V Soboti&scaron;ti zomrelo a bolo pohovan&yacute;ch cirk.sp&ocirc;sobom: 3 m a 9 \u017e, spolu: 12 \u010dlenov, na Podbran\u010di: 4 m a 4 \u017e, spolu 8 , v Rovensku 2 m a 2 \u017e, spolu: 4 .<\/span><\/p>\n<p style=\"margin: 0px; font: 16px Helvetica\"><span style=\"letter-spacing: 0px\">Celkom: 9 mu\u017eov a 15 \u017eien=24 \u010dlenov.(+4)<\/span><\/p>\n<p style=\"margin: 0px; font: 16px Helvetica\"><span style=\"letter-spacing: 0px\">Narodili sa a boli pokrsten&iacute;: 3 chl a 4 d, spolu: 7 det&iacute; . Prirodzen&yacute; &uacute;bytok:17. Prihl&aacute;sili sa do CZ 4. Cirk.pr&iacute;spevok nezaplatilo cca 6 &#8211; zatia\u013e s&uacute; ako \u010dlenovia CZ evidovan&iacute; a CZ plat&iacute; za nich sen. a di&scaron;triktu&aacute;lny pr&iacute;spevok. Spolu &uacute;bytok: 13.<\/span><\/p>\n<p style=\"margin: 0px; font: 16px Helvetica\"><span style=\"letter-spacing: 0px\">Sob&aacute;&scaron;en&eacute; boli 3 p&aacute;ry, evanj.kres\u0165.: 2, mie&scaron;an&eacute;: 1 man\u017e.p&aacute;r.(-1)<\/span><\/p>\n<p style=\"margin: 0px; font: 16px Helvetica\"><span style=\"letter-spacing: 0px\">Po\u010det evidovan&yacute;ch du&scaron;&iacute; v CZ k 31.12.2011 je: <b>1337 du&scaron;&iacute;<\/b>.&nbsp;<\/span><\/p>\n<p style=\"margin: 0px; font: 16px Helvetica\"><span style=\"letter-spacing: 0px\">Pod\u013ea posledn&eacute;ho s\u010d&iacute;tania pred 10 r. to bolo: 1702, najnov&scaron;ie s\u010d&iacute;tanie obyvate\u013estva nebolo e&scaron;te zverejnen&eacute;.<\/span><\/p>\n<p style=\"min-height: 19px; margin: 0px; font: 16px Helvetica\">&nbsp;<\/p>\n<p style=\"margin: 0px; font: 16px Helvetica\"><span style=\"letter-spacing: 0px\">&nbsp; &nbsp; &nbsp; &nbsp; &nbsp; &nbsp; &nbsp; &nbsp; &nbsp; &nbsp; &nbsp; &nbsp; &nbsp; &nbsp; &nbsp; &nbsp; &nbsp; &nbsp; &nbsp; &nbsp; &nbsp; &nbsp; &nbsp; &nbsp; &nbsp; &nbsp; &nbsp; &nbsp;&nbsp;<b>2.\u010das\u0165 &#8211; Hospod&aacute;renie<\/b><\/span><\/p>\n<p style=\"margin: 0px; font: 16px Helvetica\">&nbsp;<\/p>\n<p style=\"margin: 0px; font: 16px Helvetica\"><span style=\"letter-spacing: 0px\">&nbsp; &nbsp; &nbsp;Finan\u010dn&eacute; hospod&aacute;renie&nbsp; CZ prebiehalo vyrovnane, pod\u013ea rozpo\u010dtu. Pl&aacute;novan&yacute; rozpo\u010det bol 11 900 E pr&iacute;jmov a v&yacute;davkov, pri\u010dom pr&iacute;jem bol v skuto\u010dnosti o nie\u010do vy&scaron;&scaron;&iacute;, tak\u017ee CZ mohol splati\u0165 \u010das\u0165 p&ocirc;\u017ei\u010dky, kotr&aacute; sa t&yacute;kala nov&eacute;ho syst&eacute;mu zvonenia, v\u010d&iacute;tane &uacute;rokov. Zost&aacute;va splati\u0165 p&ocirc;\u017ei\u010dku na organ vo v&yacute;&scaron;ke 7.5OO E.&nbsp;<\/span><\/p>\n<p style=\"margin: 0px; font: 16px Helvetica\"><span style=\"letter-spacing: 0px\">Splaten&iacute;m p&ocirc;\u017ei\u010dky mohla by\u0165 obnoven&aacute; Z&aacute;kladina rodiny Ser&aacute;torovej. Zakladate\u013eka Marta Ser&aacute;torov&aacute; ve\u013ekoryso pri obnoven&iacute; z&aacute;kladiny darovla 1000.- E a ku d\u0148u 15.12.11 z&aacute;kladina v OTP banke \u010din&iacute;: 3.5OO.-E.&nbsp;<\/span><\/p>\n<p style=\"margin: 0px; font: 16px Helvetica\"><span style=\"letter-spacing: 0px\">Obraty za r.2011 pod\u013ea &uacute;\u010dtovn&eacute;ho denn&iacute;ka s&uacute;:&nbsp;<\/span><\/p>\n<p style=\"margin: 0px; font: 16px Helvetica\"><span style=\"letter-spacing: 0px\">Pr&iacute;jem z majetku: &#8230;&#8230;&#8230; 475,13 &nbsp;<\/span><\/p>\n<p style=\"margin: 0px; font: 16px Helvetica\"><span style=\"letter-spacing: 0px\">Milodary: &#8230;&#8230;&#8230;&#8230;&#8230;&#8230;&#8230;5.141,10 &nbsp;<\/span><\/p>\n<p style=\"margin: 0px; font: 16px Helvetica\"><span style=\"letter-spacing: 0px\">Ofery:&#8230;&#8230;&#8230;&#8230;&#8230;&#8230;&#8230;&#8230;&#8230;6.257,36 &nbsp; (v\u010d&iacute;tane ofery Bran\u010d-pre VMV ZD) &nbsp; &nbsp;<\/span><\/p>\n<p style=\"margin: 0px; font: 16px Helvetica\"><span style=\"letter-spacing: 0px\">Cirk.pr&iacute;spevok:&#8230;&#8230;&#8230;&#8230;.7.272<\/span><\/p>\n<p style=\"margin: 0px; font: 16px Helvetica\"><span style=\"letter-spacing: 0px\">&Uacute;roky a osta.pr&#8230;&#8230;&#8230;&#8230;&#8230;&#8230;..1.59<\/span><\/p>\n<p style=\"margin: 0px; font: 16px Helvetica\"><span style=\"letter-spacing: 0px\">&#8212;&#8212;&#8212;&#8212;&#8212;&#8212;&#8212;&#8212;&#8212;&#8212;&#8212;&#8212;&#8212;&#8212;<\/span><\/p>\n<p style=\"margin: 0px; font: 16px Helvetica\"><span style=\"letter-spacing: 0px\">Spolu: &nbsp; &nbsp; &nbsp; &nbsp; &nbsp; &nbsp; &nbsp; &nbsp; &nbsp; &nbsp; &nbsp; &nbsp; 19.147,18 E<\/span><\/p>\n<p style=\"min-height: 19px; margin: 0px; font: 16px Helvetica\">&nbsp;<\/p>\n<p style=\"margin: 0px; font: 16px Helvetica\"><span style=\"letter-spacing: 0px\">V&yacute;davky spolu:&#8230;&#8230;&#8230;&#8230;13.677,91<\/span><\/p>\n<p style=\"margin: 0px; font: 16px Helvetica\"><span style=\"letter-spacing: 0px\">Zostatok k 31.12.2011=&nbsp; 5.469,27<\/span><\/p>\n<p style=\"margin: 0px; font: 16px Helvetica\"><span style=\"letter-spacing: 0px\">O pokladni\u010dn&yacute;chh obratoch pod&aacute; podrobnej&scaron;iu spr&aacute;vu &uacute;\u010dtovn&iacute;\u010dka <b>Em&iacute;lia Slez&aacute;kov&aacute;.<\/b> Presbyterstvo skontrolovalo v&scaron;etky polo\u017eky a obraty a na&scaron;lo v&scaron;etky &uacute;\u010dty spr&aacute;vne veden&eacute;. Pokladni\u010dn&yacute; zostatok s&uacute;hlas&iacute; zo zostatkom v pokladnici, \u010do potvrdzuje ses.pokladn&iacute;\u010dka <b>Anna Kut&aacute;lkov&aacute;<\/b> a poslednd&yacute; v&yacute;pis zo SLSP s&uacute;hlas&iacute; s &uacute;\u010dtovn&yacute;m zostatkom. Z tohoto d&ocirc;vodu presbyterstvo navrhuje konventu prija\u0165 pr&iacute;slu&scaron;n&eacute; <b>absolut&oacute;rium. <\/b>Ses.pokladn&iacute;\u010dke a &uacute;\u010dtovn&iacute;\u010dke \u010fakujeme za vzorn&eacute; vedenie &uacute;\u010dtov. Vzh\u013eadom na nutnos\u0165 spl&aacute;cania p&ocirc;\u017ei\u010dky, v CZ sme nerobili v uplynulom roku \u017eiadne v&auml;\u010d&scaron;ie investi\u010dn&eacute; akcie alebo opravy. Br.kur&aacute;tor<b> Martin Kut&aacute;lek<\/b> zhotovil nov&eacute; dvere na ve\u017eu a nieko\u013eko men&scaron;&iacute;ch opr&aacute;v fas&aacute;dy. \u010eakujeme aj za v&scaron;etky brig&aacute;dnicky vykonan&eacute; pr&aacute;ce, najm&auml; pri &uacute;dr\u017ebe okolia kostola a fary. \u010eakujeme za slu\u017ebu ses.kostoln&iacute;\u010dke Z.Hechtovej a ses.upratova\u010dk&aacute;m kostola, ktor&eacute; jej pom&aacute;haj&uacute;, na&scaron;&iacute;m kantorom, ako aj v&scaron;etk&yacute;m bratom a sestr&aacute;m presbyterom, kur&aacute;torom, zapisovate\u013eom a zvon&aacute;rom v matkocirkvi i vo fii&aacute;lkach Podbran\u010d a Rovensko. \u010eakujeme za milodary, kvety na olt&aacute;r, za ka\u017ed&yacute; prejav l&aacute;sky, za dobr&eacute; ovocie kres\u0165anskej viery a to v&scaron;etk&yacute;m bratom a sestr&aacute;m n&aacute;&scaron;ho bohumil&eacute;ho CZ. Nadov&scaron;etko v&scaron;ak patr&iacute; \u010des\u0165 a chv&aacute;la Trojjedin&eacute;mu P&aacute;nu Bohu za to, \u017ee bol s nami, \u017eehnal na&scaron;e &uacute;silie a dobr&eacute; sna\u017eenie svojou milos\u0165ou a svojou dobrotou korunoval rok i na&scaron;u cestu k ve\u010dnosti. Amen.&nbsp;<\/span><\/p>\n<p style=\"margin: 0px; font: 16px Helvetica\"><span style=\"letter-spacing: 0px\">&nbsp;&nbsp; &nbsp; &nbsp; &nbsp; &nbsp; &nbsp; &nbsp; &nbsp; &nbsp; &nbsp; &nbsp; &nbsp; &nbsp; &nbsp; &nbsp; &nbsp; &nbsp; &nbsp; &nbsp; &nbsp; &nbsp; &nbsp; &nbsp; &nbsp; &nbsp; &nbsp; &nbsp; <i>Mgr. \u013dubom&iacute;r Batka, ev.far&aacute;r<\/i><\/span><\/p>\n","protected":false},"excerpt":{"rendered":"<p>&nbsp;&nbsp; &nbsp; &nbsp; &nbsp; &nbsp; &nbsp; &nbsp; &nbsp; &nbsp; &nbsp; &nbsp; &nbsp; &nbsp; &nbsp; &nbsp; &nbsp; &nbsp; &nbsp; &nbsp; &nbsp; &nbsp; &nbsp; &nbsp; &nbsp; &nbsp; &nbsp; &nbsp;V&yacute;ro\u010dn&aacute; k\u0148azsk&aacute; spr&aacute;va za rok 2011 &nbsp; prednesen&aacute; \u013dubom&iacute;rom Batkom, zborov&yacute;m far&aacute;rom na v&yacute;ro\u010dnom celozborovom konvente CZ ECAV so s&iacute;dlom v Soboti&scaron;ti, ktor&yacute; sa konal d\u0148a 12.2.2012 v chr&aacute;me &#8230; <a title=\"Ja som prav\u00fd v\u00ednny kme\u0148&#8230; \/v\u00fdro\u010dn\u00e1 spr\u00e1va\/\" class=\"read-more\" href=\"https:\/\/www.e-anjelik.sk\/index.php\/2012\/02\/20\/ja-som-pravy-vinny-kmen-vyrocna-sprava\/\" aria-label=\"Pre\u010d\u00edtajte si viac o Ja som prav\u00fd v\u00ednny kme\u0148&#8230; \/v\u00fdro\u010dn\u00e1 spr\u00e1va\/\">\u010c\u00edta\u0165 viac<\/a><\/p>\n","protected":false},"author":4,"featured_media":0,"comment_status":"open","ping_status":"open","sticky":false,"template":"","format":"standard","meta":{"footnotes":""},"categories":[95],"tags":[],"class_list":["post-4112","post","type-post","status-publish","format-standard","hentry","category-sobotiste"],"_links":{"self":[{"href":"https:\/\/www.e-anjelik.sk\/index.php\/wp-json\/wp\/v2\/posts\/4112","targetHints":{"allow":["GET"]}}],"collection":[{"href":"https:\/\/www.e-anjelik.sk\/index.php\/wp-json\/wp\/v2\/posts"}],"about":[{"href":"https:\/\/www.e-anjelik.sk\/index.php\/wp-json\/wp\/v2\/types\/post"}],"author":[{"embeddable":true,"href":"https:\/\/www.e-anjelik.sk\/index.php\/wp-json\/wp\/v2\/users\/4"}],"replies":[{"embeddable":true,"href":"https:\/\/www.e-anjelik.sk\/index.php\/wp-json\/wp\/v2\/comments?post=4112"}],"version-history":[{"count":0,"href":"https:\/\/www.e-anjelik.sk\/index.php\/wp-json\/wp\/v2\/posts\/4112\/revisions"}],"wp:attachment":[{"href":"https:\/\/www.e-anjelik.sk\/index.php\/wp-json\/wp\/v2\/media?parent=4112"}],"wp:term":[{"taxonomy":"category","embeddable":true,"href":"https:\/\/www.e-anjelik.sk\/index.php\/wp-json\/wp\/v2\/categories?post=4112"},{"taxonomy":"post_tag","embeddable":true,"href":"https:\/\/www.e-anjelik.sk\/index.php\/wp-json\/wp\/v2\/tags?post=4112"}],"curies":[{"name":"wp","href":"https:\/\/api.w.org\/{rel}","templated":true}]}}