{"id":4113,"date":"2012-02-20T19:15:06","date_gmt":"2012-02-20T19:15:06","guid":{"rendered":"http:\/\/e-anjelik.sk\/?p=4113"},"modified":"2012-02-20T19:15:06","modified_gmt":"2012-02-20T19:15:06","slug":"ivan-krasko-nad-ranom","status":"publish","type":"post","link":"https:\/\/www.e-anjelik.sk\/index.php\/2012\/02\/20\/ivan-krasko-nad-ranom\/","title":{"rendered":"Ivan Krasko: Nad r\u00e1nom"},"content":{"rendered":"<p>&nbsp; &nbsp; &nbsp; &nbsp;&nbsp;<b>Ivan Krasko: Nad r&aacute;nom&#8230;<\/b><\/p>\n<p style=\"margin: 0.0px 0.0px 0.0px 0.0px; font: 15.0px Helvetica; min-height: 18.0px\">&nbsp;<\/p>\n<p style=\"margin: 0.0px 0.0px 0.0px 0.0px; font: 15.0px Helvetica\"><span style=\"letter-spacing: 0.0px\">Nad r&aacute;nom vtanem ja na&scaron;u na nede\u013eu<\/span><\/p>\n<p style=\"margin: 0.0px 0.0px 0.0px 0.0px; font: 15.0px Helvetica\"><span style=\"letter-spacing: 0.0px\">a prv&yacute; voskovicu za\u017enem \u010ditobielu<\/span><\/p>\n<p style=\"margin: 0.0px 0.0px 0.0px 0.0px; font: 15.0px Helvetica\"><span style=\"letter-spacing: 0.0px\">&scaron;er&eacute;ho chr&aacute;mu ku ikonostasu.<\/span><\/p>\n<p style=\"margin: 0.0px 0.0px 0.0px 0.0px; font: 15.0px Helvetica\"><span style=\"letter-spacing: 0.0px\">Sv&auml;tyne dla\u017eby nemo, bez ru&scaron;n&eacute;ho hlasu<\/span><\/p>\n<p style=\"margin: 0.0px 0.0px 0.0px 0.0px; font: 15.0px Helvetica\"><span style=\"letter-spacing: 0.0px\">hor&uacute;cim \u010delom dot&yacute;ka\u0165 sa bude<\/span><\/p>\n<p style=\"margin: 0.0px 0.0px 0.0px 0.0px; font: 15.0px Helvetica\"><span style=\"letter-spacing: 0.0px\">znaven&aacute; hlava moja- &#8211; &#8211;<\/span><\/p>\n<p style=\"margin: 0.0px 0.0px 0.0px 0.0px; font: 15.0px Helvetica\"><span style=\"letter-spacing: 0.0px\">&nbsp;&nbsp; &nbsp; &nbsp; &nbsp; &nbsp; &nbsp; &nbsp; &nbsp; &nbsp; &nbsp; &nbsp; &nbsp; &nbsp; &nbsp; &nbsp; &nbsp; &nbsp; &nbsp; Rud&eacute;<\/span><\/p>\n<p style=\"margin: 0.0px 0.0px 0.0px 0.0px; font: 15.0px Helvetica\"><span style=\"letter-spacing: 0.0px\">ke\u010f slnka l&uacute;\u010de zlietnu<\/span><\/p>\n<p style=\"margin: 0.0px 0.0px 0.0px 0.0px; font: 15.0px Helvetica\"><span style=\"letter-spacing: 0.0px\">na olt&aacute;r P&aacute;na v nede\u013eu t&uacute; Kvetn&uacute;<\/span><\/p>\n<p style=\"margin: 0.0px 0.0px 0.0px 0.0px; font: 15.0px Helvetica\"><span style=\"letter-spacing: 0.0px\">a in&iacute; hrie&scaron;ni pr&iacute;du do kostola,<\/span><\/p>\n<p style=\"margin: 0.0px 0.0px 0.0px 0.0px; font: 15.0px Helvetica\"><span style=\"letter-spacing: 0.0px\">ja \u010faleko u\u017e budem od Bo\u017eieho stola &#8211; &#8211;<\/span><\/p>\n<p style=\"margin: 0.0px 0.0px 0.0px 0.0px; font: 15.0px Helvetica\"><span style=\"letter-spacing: 0.0px\">No niekde vzadu, v najtemnej&scaron;om k&uacute;te<\/span><\/p>\n<p style=\"margin: 0.0px 0.0px 0.0px 0.0px; font: 15.0px Helvetica\"><span style=\"letter-spacing: 0.0px\">st&aacute;\u0165 bude&nbsp; ktosi ticho, nepohnute<\/span><\/p>\n<p style=\"margin: 0.0px 0.0px 0.0px 0.0px; font: 15.0px Helvetica\"><span style=\"letter-spacing: 0.0px\">a jeho o\u010di slzou zatrbliecu &#8211; &#8211;<\/span><\/p>\n<ul>\n<li style=\"margin: 0.0px 0.0px 0.0px 0.0px; font: 15.0px Helvetica\"><span style=\"letter-spacing: 0.0px\">&#8211; &#8211; &#8211; &#8211; &#8211; &#8211; &#8211; &#8211; &#8211; &#8211; &#8211; &#8211; &#8211;&nbsp;<\/span><\/li>\n<\/ul>\n<p style=\"margin: 0.0px 0.0px 0.0px 0.0px; font: 15.0px Helvetica\"><span style=\"letter-spacing: 0.0px\">Ja prv&yacute; za\u017enem pred olt&aacute;rom sviecu,<\/span><\/p>\n<p style=\"margin: 0.0px 0.0px 0.0px 0.0px; font: 15.0px Helvetica\"><span style=\"letter-spacing: 0.0px\">ten druh&yacute; vzdychne s v&ocirc;\u0148ou v tymiane:<\/span><\/p>\n<p style=\"margin: 0.0px 0.0px 0.0px 0.0px; font: 15.0px Helvetica\"><span style=\"letter-spacing: 0.0px\">v posviacku t&uacute;to pomiluj, &oacute;, Pane!<\/span><\/p>\n<ul>\n<li style=\"margin: 0.0px 0.0px 0.0px 0.0px; font: 15.0px Helvetica\"><span style=\"letter-spacing: 0.0px\">&#8211; &#8211; &#8211; &#8211; &#8211; &#8211; &#8211; &#8211; &#8211; &#8211; &#8211; &#8211; &#8211;&nbsp;<\/span><\/li>\n<\/ul>\n<p style=\"margin: 0.0px 0.0px 0.0px 0.0px; font: 15.0px Helvetica\"><span style=\"letter-spacing: 0.0px\">zav\u010dasu ka\u017ed&yacute; z n&aacute;s v ten sviatok vstane!&nbsp;<\/span><\/p>\n<p style=\"margin: 0.0px 0.0px 0.0px 0.0px; font: 15.0px Helvetica; min-height: 18.0px\">&nbsp;<\/p>\n<p style=\"margin: 0.0px 0.0px 0.0px 0.0px; font: 15.0px Helvetica; min-height: 18.0px\">&nbsp;<\/p>\n<p style=\"margin: 0.0px 0.0px 0.0px 0.0px; font: 15.0px Helvetica\"><span style=\"letter-spacing: 0.0px\">Zo zbierky: <strong>Nox et solitudo <\/strong>(Martin 1909)<\/span><\/p>\n<p style=\"margin: 0.0px 0.0px 0.0px 0.0px; font: 15.0px Helvetica\"><strong><span style=\"letter-spacing: 0.0px\">Ivan Krasko,<\/span><\/strong><span style=\"letter-spacing: 0.0px\"> vlastn&yacute;m menom J&aacute;n Botto (1876 Lukovi&scaron;tia- 1958 Bratislava) B&aacute;snik, chemik, sen&aacute;tor, podpredseda NZ.<\/span><\/p>\n<p style=\"margin: 0.0px 0.0px 0.0px 0.0px; font: 15.0px Helvetica\"><span style=\"letter-spacing: 0.0px\">Jeho po&eacute;zia je &ldquo;<i>my&scaron;lienkovo bohat&aacute;, esteticky s&yacute;t<\/i>a&rdquo; \/<b>M.Ga&scaron;par&iacute;k<\/b>.Pred takou po&eacute;ziou sa skl&aacute;\u0148a i duch <b>F.X.&Scaron;aldu<\/b>:<i> &rdquo;To bol sn&aacute;\u010f m&ocirc;j najsilnej&scaron;&iacute; b&aacute;snick&yacute; dojem slovensk&yacute; pred vojnou. V jeho &ldquo;Nox et solitudo&rdquo;, v jeho &ldquo;ver&scaron;och&ocirc; hovoril pritlmene b&aacute;snok ve\u013ekej citlivosti, \u010dlovek &scaron;iesteho zmyslu pre tajomn&eacute; vplyvy \u017eivotn&eacute;, ktor&yacute; videl pod\u013ea svojho i do seba i do \u017eivota&rdquo;.<\/i><\/span><\/p>\n","protected":false},"excerpt":{"rendered":"<p>&nbsp; &nbsp; &nbsp; &nbsp;&nbsp;Ivan Krasko: Nad r&aacute;nom&#8230; &nbsp; Nad r&aacute;nom vtanem ja na&scaron;u na nede\u013eu a prv&yacute; voskovicu za\u017enem \u010ditobielu &scaron;er&eacute;ho chr&aacute;mu ku ikonostasu. Sv&auml;tyne dla\u017eby nemo, bez ru&scaron;n&eacute;ho hlasu hor&uacute;cim \u010delom dot&yacute;ka\u0165 sa bude znaven&aacute; hlava moja- &#8211; &#8211; &nbsp;&nbsp; &nbsp; &nbsp; &nbsp; &nbsp; &nbsp; &nbsp; &nbsp; &nbsp; &nbsp; &nbsp; &nbsp; &nbsp; &nbsp; &nbsp; &#8230; <a title=\"Ivan Krasko: Nad r\u00e1nom\" class=\"read-more\" href=\"https:\/\/www.e-anjelik.sk\/index.php\/2012\/02\/20\/ivan-krasko-nad-ranom\/\" aria-label=\"Pre\u010d\u00edtajte si viac o Ivan Krasko: Nad r\u00e1nom\">\u010c\u00edta\u0165 viac<\/a><\/p>\n","protected":false},"author":4,"featured_media":0,"comment_status":"open","ping_status":"open","sticky":false,"template":"","format":"standard","meta":{"footnotes":""},"categories":[165],"tags":[],"class_list":["post-4113","post","type-post","status-publish","format-standard","hentry","category-poezia-2"],"_links":{"self":[{"href":"https:\/\/www.e-anjelik.sk\/index.php\/wp-json\/wp\/v2\/posts\/4113","targetHints":{"allow":["GET"]}}],"collection":[{"href":"https:\/\/www.e-anjelik.sk\/index.php\/wp-json\/wp\/v2\/posts"}],"about":[{"href":"https:\/\/www.e-anjelik.sk\/index.php\/wp-json\/wp\/v2\/types\/post"}],"author":[{"embeddable":true,"href":"https:\/\/www.e-anjelik.sk\/index.php\/wp-json\/wp\/v2\/users\/4"}],"replies":[{"embeddable":true,"href":"https:\/\/www.e-anjelik.sk\/index.php\/wp-json\/wp\/v2\/comments?post=4113"}],"version-history":[{"count":0,"href":"https:\/\/www.e-anjelik.sk\/index.php\/wp-json\/wp\/v2\/posts\/4113\/revisions"}],"wp:attachment":[{"href":"https:\/\/www.e-anjelik.sk\/index.php\/wp-json\/wp\/v2\/media?parent=4113"}],"wp:term":[{"taxonomy":"category","embeddable":true,"href":"https:\/\/www.e-anjelik.sk\/index.php\/wp-json\/wp\/v2\/categories?post=4113"},{"taxonomy":"post_tag","embeddable":true,"href":"https:\/\/www.e-anjelik.sk\/index.php\/wp-json\/wp\/v2\/tags?post=4113"}],"curies":[{"name":"wp","href":"https:\/\/api.w.org\/{rel}","templated":true}]}}