{"id":4114,"date":"2012-02-20T19:33:05","date_gmt":"2012-02-20T19:33:05","guid":{"rendered":"http:\/\/e-anjelik.sk\/?p=4114"},"modified":"2012-02-20T19:33:05","modified_gmt":"2012-02-20T19:33:05","slug":"cesta-pravdy","status":"publish","type":"post","link":"https:\/\/www.e-anjelik.sk\/index.php\/2012\/02\/20\/cesta-pravdy\/","title":{"rendered":"Cesta pravdy"},"content":{"rendered":"<p>&nbsp;<span class=\"Apple-style-span\" style=\"font-family: Helvetica; font-size: 16px; line-height: normal; \"><b>&nbsp; &nbsp; &nbsp; &nbsp; &nbsp; &nbsp; &nbsp; &nbsp; &nbsp; &nbsp; &nbsp; &nbsp; &nbsp; &nbsp; &nbsp; &nbsp; &nbsp; &nbsp; &nbsp; &nbsp; &nbsp; &nbsp; &nbsp; &nbsp; &nbsp; &nbsp; &nbsp; Cesta pravdy&nbsp;<\/b><\/span><\/p>\n<p style=\"margin: 0.0px 0.0px 0.0px 0.0px; font: 16.0px Helvetica; min-height: 19.0px\">&nbsp;<\/p>\n<p style=\"margin: 0.0px 0.0px 0.0px 0.0px; font: 16.0px Helvetica\"><span style=\"letter-spacing: 0.0px\"><b>J 14,6 :&rdquo;Ja som cesta i pravda i \u017eivot.&nbsp;<\/b><\/span><\/p>\n<p style=\"margin: 0.0px 0.0px 0.0px 0.0px; font: 16.0px Helvetica\"><span style=\"letter-spacing: 0.0px\"><b>&nbsp; &nbsp; &nbsp; &nbsp; &nbsp; &nbsp; &nbsp; Nik neprich&aacute;dza k Otcovi , ak len nie skrze M\u0148a&rdquo;.Amen<\/b><\/span><\/p>\n<p style=\"margin: 0.0px 0.0px 0.0px 0.0px; font: 16.0px Helvetica; min-height: 19.0px\">&nbsp;<\/p>\n<p style=\"margin: 0.0px 0.0px 0.0px 0.0px; font: 16.0px Helvetica\"><span style=\"letter-spacing: 0.0px\"><b>&nbsp; <\/b>&nbsp; Mil&iacute; bratia a sestry v P&aacute;novi!<\/span><\/p>\n<p style=\"margin: 0.0px 0.0px 0.0px 0.0px; font: 16.0px Helvetica; min-height: 19.0px\">&nbsp;<\/p>\n<p style=\"margin: 0.0px 0.0px 0.0px 0.0px; font: 16.0px Helvetica\"><span style=\"letter-spacing: 0.0px\">&nbsp; &nbsp; <i>&ldquo;V&scaron;etky cesty ved&uacute; do R&iacute;ma<\/i>&rdquo;- hovor&iacute; jedno star&scaron;ie pr&iacute;slovie. Nechcem aby sme sk&uacute;mali a p&aacute;trali, ako a kedy vzniklo, alebo nako\u013eko je platn&eacute; aj dnes. Chcem sa parafr&aacute;zou tohto v&yacute;roku sp&yacute;ta\u0165, <b>\u010di v&scaron;etky cesty ved&uacute; aj k P&aacute;nu Bohu? <\/b>E&scaron;te presnej&scaron;ie: \u010di v&scaron;etky&nbsp; cesty \u013eud&iacute; ved&uacute; <b>k sp&aacute;se a k ve\u010dn&eacute;mu \u017eivotu?<\/b>&nbsp;<\/span><\/p>\n<p style=\"margin: 0.0px 0.0px 0.0px 0.0px; font: 16.0px Helvetica\"><span style=\"letter-spacing: 0.0px\">&nbsp;&nbsp; &nbsp; Je jasn&eacute;, \u017ee P&aacute;n Je\u017ei&scaron;, ktor&yacute; od Boha vy&scaron;iel, i&scaron;iel v\u017edy cestou k nebu. Nap\u013a\u0148al Bo\u017e&iacute; pl&aacute;n, ktor&eacute;ho cie\u013eom je sp&aacute;sa a ve\u010dn&yacute; \u017eivot. Je\u017ei&scaron; jasne ozn&aacute;mil: &ldquo;<i>Boh chce, aby v&scaron;etci \u013eudia boli spasen&iacute; a pri&scaron;li k poznaniu pravdy&rdquo;. <\/i>Na ot&aacute;zku apo&scaron;tola Tom&aacute;&scaron;a: <i>&rdquo;Nevieme Pane , kam ide&scaron;, ako by sme teda znali cestu&rdquo;?<\/i>&#8211; odpoved&aacute; Je\u017ei&scaron; jasne a jednozna\u010dne: &rdquo;<i>Ja som cesta i pravda i \u017eivot. Nik neprich&aacute;dza k Otcovi, ak len nie skrze m\u0148a&rdquo;.<\/i>&nbsp; V tomto rozhovore ne&scaron;lo z P&aacute;novej strany o \u017eiadne vyt&aacute;\u010dky, ani &scaron;pekulovanie o cieli \u017eivota.&nbsp;<\/span><\/p>\n<p style=\"margin: 0.0px 0.0px 0.0px 0.0px; font: 16.0px Helvetica\"><span style=\"letter-spacing: 0.0px\">Odohral sa po v&yacute;znamn&yacute;ch udalostiach, ku ktor&yacute;m patr&iacute; um&yacute;vanie n&ocirc;h u\u010den&iacute;kom a po vyjadreniach, ktor&eacute; povedal napr.pred gr&eacute;ckymi prozelitmi.(J 12,20-32) U\u017e nebol \u010das na n&aacute;znaky, ani hovorenie v obrazoch. Je\u017ei&scaron; potvrdil, \u017ee od Otca vy&scaron;iel a ide k Bohu. Ide, aby pripravil veriacim v Neho nebesk&eacute; pr&iacute;bytky. Ot&aacute;zka znie, \u010di maj&uacute; o ne z&aacute;ujem u\u010den&iacute;ci, a potom t&iacute;, ku ktor&yacute;m ich po&scaron;le.<\/span><\/p>\n<p style=\"margin: 0.0px 0.0px 0.0px 0.0px; font: 16.0px Helvetica; min-height: 19.0px\"><span style=\"letter-spacing: 0.0px\">&nbsp; &nbsp; &nbsp;<\/span><\/p>\n<p style=\"margin: 0.0px 0.0px 0.0px 0.0px; font: 16.0px Helvetica\"><span style=\"letter-spacing: 0.0px\">&nbsp;&nbsp; &nbsp; <b>Ved&uacute; v&scaron;etky cesty do neba, k sp&aacute;se a ve\u010dn&eacute;mu \u017eivotu? <\/b>Nebudeme sa zaobera\u0165 odpove\u010fami \u013eud&iacute;, ktor&iacute; Je\u017ei&scaron;ovu ponuku a teda aj Jeho cestu, pravdu a &uacute;\u010das\u0165 na Jeho \u017eivote odmietli. Takto sa rozhodli mnoh&iacute; zo\u010di-vo\u010di Je\u017ei&scaron;ovi, tak sa rozhoduj&uacute; mnoh&iacute; aj dnes.&nbsp;<\/span><\/p>\n<p style=\"margin: 0.0px 0.0px 0.0px 0.0px; font: 16.0px Helvetica\"><span style=\"letter-spacing: 0.0px\">&nbsp;&nbsp; &nbsp; N&aacute;m ide o to, ako odpovedaj&uacute; kres\u0165ania, na&scaron;i bl&iacute;\u017eni i my sami. \u010casto sa toti\u017e stret&aacute;me z nespr&aacute;vnou predstavou o Bo\u017eej milosti a l&aacute;ske, hoci sa na prv&yacute; poh\u013ead zd&aacute;, \u017ee je odvoden&aacute; zo zvesti cirkvi a z evanjelia. Po\u010duli sme mnoho o Bo\u017eej dobrote i Bo\u017eom z&aacute;ujme o n&aacute;s&#8230;Mnoh&iacute; si vtedy mo\u017eno pomyslia: ke\u010f je P&aacute;n Boh milostiv&yacute; a milosrdn&yacute;, je Jeho &ldquo;remeslom&rdquo;, \u010di&nbsp; priam &ldquo;povinnos\u0165ou&rdquo; odp&uacute;&scaron;\u0165a\u0165 v&scaron;etko a v&scaron;etk&yacute;m bez v&yacute;nimky. Dokonca, \u017ee inak ani nem&ocirc;\u017ee kona\u0165, ak nem&aacute; &ldquo;strati\u0165 svoju tv&aacute;r&rdquo;.&nbsp;<\/span><\/p>\n<p style=\"margin: 0.0px 0.0px 0.0px 0.0px; font: 16.0px Helvetica; min-height: 19.0px\"><span style=\"letter-spacing: 0.0px\">&nbsp;&nbsp; &nbsp;<\/span><\/p>\n<p style=\"margin: 0.0px 0.0px 0.0px 0.0px; font: 16.0px Helvetica\"><span style=\"letter-spacing: 0.0px\">Mil&iacute; bratia a sestry, pribl&iacute;\u017eim v&aacute;m tak&yacute;to postoj na pr&iacute;behu, ktor&yacute; sa mi stal u\u017e d&aacute;vno, le\u010f som bol kapl&aacute;nom v Ko&scaron;iciach. Po skon\u010den&iacute; SLB som si v&scaron;imol mlad&eacute;ho mu\u017ea, ako si so z&aacute;ujmom prezerel kostol. Prihovoril som sa mu a zistil som, \u017ee je to &scaron;tudent z NDR. Ke\u010f\u017ee nazna\u010dil, \u017ee m&aacute; \u010das a je hladn&yacute;, pozvali sme ho s man\u017eelkou na obed. Ochotne privolil. Po obede sme sa o v&scaron;eli\u010dom rozpr&aacute;vali. Prezradil o sebe, \u017ee m&aacute; mamu u\u010dite\u013eku, \u017ee je neveriaci, do kostola nikto z ich rodiny nechod&iacute;. Ja som tie\u017e hovoril o sebe a mojom p&ocirc;soben&iacute;. Ke\u010f\u017ee sa ani po k&aacute;ve nezberal na odchod, navrhli sme mu prech&aacute;dzku do ne\u010falek&eacute;ho parku s pozvan&iacute;m na zmrzlinu. Stalo sa &#8211; ale on sa op&auml;\u0165 vracal s nami domov, akoby bol u\u017e n&aacute;&scaron; vlastn&yacute;&#8230; Nazna\u010dil som mu, \u017ee budem ma\u0165 ve\u010dern&eacute; bohoslu\u017eby a treba sa mi pripravi\u0165. A on na to, \u017ee fajn, p&ocirc;jde s nami do kostola. Po ve\u010dierni sme mu pon&uacute;kli ve\u010deru a po nej sme ho informovali, \u017ee odch&aacute;dzame na n&aacute;v&scaron;tevu k priate\u013eom. Dal som mu nejak&eacute; peniaze na vyzdvihnutie bato\u017einy v &uacute;schovni, ale on vyhl&aacute;sil: Idete na n&aacute;v&scaron;tevu? Nevad&iacute;, ja p&ocirc;jdem s vami! &#8211; A kde bude&scaron; spa\u0165? p&yacute;tam sa. &#8211; Samozrejme u v&aacute;s!- znela odpove\u010f.Vyvetlil som mu, \u017ee je to nemo\u017en&eacute; a mus&iacute;me sa rozl&uacute;\u010di\u0165. Horko \u0165a\u017eko odi&scaron;iel, ale s ve\u013ekou v&yacute;\u010ditkou: &#8211;<i>Ak&yacute; som to ja kres\u0165an, ke\u010f ho nechcem k sebe prija\u0165 a pom&aacute;ha\u0165 mu, lebo to je predsa moja kres\u0165ansk&aacute;&nbsp; povinnos\u0165! <\/i>&#8211; Po pr&iacute;jemnej n&aacute;v&scaron;etve sme na udalos\u0165 pomaly zabudli. Ale r&aacute;no o 8.hod. zvonil telef&oacute;n. Ke\u010f som sa prihl&aacute;sil, za\u010dul som roz\u010d&uacute;len&yacute; hlas m&ocirc;jho princip&aacute;la, p&aacute;na biskupa: &rdquo;Brat kapl&aacute;n, \u010fakujem v&aacute;m pekne! &#8211; A za \u010do, brat biskup? Za t&uacute; n&aacute;v&scaron;tevu, \u010do ste mi poslali!&nbsp; Ak&uacute;..?- tu&scaron;il som najhor&scaron;ie. -&#8230; O desatej ve\u010der mi na byte zazvonil ak&yacute;si u&scaron;mudlan&yacute; Nemec, \u017ee ho posielate vy, aby som mu dal noc\u013eah, ke\u010f vy nem&aacute;te pre neho poste\u013e! &#8211; Ostal som ako obaren&yacute;&#8230;P&aacute;n biskup pokra\u010doval: Musel som ho odvies\u0165 do hotela a zplati\u0165 mu hotel! &#8211; Dlho a \u0165a\u017eko sa mi to nesk&ocirc;r vysvet\u013eovalo&#8230;<\/span><\/p>\n<p style=\"margin: 0.0px 0.0px 0.0px 0.0px; font: 16.0px Helvetica\"><span style=\"letter-spacing: 0.0px\">&nbsp;&nbsp; &nbsp; Po rokoch mi bolo ur\u010dit&yacute;m zados\u0165u\u010dinen&iacute;m, ke\u010f som v \u010dase zjednocovania Nemecka kr&aacute;\u010dal v Berl&iacute;ne po Alexanderplatz a videl tis&iacute;cky rumunsk&yacute;ch olask&yacute;ch rod&iacute;n, ktor&eacute; sa tam porozkladali a \u017eobrali s cel&yacute;mi kol&oacute;nimi det&iacute;. S natiahnut&yacute;mi rukami akoby hovorili : Tu n&aacute;s m&aacute;te, \u017eivte n&aacute;s &#8211; ke\u010f sme u\u017e pri&scaron;li&#8230;<\/span><\/p>\n<p style=\"margin: 0.0px 0.0px 0.0px 0.0px; font: 16.0px Helvetica; min-height: 19.0px\"><span style=\"letter-spacing: 0.0px\">&nbsp;&nbsp; &nbsp;<\/span><\/p>\n<p style=\"margin: 0.0px 0.0px 0.0px 0.0px; font: 16.0px Helvetica\"><span style=\"letter-spacing: 0.0px\">&nbsp; &nbsp; &nbsp; Len\u017ee ani P&aacute;n Boh nepr&iacute;jme do svojmu domu ka\u017ed&eacute;ho!&nbsp;<\/span><\/p>\n<p style=\"margin: 0.0px 0.0px 0.0px 0.0px; font: 16.0px Helvetica\"><span style=\"letter-spacing: 0.0px\">&nbsp;P&aacute;n Je\u017ei&scaron; v jednom podobenstve povedal, \u017ee na Jeho svadbu sa niektor&iacute; nedostan&uacute; a dvere sa pred nimi zatvoria. A zase bud&uacute; in&iacute;, ktor&iacute; dostan&uacute; ot&aacute;zku: &ldquo;<i>Priate\u013eu, ako si sa sem dostall, ke\u010f\u017ee nem&aacute;&scaron; svadobn&eacute;ho r&uacute;cha?&nbsp; <\/i>A slu\u017eobn&iacute;kom povie p&aacute;n domu: &ldquo;<i>Vyhodte ho&nbsp; von do tmy, kde bude pla\u010d a &scaron;kr&iacute;panie zubov<\/i>&rdquo;. Nebesk&aacute; hostina&nbsp; je teda pripraven&aacute;, ale nie v&scaron;etci sa jej z&uacute;\u010dastnia. Preto Je\u017ei&scaron; hovor&iacute; o tom \u017ee : <b><i>On je cesta.<\/i><\/b><i>.<\/i>! Nazna\u010duje, \u017ee<b> je to mo\u017en&eacute; iba spolu s N&iacute;m a nie bez Neho!&nbsp;<\/b><\/span><\/p>\n<p style=\"margin: 0.0px 0.0px 0.0px 0.0px; font: 16.0px Helvetica\"><span style=\"letter-spacing: 0.0px\">&nbsp;&nbsp; &nbsp; Ale On s&uacute;\u010dasne hovor&iacute; aj to \u010fal&scaron;ie d&ocirc;le\u017eit&eacute; slovo, toti\u017e, \u017ee:<i> <\/i><b><i>On je pravda<\/i>!<\/b> Pravdou je, \u017ee v Krste sv&auml;tom a skrze Krst prijal na milos\u0165 ka\u017ed&eacute;ho a obliekol n&aacute;s do <i>&ldquo;bieleho, \u010dist&eacute;ho r&uacute;cha&rdquo;<\/i>. Znamen&aacute; to, \u017ee n&aacute;m odpustil v&scaron;etky viny a pozval n&aacute;s do spolo\u010denstva so sebou a s Otcom, skrze&nbsp; Ducha Sv&auml;t&eacute;ho. Ke\u010f um&yacute;val u\u010den&iacute;kom nohy, povedal Petrovi, ktor&yacute; odmietal Jeho slu\u017ebu: &ldquo;<i>Ak \u0165a neumyjem, nem&aacute;&scaron; so mnou podielu<\/i>&rdquo;. Vtedy Peter povedal:&rdquo; <i>Nielen nohy, ale aj ruky a hlavu mi umy&rdquo;<\/i>! &#8211; Je\u017ei&scaron; dolo\u017eil: &ldquo;K<i>to sa ok&uacute;pal, nepotrebuje sa um&yacute;va\u0165, ak len nie nohy&rdquo;!<\/i><\/span><\/p>\n<p style=\"margin: 0.0px 0.0px 0.0px 0.0px; font: 16.0px Helvetica\"><span style=\"letter-spacing: 0.0px\">&nbsp;&nbsp; &nbsp; Krst sv&auml;t&yacute; ako k&uacute;pe\u013e znovuzrodenia znamen&uacute; <i>&ldquo;obmytie \u010dloveka &ldquo;<\/i> zo v&scaron;etk&yacute;ch hriechov. Ale na cest&aacute;ch \u017eivota aj ka\u017ed&yacute; pokrsten&yacute; si &ldquo;zapr&aacute;&scaron;i nohy&rdquo; a po&scaron;kvrn&iacute; r&uacute;cho svojho \u017eivota. Znamen&aacute; to, \u017ee &ldquo;<i>cel&yacute; n&aacute;&scaron; \u017eivot m&aacute; by\u0165 ustavi\u010d&yacute;m pok&aacute;n&iacute;m<\/i>&rdquo; (Dr.M.L). V\u017edy znovu sa n&aacute;m prichod&iacute; modli\u0165 a prosi\u0165 o odpustenie a prij&iacute;ma\u0165 nov&uacute; milost skrze Slovo a sviatos\u0165 P&aacute;novej Ve\u010dere. Aj to je pravda o n&aacute;s ako kres\u0165anoch.<\/span><\/p>\n<p style=\"margin: 0.0px 0.0px 0.0px 0.0px; font: 16.0px Helvetica\"><span style=\"letter-spacing: 0.0px\">Preto ak slovo Kristovo pova\u017eujeme za pravdiv&eacute;, znamen&aacute; to aj <b>prijatie pravdy o potrebe pokory, pok&aacute;nia a v\u017edy novej prosby o odpustenie.<\/b> Ak by sme preru&scaron;ili z ak&eacute;hoko\u013evek d&ocirc;vodu nov&yacute; \u017eivot s JK, stali by sme sa such&yacute;mi ratoles\u0165ami na \u0147om, ako v&iacute;nnom kmeni.&nbsp;<\/span><\/p>\n<p style=\"margin: 0.0px 0.0px 0.0px 0.0px; font: 16.0px Helvetica; min-height: 19.0px\">&nbsp;<\/p>\n<p style=\"margin: 0.0px 0.0px 0.0px 0.0px; font: 16.0px Helvetica\"><span style=\"letter-spacing: 0.0px\">&nbsp; &nbsp; Mnoh&iacute; neraz str&aacute;caj&uacute; duchovn&eacute; spolo\u010denstvo s Kristom a tak aj to tretie, \u010do P&aacute;n Je\u017ei&scaron; hovor&iacute;: skuto\u010dn&yacute; \u017eivot s N&iacute;m. Lebo plat&iacute; : <i>Ja som \u017eivot.<\/i> &#8211; Tu nemysl&iacute; len na dar telesn&eacute;ho a \u010dasn&eacute;ho \u017eivota, ale na dar \u017eivota ve\u010dn&eacute;ho. Preto plat&iacute;, \u017ee iba N&iacute;m m&ocirc;\u017eeme by\u0165 zachr&aacute;nen&iacute; a vyk&uacute;pen&iacute; z ve\u010dnej smrti a ka\u017edej zlej moci.&nbsp;<\/span><\/p>\n<p style=\"margin: 0.0px 0.0px 0.0px 0.0px; font: 16.0px Helvetica; min-height: 19.0px\"><span style=\"letter-spacing: 0.0px\">&nbsp; &nbsp; &nbsp;<\/span><\/p>\n<p style=\"margin: 0.0px 0.0px 0.0px 0.0px; font: 16.0px Helvetica\"><span style=\"letter-spacing: 0.0px\">&nbsp;&nbsp; &nbsp; Bratia a sestry,&nbsp;<\/span><\/p>\n<p style=\"margin: 0.0px 0.0px 0.0px 0.0px; font: 16.0px Helvetica\"><span style=\"letter-spacing: 0.0px\">&nbsp;&nbsp; &nbsp; dne&scaron;n&aacute; nede\u013ea, ktor&uacute; menujeme predp&ocirc;stnou, chce na&scaron;u pozornos\u0165 obr&aacute;ti\u0165 na Toho, ktor&yacute; &ldquo;<i>pohrdol potupou, pretrpel kr&iacute;\u017e a napokon sa posadil na pravici Bo\u017eieho tr&oacute;nu&rdquo;! (\u017dd<\/i>) Pre n&aacute;s, ako putuj&uacute;ci \u013eud Bo\u017e&iacute; a Kristov, je d&ocirc;le\u017eit&eacute; jasne vidie\u0165 a pozna\u0165, pravdu &ldquo;<i> ve\u013emi draho sme boli k&uacute;pen&iacute;&rdquo;<\/i>! Do KB sa sami &ldquo;nenatla\u010d&iacute;me&rdquo;, ani nijak&yacute;mi \u013eudsk&yacute;mi &ldquo;finesami&rdquo; nedostaneme&#8230;<\/span><\/p>\n<p style=\"margin: 0.0px 0.0px 0.0px 0.0px; font: 16.0px Helvetica\"><span style=\"letter-spacing: 0.0px\">&nbsp;&nbsp; &nbsp; Plat&iacute; v&scaron;ak aj to to druh&eacute;. <b>Je\u017ei&scaron; je cesta, pravda i \u017eivot<\/b>. V \u0147om a s N&iacute;m je k nebu cesta bezpe\u010dn&aacute; a ist&aacute;! Je to cesta cez spasite\u013en&uacute; vieru, ktor&aacute; prij&iacute;ma Kristove z&aacute;sluhy a ktor&aacute; v\u017edy v\u010fa\u010d&iacute; Bohu za nov&uacute; milos\u0165. Navz&aacute;jom sa na nej posil\u0148ujme a povzbudzujeme! Amen.<\/span><\/p>\n<p style=\"margin: 0.0px 0.0px 0.0px 0.0px; font: 1.0px Helvetica\"><span style=\"font: 16.0px Helvetica; letter-spacing: 0.0px\">&nbsp;&nbsp; &nbsp;<\/span><span style=\"letter-spacing: 0.0px\"> &nbsp; Nede\u013ea P &ocirc;stna -19.2.2012- Rovensko, Soboti&scaron;te, \u013d.Batka st&nbsp; &nbsp; &nbsp;<\/span><\/p>\n<p style=\"margin: 0.0px 0.0px 0.0px 0.0px; font: 12.0px Helvetica\"><span style=\"font: 16.0px Helvetica; letter-spacing: 0.0px\">&nbsp; &nbsp; &nbsp; &nbsp; &nbsp; &nbsp; &nbsp; &nbsp; &nbsp; &nbsp; &nbsp; &nbsp; &nbsp; &nbsp; &nbsp; &nbsp; &nbsp; &nbsp; &nbsp; &nbsp; &nbsp;<\/span><span style=\"letter-spacing: 0.0px\">&nbsp; Nede\u013ea Predp&ocirc;stna &#8211; 19.2.2012 &#8211; Rovensko, Soboti&scaron;te- \u013d.Batka st.<\/span><\/p>\n","protected":false},"excerpt":{"rendered":"<p>&nbsp;&nbsp; &nbsp; &nbsp; &nbsp; &nbsp; &nbsp; &nbsp; &nbsp; &nbsp; &nbsp; &nbsp; &nbsp; &nbsp; &nbsp; &nbsp; &nbsp; &nbsp; &nbsp; &nbsp; &nbsp; &nbsp; &nbsp; &nbsp; &nbsp; &nbsp; &nbsp; &nbsp; Cesta pravdy&nbsp; &nbsp; J 14,6 :&rdquo;Ja som cesta i pravda i \u017eivot.&nbsp; &nbsp; &nbsp; &nbsp; &nbsp; &nbsp; &nbsp; &nbsp; Nik neprich&aacute;dza k Otcovi , ak len nie skrze &#8230; <a title=\"Cesta pravdy\" class=\"read-more\" href=\"https:\/\/www.e-anjelik.sk\/index.php\/2012\/02\/20\/cesta-pravdy\/\" aria-label=\"Pre\u010d\u00edtajte si viac o Cesta pravdy\">\u010c\u00edta\u0165 viac<\/a><\/p>\n","protected":false},"author":4,"featured_media":0,"comment_status":"open","ping_status":"open","sticky":false,"template":"","format":"standard","meta":{"footnotes":""},"categories":[121,95],"tags":[192],"class_list":["post-4114","post","type-post","status-publish","format-standard","hentry","category-kazne","category-sobotiste","tag-kazen"],"_links":{"self":[{"href":"https:\/\/www.e-anjelik.sk\/index.php\/wp-json\/wp\/v2\/posts\/4114","targetHints":{"allow":["GET"]}}],"collection":[{"href":"https:\/\/www.e-anjelik.sk\/index.php\/wp-json\/wp\/v2\/posts"}],"about":[{"href":"https:\/\/www.e-anjelik.sk\/index.php\/wp-json\/wp\/v2\/types\/post"}],"author":[{"embeddable":true,"href":"https:\/\/www.e-anjelik.sk\/index.php\/wp-json\/wp\/v2\/users\/4"}],"replies":[{"embeddable":true,"href":"https:\/\/www.e-anjelik.sk\/index.php\/wp-json\/wp\/v2\/comments?post=4114"}],"version-history":[{"count":0,"href":"https:\/\/www.e-anjelik.sk\/index.php\/wp-json\/wp\/v2\/posts\/4114\/revisions"}],"wp:attachment":[{"href":"https:\/\/www.e-anjelik.sk\/index.php\/wp-json\/wp\/v2\/media?parent=4114"}],"wp:term":[{"taxonomy":"category","embeddable":true,"href":"https:\/\/www.e-anjelik.sk\/index.php\/wp-json\/wp\/v2\/categories?post=4114"},{"taxonomy":"post_tag","embeddable":true,"href":"https:\/\/www.e-anjelik.sk\/index.php\/wp-json\/wp\/v2\/tags?post=4114"}],"curies":[{"name":"wp","href":"https:\/\/api.w.org\/{rel}","templated":true}]}}