{"id":4116,"date":"2012-02-21T10:53:36","date_gmt":"2012-02-21T10:53:36","guid":{"rendered":"http:\/\/e-anjelik.sk\/?p=4116"},"modified":"2012-02-21T10:53:36","modified_gmt":"2012-02-21T10:53:36","slug":"norsky-kral-a-norska-cirkev","status":"publish","type":"post","link":"https:\/\/www.e-anjelik.sk\/index.php\/2012\/02\/21\/norsky-kral-a-norska-cirkev\/","title":{"rendered":"N\u00f3rsky kr\u00e1\u013e a N\u00f3rska cirkev"},"content":{"rendered":"<p>V tomto roku v N&oacute;rskej cirkvi uved&uacute; do \u017eivota nov&yacute; bohoslu\u017eobn&yacute; poriadok, ktor&yacute; schv&aacute;lila gen. synoda vlani. Parlament N&oacute;rska pripravuje zmenu jedn&eacute;ho \u010dl&aacute;nku &Uacute;stavy N&oacute;rska, kde sa vynech&aacute; \u010dl&aacute;nok o tom, \u017ee kr&aacute;\u013e je hlavou N&oacute;rskej cirkvi. T&yacute;m sa zmen&iacute; vz\u0165ah &scaron;t&aacute;tu a cirkvi. Vedenie cirkvi chce kr&aacute;\u013ea pri jeho 75-tin&aacute;ch v tomto roku po\u017eiada\u0165, aby aj \u010falej bral akt&iacute;vnu &uacute;\u010das\u0165 na podujatiach cirkvi. Denn&iacute;k Vart Land priniesol spr&aacute;vu, \u017ee vlani sa kr&aacute;\u013e z&uacute;\u010dastnil 18 kr&aacute;t na cirkevn&yacute;ch podujatiach. Kr&aacute;\u013eovi pri jeho narodenin&aacute;ch chce N&oacute;rska cirkev podarova\u0165 v ko\u017ei viazan&uacute; Liturgiu N&oacute;rskej cirkvi.<\/p>\n<p>(<a href=\"http:\/\/www.kirken.no\">www.kirken.no<\/a>)<\/p>\n","protected":false},"excerpt":{"rendered":"<p>V tomto roku v N&oacute;rskej cirkvi uved&uacute; do \u017eivota nov&yacute; bohoslu\u017eobn&yacute; poriadok, ktor&yacute; schv&aacute;lila gen. synoda vlani. Parlament N&oacute;rska pripravuje zmenu jedn&eacute;ho \u010dl&aacute;nku &Uacute;stavy N&oacute;rska, kde sa vynech&aacute; \u010dl&aacute;nok o tom, \u017ee kr&aacute;\u013e je hlavou N&oacute;rskej cirkvi. T&yacute;m sa zmen&iacute; vz\u0165ah &scaron;t&aacute;tu a cirkvi. Vedenie cirkvi chce kr&aacute;\u013ea pri jeho 75-tin&aacute;ch v tomto roku po\u017eiada\u0165, &#8230; <a title=\"N\u00f3rsky kr\u00e1\u013e a N\u00f3rska cirkev\" class=\"read-more\" href=\"https:\/\/www.e-anjelik.sk\/index.php\/2012\/02\/21\/norsky-kral-a-norska-cirkev\/\" aria-label=\"Pre\u010d\u00edtajte si viac o N\u00f3rsky kr\u00e1\u013e a N\u00f3rska cirkev\">\u010c\u00edta\u0165 viac<\/a><\/p>\n","protected":false},"author":22,"featured_media":0,"comment_status":"open","ping_status":"open","sticky":false,"template":"","format":"standard","meta":{"footnotes":""},"categories":[42,10],"tags":[],"class_list":["post-4116","post","type-post","status-publish","format-standard","hentry","category-skandinavia","category-zo-sveta"],"_links":{"self":[{"href":"https:\/\/www.e-anjelik.sk\/index.php\/wp-json\/wp\/v2\/posts\/4116","targetHints":{"allow":["GET"]}}],"collection":[{"href":"https:\/\/www.e-anjelik.sk\/index.php\/wp-json\/wp\/v2\/posts"}],"about":[{"href":"https:\/\/www.e-anjelik.sk\/index.php\/wp-json\/wp\/v2\/types\/post"}],"author":[{"embeddable":true,"href":"https:\/\/www.e-anjelik.sk\/index.php\/wp-json\/wp\/v2\/users\/22"}],"replies":[{"embeddable":true,"href":"https:\/\/www.e-anjelik.sk\/index.php\/wp-json\/wp\/v2\/comments?post=4116"}],"version-history":[{"count":0,"href":"https:\/\/www.e-anjelik.sk\/index.php\/wp-json\/wp\/v2\/posts\/4116\/revisions"}],"wp:attachment":[{"href":"https:\/\/www.e-anjelik.sk\/index.php\/wp-json\/wp\/v2\/media?parent=4116"}],"wp:term":[{"taxonomy":"category","embeddable":true,"href":"https:\/\/www.e-anjelik.sk\/index.php\/wp-json\/wp\/v2\/categories?post=4116"},{"taxonomy":"post_tag","embeddable":true,"href":"https:\/\/www.e-anjelik.sk\/index.php\/wp-json\/wp\/v2\/tags?post=4116"}],"curies":[{"name":"wp","href":"https:\/\/api.w.org\/{rel}","templated":true}]}}