{"id":4117,"date":"2012-02-21T11:39:47","date_gmt":"2012-02-21T11:39:47","guid":{"rendered":"http:\/\/e-anjelik.sk\/?p=4117"},"modified":"2012-02-21T11:39:47","modified_gmt":"2012-02-21T11:39:47","slug":"cirkvi-v-nemecku-podporuju-gaucka-za-prezidenta","status":"publish","type":"post","link":"https:\/\/www.e-anjelik.sk\/index.php\/2012\/02\/21\/cirkvi-v-nemecku-podporuju-gaucka-za-prezidenta\/","title":{"rendered":"Cirkvi v Nemeck\u00fa podporuj\u00fa Gaucka za prezidenta"},"content":{"rendered":"<p>Predstavitelia ev. cirkv&iacute; v Nemecku sa vo v&auml;\u010d&scaron;ine vyjadruj&uacute; pozit&iacute;vne ku kandidat&uacute;re Joachima Gaucka za nov&eacute;ho prezidenta Nemecka. 72-ro\u010dn&yacute; teol&oacute;g, b&yacute;val&yacute; ev. far&aacute;r bol odporcom b&yacute;val&eacute;ho kom. re\u017eimu a organiz&aacute;torom mierov&eacute;ho odporu. Cirkevn&iacute; predstavitelia oce\u0148uj&uacute; jeho re\u010dn&iacute;cke a kazate\u013esk&eacute; schopnosti. R.1989 sa vzdal duchovnej pr&aacute;ce ako far&aacute;r v cirkvi. Pracoval ako ved&uacute;ci dokumenta\u010dn&eacute;ho &uacute;radu o \u010dinnosti stasi.O\u017eenil sa so svojou &scaron;tudentskou l&aacute;skou-rovesn&iacute;\u010dkou, s ktorou mali &scaron;tyri deti. Ostatn&eacute; roky \u017eij&uacute; oddelene. Teraz m&aacute; partnerku o 20 rokov mlad&scaron;iu. Gauck nebol nikdy v \u017eiadnej strane. Jeho n&aacute;zory pod\u013ea neho s&uacute; zmie&scaron;an&eacute;: \u013eavicovo- liber&aacute;lne pravicov&eacute;. Vo\u013eby sa uskuto\u010dnia 18. marca t.r.<\/p>\n<p>(<a href=\"http:\/\/www.ekd.de\">www.ekd.de<\/a> a in&eacute; pramene dennej tla\u010de)<\/p>\n","protected":false},"excerpt":{"rendered":"<p>Predstavitelia ev. cirkv&iacute; v Nemecku sa vo v&auml;\u010d&scaron;ine vyjadruj&uacute; pozit&iacute;vne ku kandidat&uacute;re Joachima Gaucka za nov&eacute;ho prezidenta Nemecka. 72-ro\u010dn&yacute; teol&oacute;g, b&yacute;val&yacute; ev. far&aacute;r bol odporcom b&yacute;val&eacute;ho kom. re\u017eimu a organiz&aacute;torom mierov&eacute;ho odporu. Cirkevn&iacute; predstavitelia oce\u0148uj&uacute; jeho re\u010dn&iacute;cke a kazate\u013esk&eacute; schopnosti. R.1989 sa vzdal duchovnej pr&aacute;ce ako far&aacute;r v cirkvi. Pracoval ako ved&uacute;ci dokumenta\u010dn&eacute;ho &uacute;radu o &#8230; <a title=\"Cirkvi v Nemeck\u00fa podporuj\u00fa Gaucka za prezidenta\" class=\"read-more\" href=\"https:\/\/www.e-anjelik.sk\/index.php\/2012\/02\/21\/cirkvi-v-nemecku-podporuju-gaucka-za-prezidenta\/\" aria-label=\"Pre\u010d\u00edtajte si viac o Cirkvi v Nemeck\u00fa podporuj\u00fa Gaucka za prezidenta\">\u010c\u00edta\u0165 viac<\/a><\/p>\n","protected":false},"author":22,"featured_media":0,"comment_status":"open","ping_status":"open","sticky":false,"template":"","format":"standard","meta":{"footnotes":""},"categories":[1,14],"tags":[],"class_list":["post-4117","post","type-post","status-publish","format-standard","hentry","category-adventna-modlitba","category-osobnosti"],"_links":{"self":[{"href":"https:\/\/www.e-anjelik.sk\/index.php\/wp-json\/wp\/v2\/posts\/4117","targetHints":{"allow":["GET"]}}],"collection":[{"href":"https:\/\/www.e-anjelik.sk\/index.php\/wp-json\/wp\/v2\/posts"}],"about":[{"href":"https:\/\/www.e-anjelik.sk\/index.php\/wp-json\/wp\/v2\/types\/post"}],"author":[{"embeddable":true,"href":"https:\/\/www.e-anjelik.sk\/index.php\/wp-json\/wp\/v2\/users\/22"}],"replies":[{"embeddable":true,"href":"https:\/\/www.e-anjelik.sk\/index.php\/wp-json\/wp\/v2\/comments?post=4117"}],"version-history":[{"count":0,"href":"https:\/\/www.e-anjelik.sk\/index.php\/wp-json\/wp\/v2\/posts\/4117\/revisions"}],"wp:attachment":[{"href":"https:\/\/www.e-anjelik.sk\/index.php\/wp-json\/wp\/v2\/media?parent=4117"}],"wp:term":[{"taxonomy":"category","embeddable":true,"href":"https:\/\/www.e-anjelik.sk\/index.php\/wp-json\/wp\/v2\/categories?post=4117"},{"taxonomy":"post_tag","embeddable":true,"href":"https:\/\/www.e-anjelik.sk\/index.php\/wp-json\/wp\/v2\/tags?post=4117"}],"curies":[{"name":"wp","href":"https:\/\/api.w.org\/{rel}","templated":true}]}}