{"id":4118,"date":"2012-02-22T10:49:45","date_gmt":"2012-02-22T10:49:45","guid":{"rendered":"http:\/\/e-anjelik.sk\/?p=4118"},"modified":"2012-02-22T10:49:45","modified_gmt":"2012-02-22T10:49:45","slug":"poziadavka-veriacich-ukrajiny-na-pravo-vzdelavania-v-krestanskych-skolach","status":"publish","type":"post","link":"https:\/\/www.e-anjelik.sk\/index.php\/2012\/02\/22\/poziadavka-veriacich-ukrajiny-na-pravo-vzdelavania-v-krestanskych-skolach\/","title":{"rendered":"Po\u017eiadavka veriacich Ukrajiny na pr\u00e1vo vzdel\u00e1vania v kres\u0165ansk\u00fdch \u0161kol\u00e1ch"},"content":{"rendered":"<p>16. febru&aacute;ra t.r. sa na Ministerstve pre vzdel&aacute;vanie, ml&aacute;de\u017e a &scaron;port Ukrajiny konalo zasadnutie okr&uacute;hleho stola ,ktor&yacute; spoluiniciovala Verejn&aacute; rada pre spolupr&aacute;cu s cirkvami a n&aacute;bo\u017eensk&yacute;mi organiz&aacute;ciami, s v&yacute;zvou na parlament, aby poslanci prijali z&aacute;kon, umo\u017e\u0148uj&uacute;ci kres\u0165ansk&yacute;m rodi\u010dom vzdel&aacute;va\u0165 svoje deti v ne&scaron;t&aacute;tnych &#8211; cirkevn&yacute;ch &scaron;kol&aacute;ch. Do dne&scaron;n&eacute;ho d\u0148a na Ukrajine tak&aacute;to mo\u017enos\u0165 nejestvuje, \u010do je nedostatok demokratickej spolo\u010dnosti, ku ktorej sa Ukrajina hl&aacute;si. T&yacute;mto sp&ocirc;sobom s&uacute; kres\u0165ansk&eacute; deti diskriminovan&eacute;.<\/p>\n<p>(<a href=\"http:\/\/www.delku.org.ua\">www.delku.org.ua<\/a>)<\/p>\n","protected":false},"excerpt":{"rendered":"<p>16. febru&aacute;ra t.r. sa na Ministerstve pre vzdel&aacute;vanie, ml&aacute;de\u017e a &scaron;port Ukrajiny konalo zasadnutie okr&uacute;hleho stola ,ktor&yacute; spoluiniciovala Verejn&aacute; rada pre spolupr&aacute;cu s cirkvami a n&aacute;bo\u017eensk&yacute;mi organiz&aacute;ciami, s v&yacute;zvou na parlament, aby poslanci prijali z&aacute;kon, umo\u017e\u0148uj&uacute;ci kres\u0165ansk&yacute;m rodi\u010dom vzdel&aacute;va\u0165 svoje deti v ne&scaron;t&aacute;tnych &#8211; cirkevn&yacute;ch &scaron;kol&aacute;ch. Do dne&scaron;n&eacute;ho d\u0148a na Ukrajine tak&aacute;to mo\u017enos\u0165 nejestvuje, \u010do &#8230; <a title=\"Po\u017eiadavka veriacich Ukrajiny na pr\u00e1vo vzdel\u00e1vania v kres\u0165ansk\u00fdch \u0161kol\u00e1ch\" class=\"read-more\" href=\"https:\/\/www.e-anjelik.sk\/index.php\/2012\/02\/22\/poziadavka-veriacich-ukrajiny-na-pravo-vzdelavania-v-krestanskych-skolach\/\" aria-label=\"Pre\u010d\u00edtajte si viac o Po\u017eiadavka veriacich Ukrajiny na pr\u00e1vo vzdel\u00e1vania v kres\u0165ansk\u00fdch \u0161kol\u00e1ch\">\u010c\u00edta\u0165 viac<\/a><\/p>\n","protected":false},"author":22,"featured_media":0,"comment_status":"open","ping_status":"open","sticky":false,"template":"","format":"standard","meta":{"footnotes":""},"categories":[2],"tags":[187,234],"class_list":["post-4118","post","type-post","status-publish","format-standard","hentry","category-ekumena","tag-mladez-3","tag-zdruzenia-a-skupiny"],"_links":{"self":[{"href":"https:\/\/www.e-anjelik.sk\/index.php\/wp-json\/wp\/v2\/posts\/4118","targetHints":{"allow":["GET"]}}],"collection":[{"href":"https:\/\/www.e-anjelik.sk\/index.php\/wp-json\/wp\/v2\/posts"}],"about":[{"href":"https:\/\/www.e-anjelik.sk\/index.php\/wp-json\/wp\/v2\/types\/post"}],"author":[{"embeddable":true,"href":"https:\/\/www.e-anjelik.sk\/index.php\/wp-json\/wp\/v2\/users\/22"}],"replies":[{"embeddable":true,"href":"https:\/\/www.e-anjelik.sk\/index.php\/wp-json\/wp\/v2\/comments?post=4118"}],"version-history":[{"count":0,"href":"https:\/\/www.e-anjelik.sk\/index.php\/wp-json\/wp\/v2\/posts\/4118\/revisions"}],"wp:attachment":[{"href":"https:\/\/www.e-anjelik.sk\/index.php\/wp-json\/wp\/v2\/media?parent=4118"}],"wp:term":[{"taxonomy":"category","embeddable":true,"href":"https:\/\/www.e-anjelik.sk\/index.php\/wp-json\/wp\/v2\/categories?post=4118"},{"taxonomy":"post_tag","embeddable":true,"href":"https:\/\/www.e-anjelik.sk\/index.php\/wp-json\/wp\/v2\/tags?post=4118"}],"curies":[{"name":"wp","href":"https:\/\/api.w.org\/{rel}","templated":true}]}}