{"id":4122,"date":"2012-02-23T11:02:21","date_gmt":"2012-02-23T11:02:21","guid":{"rendered":"http:\/\/e-anjelik.sk\/?p=4122"},"modified":"2012-02-23T11:02:21","modified_gmt":"2012-02-23T11:02:21","slug":"biskupi-troch-krestanskych-cirkvi-v-madarsku-mali-pravidelne-stretnutie","status":"publish","type":"post","link":"https:\/\/www.e-anjelik.sk\/index.php\/2012\/02\/23\/biskupi-troch-krestanskych-cirkvi-v-madarsku-mali-pravidelne-stretnutie\/","title":{"rendered":"Biskupi troch kres\u0165ansk\u00fdch cirkv\u00ed v Ma\u010farsku mali pravideln\u00e9 stretnutie"},"content":{"rendered":"<p>21. febru&aacute;ra t.r. na pozvanie Predsedn&iacute;ctva Reformovanej cirkvi v Ma\u010farsku sa v priestoroch jej &uacute;stredia konalo pravideln&eacute; stretnutie St&aacute;lej rady Katol&iacute;ckej biskupskej konferencie Ma\u010farska a biskupov ref. a ev. cirkv&iacute;. Na z&aacute;ver vydali spolo\u010dn&eacute; vyhl&aacute;senie, v ktorom sa kon&scaron;tatuje, \u017ee stretnutie bolo v&yacute;razom ekumenickej spolupr&aacute;ce, pestovania osobn&eacute;ho bratsk&eacute;ho priate\u013estva a h\u013eadania odpovede na slu\u017ebu cirkv&iacute; v s&uacute;\u010dasnej spolo\u010dnosti. Rie&scaron;ili sa najm&auml; ot&aacute;zka finan\u010dn&eacute;, vzdel&aacute;vania a r&oacute;mskej problematiky. Na prahu p&ocirc;stu biskupi&nbsp;vyzdvihuj&uacute; jeho duchovn&yacute; aspekt a&nbsp;vyz&yacute;vaj&uacute;&nbsp; svojich veriacich i cel&uacute; spolo\u010dnos\u0165&nbsp;k st&iacute;&scaron;eniu, pokore a modlitebnej horlivosti.<\/p>\n<p>(<a href=\"http:\/\/www.evangelikus.hu\">www.evangelikus.hu<\/a>)<\/p>\n","protected":false},"excerpt":{"rendered":"<p>21. febru&aacute;ra t.r. na pozvanie Predsedn&iacute;ctva Reformovanej cirkvi v Ma\u010farsku sa v priestoroch jej &uacute;stredia konalo pravideln&eacute; stretnutie St&aacute;lej rady Katol&iacute;ckej biskupskej konferencie Ma\u010farska a biskupov ref. a ev. cirkv&iacute;. Na z&aacute;ver vydali spolo\u010dn&eacute; vyhl&aacute;senie, v ktorom sa kon&scaron;tatuje, \u017ee stretnutie bolo v&yacute;razom ekumenickej spolupr&aacute;ce, pestovania osobn&eacute;ho bratsk&eacute;ho priate\u013estva a h\u013eadania odpovede na slu\u017ebu cirkv&iacute; &#8230; <a title=\"Biskupi troch kres\u0165ansk\u00fdch cirkv\u00ed v Ma\u010farsku mali pravideln\u00e9 stretnutie\" class=\"read-more\" href=\"https:\/\/www.e-anjelik.sk\/index.php\/2012\/02\/23\/biskupi-troch-krestanskych-cirkvi-v-madarsku-mali-pravidelne-stretnutie\/\" aria-label=\"Pre\u010d\u00edtajte si viac o Biskupi troch kres\u0165ansk\u00fdch cirkv\u00ed v Ma\u010farsku mali pravideln\u00e9 stretnutie\">\u010c\u00edta\u0165 viac<\/a><\/p>\n","protected":false},"author":22,"featured_media":0,"comment_status":"open","ping_status":"open","sticky":false,"template":"","format":"standard","meta":{"footnotes":""},"categories":[2],"tags":[],"class_list":["post-4122","post","type-post","status-publish","format-standard","hentry","category-ekumena"],"_links":{"self":[{"href":"https:\/\/www.e-anjelik.sk\/index.php\/wp-json\/wp\/v2\/posts\/4122","targetHints":{"allow":["GET"]}}],"collection":[{"href":"https:\/\/www.e-anjelik.sk\/index.php\/wp-json\/wp\/v2\/posts"}],"about":[{"href":"https:\/\/www.e-anjelik.sk\/index.php\/wp-json\/wp\/v2\/types\/post"}],"author":[{"embeddable":true,"href":"https:\/\/www.e-anjelik.sk\/index.php\/wp-json\/wp\/v2\/users\/22"}],"replies":[{"embeddable":true,"href":"https:\/\/www.e-anjelik.sk\/index.php\/wp-json\/wp\/v2\/comments?post=4122"}],"version-history":[{"count":0,"href":"https:\/\/www.e-anjelik.sk\/index.php\/wp-json\/wp\/v2\/posts\/4122\/revisions"}],"wp:attachment":[{"href":"https:\/\/www.e-anjelik.sk\/index.php\/wp-json\/wp\/v2\/media?parent=4122"}],"wp:term":[{"taxonomy":"category","embeddable":true,"href":"https:\/\/www.e-anjelik.sk\/index.php\/wp-json\/wp\/v2\/categories?post=4122"},{"taxonomy":"post_tag","embeddable":true,"href":"https:\/\/www.e-anjelik.sk\/index.php\/wp-json\/wp\/v2\/tags?post=4122"}],"curies":[{"name":"wp","href":"https:\/\/api.w.org\/{rel}","templated":true}]}}