{"id":4123,"date":"2012-02-23T12:20:02","date_gmt":"2012-02-23T12:20:02","guid":{"rendered":"http:\/\/e-anjelik.sk\/?p=4123"},"modified":"2012-02-23T12:20:02","modified_gmt":"2012-02-23T12:20:02","slug":"svedi-maju-novu-princeznicku","status":"publish","type":"post","link":"https:\/\/www.e-anjelik.sk\/index.php\/2012\/02\/23\/svedi-maju-novu-princeznicku\/","title":{"rendered":"\u0160v\u00e9di maj\u00fa nov\u00fa princezni\u010dku"},"content":{"rendered":"<p>Dnes 23.2.2012 v skor&yacute;ch rann&yacute;ch hodin&aacute;ch korunn&aacute; princezn&aacute; &Scaron;v&eacute;dska Victoria v Karolinskej nemocnici v &Scaron;tokholme porodila dc&eacute;ru, ktor&aacute; v&aacute;\u017eila 3280 gramov a meriala 51 cm. Matka i die\u0165a sa c&iacute;tia dobre. V nemocnici bol pr&iacute;tomn&yacute; aj princ Daniel -otec die\u0165a\u0165a, ktor&yacute; u\u017e o 7.00 hodine r&aacute;no&nbsp;t&uacute;to spr&aacute;vu predniesol novin&aacute;rom na br&iacute;fingu priamo v nemocnici. Arcibiskup Wejryd povedal: &quot;\u010eakujeme Bohu za nov&yacute; \u017eivot, ktor&yacute; n&aacute;m dnes dal v novej princeznej. Modlite sa aj vy v&scaron;etci svojimi vlastn&yacute;mi slovami k Bohu za nov&uacute; princezn&uacute;. &quot; Novin&aacute;ri sa p&yacute;tali Wejryda aj o krste.Jeho term&iacute;n ozn&aacute;mi pozdej&scaron;ie kr&aacute;\u013eovsk&yacute; dvor. Av&scaron;ak u\u017e zajtra v piatok bude pri tejto pr&iacute;le\u017eitosti &#8211; narodenia princeznej &#8211; zasadnutie vl&aacute;dneho kabinetu a v kr&aacute;\u013eovskom z&aacute;mku sa bude kona\u0165 sl&aacute;vnostn&eacute; Te Deum.<\/p>\n<p>(<a href=\"http:\/\/www.dagen.se\">www.dagen.se<\/a>; <a href=\"http:\/\/www.kungahuset.se\">www.kungahuset.se<\/a>) &nbsp;<\/p>\n","protected":false},"excerpt":{"rendered":"<p>Dnes 23.2.2012 v skor&yacute;ch rann&yacute;ch hodin&aacute;ch korunn&aacute; princezn&aacute; &Scaron;v&eacute;dska Victoria v Karolinskej nemocnici v &Scaron;tokholme porodila dc&eacute;ru, ktor&aacute; v&aacute;\u017eila 3280 gramov a meriala 51 cm. Matka i die\u0165a sa c&iacute;tia dobre. V nemocnici bol pr&iacute;tomn&yacute; aj princ Daniel -otec die\u0165a\u0165a, ktor&yacute; u\u017e o 7.00 hodine r&aacute;no&nbsp;t&uacute;to spr&aacute;vu predniesol novin&aacute;rom na br&iacute;fingu priamo v nemocnici. Arcibiskup &#8230; <a title=\"\u0160v\u00e9di maj\u00fa nov\u00fa princezni\u010dku\" class=\"read-more\" href=\"https:\/\/www.e-anjelik.sk\/index.php\/2012\/02\/23\/svedi-maju-novu-princeznicku\/\" aria-label=\"Pre\u010d\u00edtajte si viac o \u0160v\u00e9di maj\u00fa nov\u00fa princezni\u010dku\">\u010c\u00edta\u0165 viac<\/a><\/p>\n","protected":false},"author":22,"featured_media":0,"comment_status":"open","ping_status":"open","sticky":false,"template":"","format":"standard","meta":{"footnotes":""},"categories":[1,14],"tags":[],"class_list":["post-4123","post","type-post","status-publish","format-standard","hentry","category-adventna-modlitba","category-osobnosti"],"_links":{"self":[{"href":"https:\/\/www.e-anjelik.sk\/index.php\/wp-json\/wp\/v2\/posts\/4123","targetHints":{"allow":["GET"]}}],"collection":[{"href":"https:\/\/www.e-anjelik.sk\/index.php\/wp-json\/wp\/v2\/posts"}],"about":[{"href":"https:\/\/www.e-anjelik.sk\/index.php\/wp-json\/wp\/v2\/types\/post"}],"author":[{"embeddable":true,"href":"https:\/\/www.e-anjelik.sk\/index.php\/wp-json\/wp\/v2\/users\/22"}],"replies":[{"embeddable":true,"href":"https:\/\/www.e-anjelik.sk\/index.php\/wp-json\/wp\/v2\/comments?post=4123"}],"version-history":[{"count":0,"href":"https:\/\/www.e-anjelik.sk\/index.php\/wp-json\/wp\/v2\/posts\/4123\/revisions"}],"wp:attachment":[{"href":"https:\/\/www.e-anjelik.sk\/index.php\/wp-json\/wp\/v2\/media?parent=4123"}],"wp:term":[{"taxonomy":"category","embeddable":true,"href":"https:\/\/www.e-anjelik.sk\/index.php\/wp-json\/wp\/v2\/categories?post=4123"},{"taxonomy":"post_tag","embeddable":true,"href":"https:\/\/www.e-anjelik.sk\/index.php\/wp-json\/wp\/v2\/tags?post=4123"}],"curies":[{"name":"wp","href":"https:\/\/api.w.org\/{rel}","templated":true}]}}