{"id":4124,"date":"2012-02-23T13:16:59","date_gmt":"2012-02-23T13:16:59","guid":{"rendered":"http:\/\/e-anjelik.sk\/?p=4124"},"modified":"2012-02-23T13:16:59","modified_gmt":"2012-02-23T13:16:59","slug":"75-narodeniny-krala-haralda-v","status":"publish","type":"post","link":"https:\/\/www.e-anjelik.sk\/index.php\/2012\/02\/23\/75-narodeniny-krala-haralda-v\/","title":{"rendered":"75. narodeniny kr\u00e1\u013ea Haralda V."},"content":{"rendered":"<p>Teraj&scaron;&iacute; n&oacute;rsky kr&aacute;\u013e Harald V.&nbsp;sa narodil 21. febru&aacute;ra 1937. Teda v utorok t.r. sa do\u017eil 75 rokov. Ke\u010f\u017ee aj jeho man\u017eelka, kr&aacute;\u013eovn&aacute; Sonja, sa narodila tie\u017e v tom istom roku (4. j&uacute;la 1937), kr&aacute;\u013eovsk&iacute; man\u017eelia tieto svoje \u017eivotn&eacute;&nbsp;jubile&aacute; osl&aacute;via spolo\u010dne 31. m&aacute;ja t.r. S&uacute;\u010das\u0165ou osl&aacute;v bude predpoludn&iacute;m sl&aacute;vnostn&aacute; bohoslu\u017eba a ve\u010der v Opere \u013eudov&aacute; sl&aacute;vnos\u0165.<\/p>\n<p>(<a href=\"http:\/\/www.kongehuset.no\">www.kongehuset.no<\/a>; no.wikipedia.org)<\/p>\n","protected":false},"excerpt":{"rendered":"<p>Teraj&scaron;&iacute; n&oacute;rsky kr&aacute;\u013e Harald V.&nbsp;sa narodil 21. febru&aacute;ra 1937. Teda v utorok t.r. sa do\u017eil 75 rokov. Ke\u010f\u017ee aj jeho man\u017eelka, kr&aacute;\u013eovn&aacute; Sonja, sa narodila tie\u017e v tom istom roku (4. j&uacute;la 1937), kr&aacute;\u013eovsk&iacute; man\u017eelia tieto svoje \u017eivotn&eacute;&nbsp;jubile&aacute; osl&aacute;via spolo\u010dne 31. m&aacute;ja t.r. S&uacute;\u010das\u0165ou osl&aacute;v bude predpoludn&iacute;m sl&aacute;vnostn&aacute; bohoslu\u017eba a ve\u010der v Opere \u013eudov&aacute; sl&aacute;vnos\u0165. &#8230; <a title=\"75. narodeniny kr\u00e1\u013ea Haralda V.\" class=\"read-more\" href=\"https:\/\/www.e-anjelik.sk\/index.php\/2012\/02\/23\/75-narodeniny-krala-haralda-v\/\" aria-label=\"Pre\u010d\u00edtajte si viac o 75. narodeniny kr\u00e1\u013ea Haralda V.\">\u010c\u00edta\u0165 viac<\/a><\/p>\n","protected":false},"author":22,"featured_media":0,"comment_status":"open","ping_status":"open","sticky":false,"template":"","format":"standard","meta":{"footnotes":""},"categories":[1],"tags":[],"class_list":["post-4124","post","type-post","status-publish","format-standard","hentry","category-adventna-modlitba"],"_links":{"self":[{"href":"https:\/\/www.e-anjelik.sk\/index.php\/wp-json\/wp\/v2\/posts\/4124","targetHints":{"allow":["GET"]}}],"collection":[{"href":"https:\/\/www.e-anjelik.sk\/index.php\/wp-json\/wp\/v2\/posts"}],"about":[{"href":"https:\/\/www.e-anjelik.sk\/index.php\/wp-json\/wp\/v2\/types\/post"}],"author":[{"embeddable":true,"href":"https:\/\/www.e-anjelik.sk\/index.php\/wp-json\/wp\/v2\/users\/22"}],"replies":[{"embeddable":true,"href":"https:\/\/www.e-anjelik.sk\/index.php\/wp-json\/wp\/v2\/comments?post=4124"}],"version-history":[{"count":0,"href":"https:\/\/www.e-anjelik.sk\/index.php\/wp-json\/wp\/v2\/posts\/4124\/revisions"}],"wp:attachment":[{"href":"https:\/\/www.e-anjelik.sk\/index.php\/wp-json\/wp\/v2\/media?parent=4124"}],"wp:term":[{"taxonomy":"category","embeddable":true,"href":"https:\/\/www.e-anjelik.sk\/index.php\/wp-json\/wp\/v2\/categories?post=4124"},{"taxonomy":"post_tag","embeddable":true,"href":"https:\/\/www.e-anjelik.sk\/index.php\/wp-json\/wp\/v2\/tags?post=4124"}],"curies":[{"name":"wp","href":"https:\/\/api.w.org\/{rel}","templated":true}]}}