{"id":4129,"date":"2012-02-25T08:58:54","date_gmt":"2012-02-25T08:58:54","guid":{"rendered":"http:\/\/e-anjelik.sk\/?p=4129"},"modified":"2012-02-25T08:58:54","modified_gmt":"2012-02-25T08:58:54","slug":"postna-akcia-sedem-tyzdnov-bez","status":"publish","type":"post","link":"https:\/\/www.e-anjelik.sk\/index.php\/2012\/02\/25\/postna-akcia-sedem-tyzdnov-bez\/","title":{"rendered":"P\u00f4stna akcia &#8222;Sedem t\u00fd\u017ed\u0148ov bez&#8220;"},"content":{"rendered":"<p>Evanjelick&aacute; cirkev Nemecka &#8211; EKD u\u017e tradi\u010dne v p&ocirc;ste organizuje podujatie &quot;Sedem t&yacute;\u017ed\u0148ov bez&quot;. Toto celonemeck&eacute; p&ocirc;stne podujatie bude otvoren&eacute; v nede\u013eu 26.- febru&aacute;ra 2012 na slu\u017eb&aacute;ch Bo\u017e&iacute;ch v chr&aacute;me Troch kr&aacute;\u013eov vo Frankfurte-Sachsenhausene. Na bohoslu\u017ebe bude k&aacute;za\u0165 region&aacute;lna biskupka Susanne Breit-Kessler z Bavorska. Bohoslu\u017eby odvysiela v priamom prenose ZDF o 9.30 hodine.<\/p>\n<p>(<a href=\"http:\/\/www.bayern-evangelisch.de\">www.bayern-evangelisch.de<\/a>)<\/p>\n<p>&nbsp;<\/p>\n","protected":false},"excerpt":{"rendered":"<p>Evanjelick&aacute; cirkev Nemecka &#8211; EKD u\u017e tradi\u010dne v p&ocirc;ste organizuje podujatie &quot;Sedem t&yacute;\u017ed\u0148ov bez&quot;. Toto celonemeck&eacute; p&ocirc;stne podujatie bude otvoren&eacute; v nede\u013eu 26.- febru&aacute;ra 2012 na slu\u017eb&aacute;ch Bo\u017e&iacute;ch v chr&aacute;me Troch kr&aacute;\u013eov vo Frankfurte-Sachsenhausene. Na bohoslu\u017ebe bude k&aacute;za\u0165 region&aacute;lna biskupka Susanne Breit-Kessler z Bavorska. Bohoslu\u017eby odvysiela v priamom prenose ZDF o 9.30 hodine. (www.bayern-evangelisch.de) &nbsp;<\/p>\n","protected":false},"author":22,"featured_media":0,"comment_status":"open","ping_status":"open","sticky":false,"template":"","format":"standard","meta":{"footnotes":""},"categories":[9,53],"tags":[],"class_list":["post-4129","post","type-post","status-publish","format-standard","hentry","category-europa","category-post"],"_links":{"self":[{"href":"https:\/\/www.e-anjelik.sk\/index.php\/wp-json\/wp\/v2\/posts\/4129","targetHints":{"allow":["GET"]}}],"collection":[{"href":"https:\/\/www.e-anjelik.sk\/index.php\/wp-json\/wp\/v2\/posts"}],"about":[{"href":"https:\/\/www.e-anjelik.sk\/index.php\/wp-json\/wp\/v2\/types\/post"}],"author":[{"embeddable":true,"href":"https:\/\/www.e-anjelik.sk\/index.php\/wp-json\/wp\/v2\/users\/22"}],"replies":[{"embeddable":true,"href":"https:\/\/www.e-anjelik.sk\/index.php\/wp-json\/wp\/v2\/comments?post=4129"}],"version-history":[{"count":0,"href":"https:\/\/www.e-anjelik.sk\/index.php\/wp-json\/wp\/v2\/posts\/4129\/revisions"}],"wp:attachment":[{"href":"https:\/\/www.e-anjelik.sk\/index.php\/wp-json\/wp\/v2\/media?parent=4129"}],"wp:term":[{"taxonomy":"category","embeddable":true,"href":"https:\/\/www.e-anjelik.sk\/index.php\/wp-json\/wp\/v2\/categories?post=4129"},{"taxonomy":"post_tag","embeddable":true,"href":"https:\/\/www.e-anjelik.sk\/index.php\/wp-json\/wp\/v2\/tags?post=4129"}],"curies":[{"name":"wp","href":"https:\/\/api.w.org\/{rel}","templated":true}]}}