{"id":4130,"date":"2012-02-25T09:41:19","date_gmt":"2012-02-25T09:41:19","guid":{"rendered":"http:\/\/e-anjelik.sk\/?p=4130"},"modified":"2012-02-25T09:41:19","modified_gmt":"2012-02-25T09:41:19","slug":"novy-ev-propst-v-jeruzaleme","status":"publish","type":"post","link":"https:\/\/www.e-anjelik.sk\/index.php\/2012\/02\/25\/novy-ev-propst-v-jeruzaleme\/","title":{"rendered":"Nov\u00fd ev. propst v Jeruzaleme"},"content":{"rendered":"<p>EKD v Hannoveri 24. febru&aacute;ra t.r. ozn&aacute;milo, \u017ee za nov&eacute;ho evanjelick&eacute;ho propsta v Jeruzaleme vymenovali b&aacute;densk&eacute;ho far&aacute;ra a dekana , 52 ro\u010dn&eacute;ho Wolfganga Schmidta. Funkcia propsta v Jeruzaleme obn&aacute;&scaron;a:&nbsp;reprezent&aacute;ciu EKD&nbsp;v Izraeli, v palest&iacute;nskych p&aacute;smach a v Jord&aacute;nsku, pastorom 200 \u010dlenn&eacute;ho zboru Spasite\u013ea v Jeruzaleme,je zodpovedn&yacute; za&nbsp;nad&aacute;ciu cis&aacute;rovnej Augusty Vikt&oacute;rie, chr&aacute;mu Vst&uacute;penia na nebo&nbsp;,&nbsp;nemocnice a ubytovne na Olivovom vrchu, hospicu v Starom meste a Nemeck&eacute;ho ev. &uacute;stavu pre archeol&oacute;giu v Jeruzaleme a v Ammane.\u010eal&scaron;&iacute;m \u0165a\u017eiskom jeho pr&aacute;ce je doprev&aacute;dzanie a pastoriz&aacute;cia ro\u010dne asi 40 tis&iacute;cov nemeck&yacute;ch&nbsp;p&uacute;tnikov.&nbsp;Schmidt je \u017eenat&yacute;, m&aacute; tri deti a do nov&eacute;ho &uacute;radu nast&uacute;pi asi v septembri.<\/p>\n<p>(<a href=\"http:\/\/www.idea.de\">www.idea.de<\/a>)<\/p>\n","protected":false},"excerpt":{"rendered":"<p>EKD v Hannoveri 24. febru&aacute;ra t.r. ozn&aacute;milo, \u017ee za nov&eacute;ho evanjelick&eacute;ho propsta v Jeruzaleme vymenovali b&aacute;densk&eacute;ho far&aacute;ra a dekana , 52 ro\u010dn&eacute;ho Wolfganga Schmidta. Funkcia propsta v Jeruzaleme obn&aacute;&scaron;a:&nbsp;reprezent&aacute;ciu EKD&nbsp;v Izraeli, v palest&iacute;nskych p&aacute;smach a v Jord&aacute;nsku, pastorom 200 \u010dlenn&eacute;ho zboru Spasite\u013ea v Jeruzaleme,je zodpovedn&yacute; za&nbsp;nad&aacute;ciu cis&aacute;rovnej Augusty Vikt&oacute;rie, chr&aacute;mu Vst&uacute;penia na nebo&nbsp;,&nbsp;nemocnice a ubytovne &#8230; <a title=\"Nov\u00fd ev. propst v Jeruzaleme\" class=\"read-more\" href=\"https:\/\/www.e-anjelik.sk\/index.php\/2012\/02\/25\/novy-ev-propst-v-jeruzaleme\/\" aria-label=\"Pre\u010d\u00edtajte si viac o Nov\u00fd ev. propst v Jeruzaleme\">\u010c\u00edta\u0165 viac<\/a><\/p>\n","protected":false},"author":22,"featured_media":0,"comment_status":"open","ping_status":"open","sticky":false,"template":"","format":"standard","meta":{"footnotes":""},"categories":[1,14],"tags":[],"class_list":["post-4130","post","type-post","status-publish","format-standard","hentry","category-adventna-modlitba","category-osobnosti"],"_links":{"self":[{"href":"https:\/\/www.e-anjelik.sk\/index.php\/wp-json\/wp\/v2\/posts\/4130","targetHints":{"allow":["GET"]}}],"collection":[{"href":"https:\/\/www.e-anjelik.sk\/index.php\/wp-json\/wp\/v2\/posts"}],"about":[{"href":"https:\/\/www.e-anjelik.sk\/index.php\/wp-json\/wp\/v2\/types\/post"}],"author":[{"embeddable":true,"href":"https:\/\/www.e-anjelik.sk\/index.php\/wp-json\/wp\/v2\/users\/22"}],"replies":[{"embeddable":true,"href":"https:\/\/www.e-anjelik.sk\/index.php\/wp-json\/wp\/v2\/comments?post=4130"}],"version-history":[{"count":0,"href":"https:\/\/www.e-anjelik.sk\/index.php\/wp-json\/wp\/v2\/posts\/4130\/revisions"}],"wp:attachment":[{"href":"https:\/\/www.e-anjelik.sk\/index.php\/wp-json\/wp\/v2\/media?parent=4130"}],"wp:term":[{"taxonomy":"category","embeddable":true,"href":"https:\/\/www.e-anjelik.sk\/index.php\/wp-json\/wp\/v2\/categories?post=4130"},{"taxonomy":"post_tag","embeddable":true,"href":"https:\/\/www.e-anjelik.sk\/index.php\/wp-json\/wp\/v2\/tags?post=4130"}],"curies":[{"name":"wp","href":"https:\/\/api.w.org\/{rel}","templated":true}]}}