{"id":4131,"date":"2012-02-25T14:21:29","date_gmt":"2012-02-25T14:21:29","guid":{"rendered":"http:\/\/e-anjelik.sk\/?p=4131"},"modified":"2012-02-25T14:21:29","modified_gmt":"2012-02-25T14:21:29","slug":"ivan-krasko-otcova-rola","status":"publish","type":"post","link":"https:\/\/www.e-anjelik.sk\/index.php\/2012\/02\/25\/ivan-krasko-otcova-rola\/","title":{"rendered":"Ivan Krasko : Otcova ro\u013ea"},"content":{"rendered":"<p>&nbsp;<span class=\"Apple-style-span\" style=\"font-family: Helvetica; font-size: 15px; line-height: normal; \">&nbsp; &nbsp; &nbsp;<b> Ivan Krasko:<\/b><i> <\/i><b><i>Otcova<\/i><\/b><i> <\/i><b><i>ro\u013ea<\/i><\/b><\/span><\/p>\n<p style=\"margin: 0.0px 0.0px 0.0px 0.0px; font: 15.0px Helvetica; min-height: 18.0px\">&nbsp;<\/p>\n<p style=\"margin: 0.0px 0.0px 0.0px 0.0px; font: 15.0px Helvetica; min-height: 18.0px\">&nbsp;<\/p>\n<p style=\"margin: 0.0px 0.0px 0.0px 0.0px; font: 15.0px Helvetica\"><span style=\"letter-spacing: 0.0px\"><i>Pokojn&yacute; ve\u010der na v\u0155&scaron;ky padal,<\/i><\/span><\/p>\n<p style=\"margin: 0.0px 0.0px 0.0px 0.0px; font: 15.0px Helvetica\"><span style=\"letter-spacing: 0.0px\"><i>na siv&eacute; polia.<\/i><\/span><\/p>\n<p style=\"margin: 0.0px 0.0px 0.0px 0.0px; font: 15.0px Helvetica\"><span style=\"letter-spacing: 0.0px\"><i>V poslednom l&uacute;\u010di starootcovsk&aacute;<\/i><\/span><\/p>\n<p style=\"margin: 0.0px 0.0px 0.0px 0.0px; font: 15.0px Helvetica\"><span style=\"letter-spacing: 0.0px\"><i>horela ro\u013ea.<\/i><\/span><\/p>\n<p style=\"margin: 0.0px 0.0px 0.0px 0.0px; font: 15.0px Helvetica\"><span style=\"letter-spacing: 0.0px\"><i>Z cudziny tul&aacute;k vkro\u010dil som na \u0148u<\/i><\/span><\/p>\n<p style=\"margin: 0.0px 0.0px 0.0px 0.0px; font: 15.0px Helvetica\"><span style=\"letter-spacing: 0.0px\"><i>b&aacute;zlivou nohou.<\/i><\/span><\/p>\n<p style=\"margin: 0.0px 0.0px 0.0px 0.0px; font: 15.0px Helvetica\"><span style=\"letter-spacing: 0.0px\"><i>Slnko jak kor&aacute;b v krvav&yacute;ch vod&aacute;ch<\/i><\/span><\/p>\n<p style=\"margin: 0.0px 0.0px 0.0px 0.0px; font: 15.0px Helvetica\"><span style=\"letter-spacing: 0.0px\"><i>pl&aacute; pod oblohou.<\/i><\/span><\/p>\n<p style=\"margin: 0.0px 0.0px 0.0px 0.0px; font: 15.0px Helvetica; min-height: 18.0px\">&nbsp;<\/p>\n<p style=\"margin: 0.0px 0.0px 0.0px 0.0px; font: 15.0px Helvetica\"><span style=\"letter-spacing: 0.0px\"><i>Strni&scaron;te such&eacute; na vlhk&yacute;ch hrud&aacute;ch<\/i><\/span><\/p>\n<p style=\"margin: 0.0px 0.0px 0.0px 0.0px; font: 15.0px Helvetica\"><span style=\"letter-spacing: 0.0px\"><i>pod nohou prask&aacute;.<\/i><\/span><\/p>\n<p style=\"margin: 0.0px 0.0px 0.0px 0.0px; font: 15.0px Helvetica\"><span style=\"letter-spacing: 0.0px\"><i>Zd&aacute; sa, \u017ee ktosi ved\u013ea m\u0148a kr&aacute;\u010da &#8211;<\/i><\/span><\/p>\n<p style=\"margin: 0.0px 0.0px 0.0px 0.0px; font: 15.0px Helvetica\"><span style=\"letter-spacing: 0.0px\"><i>na \u010dele vr&aacute;ska,<\/i><\/span><\/p>\n<p style=\"margin: 0.0px 0.0px 0.0px 0.0px; font: 15.0px Helvetica\"><span style=\"letter-spacing: 0.0px\"><i>v l&aacute;skavom oku jakoby krotk&aacute;<\/i><\/span><\/p>\n<p style=\"margin: 0.0px 0.0px 0.0px 0.0px; font: 15.0px Helvetica\"><span style=\"letter-spacing: 0.0px\"><i>v&yacute;\u010ditka nem&aacute;:<\/i><\/span><\/p>\n<p style=\"margin: 0.0px 0.0px 0.0px 0.0px; font: 15.0px Helvetica\"><span style=\"letter-spacing: 0.0px\"><i>-pre\u010do si nechal otcovsk&uacute; p&ocirc;du?<\/i><\/span><\/p>\n<p style=\"margin: 0.0px 0.0px 0.0px 0.0px; font: 15.0px Helvetica\"><span style=\"letter-spacing: 0.0px\"><i>Obrancu nem&aacute;!<\/i><\/span><\/p>\n<p style=\"margin: 0.0px 0.0px 0.0px 0.0px; font: 15.0px Helvetica; min-height: 18.0px\">&nbsp;<\/p>\n<p style=\"margin: 0.0px 0.0px 0.0px 0.0px; font: 15.0px Helvetica\"><span style=\"letter-spacing: 0.0px\"><i>Cel&yacute; de\u0148 slnko, predsa je vlhk&aacute;<\/i><\/span><\/p>\n<p style=\"margin: 0.0px 0.0px 0.0px 0.0px; font: 15.0px Helvetica\"><span style=\"letter-spacing: 0.0px\"><i>otcovsk&aacute; ro\u013ea.<\/i><\/span><\/p>\n<p style=\"margin: 0.0px 0.0px 0.0px 0.0px; font: 15.0px Helvetica\"><span style=\"letter-spacing: 0.0px\"><i>St&aacute;letia tiekli poddan&yacute;ch slzy<\/i><\/span><\/p>\n<p style=\"margin: 0.0px 0.0px 0.0px 0.0px; font: 15.0px Helvetica\"><span style=\"letter-spacing: 0.0px\"><i>na na&scaron;e polia,<\/i><\/span><\/p>\n<p style=\"margin: 0.0px 0.0px 0.0px 0.0px; font: 15.0px Helvetica\"><span style=\"letter-spacing: 0.0px\"><i>st&aacute;letia tiekli &#8211; nem&ocirc;\u017e&rsquo; by\u0165 such&aacute;<\/i><\/span><\/p>\n<p style=\"margin: 0.0px 0.0px 0.0px 0.0px; font: 15.0px Helvetica\"><span style=\"letter-spacing: 0.0px\"><i>poddan&yacute;ch ro\u013ea,<\/i><\/span><\/p>\n<p style=\"margin: 0.0px 0.0px 0.0px 0.0px; font: 15.0px Helvetica\"><span style=\"letter-spacing: 0.0px\"><i>darmo ich su&scaron;&iacute; ohniv&eacute; slnko,<\/i><\/span><\/p>\n<p style=\"margin: 0.0px 0.0px 0.0px 0.0px; font: 15.0px Helvetica\"><span style=\"letter-spacing: 0.0px\"><i>dnes e&scaron;te bolia.<\/i><\/span><\/p>\n<p style=\"margin: 0.0px 0.0px 0.0px 0.0px; font: 15.0px Helvetica; min-height: 18.0px\">&nbsp;<\/p>\n<p style=\"margin: 0.0px 0.0px 0.0px 0.0px; font: 15.0px Helvetica\"><span style=\"letter-spacing: 0.0px\"><i>Z cudziny tul&aacute;k pod hru&scaron;kou st&aacute;l som<\/i><\/span><\/p>\n<p style=\"margin: 0.0px 0.0px 0.0px 0.0px; font: 15.0px Helvetica\"><span style=\"letter-spacing: 0.0px\"><i>zotlenou spola.<\/i><\/span><\/p>\n<p style=\"margin: 0.0px 0.0px 0.0px 0.0px; font: 15.0px Helvetica\"><span style=\"letter-spacing: 0.0px\"><i>Poddan&yacute;ch krvou napit&aacute; p&ocirc;da<\/i><\/span><\/p>\n<p style=\"margin: 0.0px 0.0px 0.0px 0.0px; font: 15.0px Helvetica\"><span style=\"letter-spacing: 0.0px\"><i>domov ma vol&aacute;&#8230;<\/i><\/span><\/p>\n<p style=\"margin: 0.0px 0.0px 0.0px 0.0px; font: 15.0px Helvetica\"><span style=\"letter-spacing: 0.0px\"><i>A v srdci stony robotn&yacute;ch otcov<\/i><\/span><\/p>\n<p style=\"margin: 0.0px 0.0px 0.0px 0.0px; font: 15.0px Helvetica\"><span style=\"letter-spacing: 0.0px\"><i>zreli mi v sem&auml;&#8230;<\/i><\/span><\/p>\n<p style=\"margin: 0.0px 0.0px 0.0px 0.0px; font: 15.0px Helvetica\"><span style=\"letter-spacing: 0.0px\"><i>Vykl&iacute;\u010dia e&scaron;te zub&aacute;le dra\u010die<\/i><\/span><\/p>\n<p style=\"margin: 0.0px 0.0px 0.0px 0.0px; font: 15.0px Helvetica\"><span style=\"letter-spacing: 0.0px\"><i>z poddan&yacute;ch zeme?<\/i><\/span><\/p>\n<p style=\"margin: 0.0px 0.0px 0.0px 0.0px; font: 15.0px Helvetica; min-height: 18.0px\">&nbsp;<\/p>\n<p style=\"margin: 0.0px 0.0px 0.0px 0.0px; font: 15.0px Helvetica; min-height: 18.0px\">&nbsp;<\/p>\n<p style=\"margin: 0.0px 0.0px 0.0px 0.0px; font: 15.0px Helvetica\"><span style=\"letter-spacing: 0.0px\"><i>&nbsp; \u010co doda\u0165 k tejto sile slova, jadrnosti obrazov, estetickej vyv&aacute;\u017eenosti farieb, plastike ver&scaron;a&nbsp; a vycizelovan&eacute;mu ver&scaron;u b&aacute;snikovmu?&nbsp; Azda najlep&scaron;ie v&scaron;etko vyjadruje on s&aacute;m nasledovn&yacute;m ver&scaron;om o umeleckom diele:&nbsp;<\/i><\/span><\/p>\n<p style=\"margin: 0.0px 0.0px 0.0px 0.0px; font: 15.0px Helvetica\"><span style=\"letter-spacing: 0.0px\"><i>&nbsp; &nbsp; &nbsp; &nbsp; &nbsp; &#8230;no nikdy nep&iacute;&scaron; to, \u010do nec&iacute;ti&scaron;,<\/i><\/span><\/p>\n<p style=\"margin: 0.0px 0.0px 0.0px 0.0px; font: 15.0px Helvetica\"><span style=\"letter-spacing: 0.0px\"><i>&nbsp;&nbsp; &nbsp; &nbsp; &nbsp; &nbsp; &nbsp; \u010do v tvojom srdci zrod svoj nemalo,<\/i><\/span><\/p>\n<p style=\"margin: 0.0px 0.0px 0.0px 0.0px; font: 15.0px Helvetica; min-height: 18.0px\">&nbsp;<\/p>\n<p style=\"margin: 0.0px 0.0px 0.0px 0.0px; font: 15.0px Helvetica\"><span style=\"letter-spacing: 0.0px\"><i>&nbsp;&nbsp; &nbsp; &nbsp; &nbsp; &nbsp; &nbsp; obch&aacute;dzaj krasomluvu jako mor<\/i><\/span><\/p>\n<p style=\"margin: 0.0px 0.0px 0.0px 0.0px; font: 15.0px Helvetica\"><span style=\"letter-spacing: 0.0px\"><i>&nbsp;&nbsp; &nbsp; &nbsp; &nbsp; &nbsp; &nbsp; a vyho\u010f z textu slovo jalov&eacute;,<\/i><\/span><\/p>\n<p style=\"margin: 0.0px 0.0px 0.0px 0.0px; font: 15.0px Helvetica; min-height: 18.0px\">&nbsp;<\/p>\n<p style=\"margin: 0.0px 0.0px 0.0px 0.0px; font: 15.0px Helvetica\"><span style=\"letter-spacing: 0.0px\"><i>&nbsp;&nbsp; &nbsp; &nbsp; &nbsp; &nbsp; &nbsp; nech hudbou zneje ka\u017ed&yacute; mal&yacute; ver&scaron;,<\/i><\/span><\/p>\n<p style=\"margin: 0.0px 0.0px 0.0px 0.0px; font: 15.0px Helvetica\"><span style=\"letter-spacing: 0.0px\"><i>&nbsp;&nbsp; &nbsp; &nbsp; &nbsp; &nbsp; &nbsp; obrazom bl&yacute;ska ka\u017ed&eacute; slov&iacute;\u010dko&#8230;<\/i><\/span><\/p>\n<p style=\"margin: 0.0px 0.0px 0.0px 0.0px; font: 15.0px Helvetica; min-height: 18.0px\">&nbsp;<\/p>\n<p style=\"margin: 0.0px 0.0px 0.0px 0.0px; font: 15.0px Helvetica\"><span style=\"letter-spacing: 0.0px\"><i>&nbsp; &nbsp; Ver&scaron;e&nbsp; evanjelick&eacute;ho b&aacute;snika <\/i><b><i>Ivana Krasku<\/i><\/b><i> skuto\u010dne znej&uacute; hudbou a nie div, \u017ee sa s jeho dielom vyrovn&aacute;vali a vyrovn&aacute;vaj&uacute; nielen b&aacute;snici mlad&scaron;ej gener&aacute;cie, ale i hudobn&iacute;ci a v&yacute;tvarn&iacute;ci. Niektor&eacute; \u010dasti jeho diela zhudobnili popredn&iacute; umelci, ako <\/i><b><i>Viliam Figu&scaron; &#8211; Bystr&yacute;, Milul&aacute;&scaron; Schneider &#8211; Trnavsk&yacute; a Eugen Sucho\u0148<\/i><\/b><i> . Kresbou sa pok&uacute;sil vyjadri\u0165 Kraskovu po&eacute;ziu <\/i><b><i>Jozef &Scaron;turd&iacute;k<\/i><\/b><i> vo svojich uh\u013eokresb&aacute;ch.&nbsp;<\/i><\/span><\/p>\n<p style=\"margin: 0.0px 0.0px 0.0px 0.0px; font: 15.0px Helvetica\"><span style=\"letter-spacing: 0.0px\"><i>&nbsp;&nbsp; Z mlad&scaron;ej gener&aacute;cie vynikaj&uacute;co zhudobnil&nbsp; a naspieval Otcovu ro\u013eu <\/i><b><i>Juraj S&uacute;di <\/i><\/b><i>z Dolnej zeme.<\/i><\/span><\/p>\n<div><span style=\"letter-spacing: 0.0px\"><i><br \/>\n<\/i><\/span><\/div>\n","protected":false},"excerpt":{"rendered":"<p>&nbsp;&nbsp; &nbsp; &nbsp; Ivan Krasko: Otcova ro\u013ea &nbsp; &nbsp; Pokojn&yacute; ve\u010der na v\u0155&scaron;ky padal, na siv&eacute; polia. V poslednom l&uacute;\u010di starootcovsk&aacute; horela ro\u013ea. Z cudziny tul&aacute;k vkro\u010dil som na \u0148u b&aacute;zlivou nohou. Slnko jak kor&aacute;b v krvav&yacute;ch vod&aacute;ch pl&aacute; pod oblohou. &nbsp; Strni&scaron;te such&eacute; na vlhk&yacute;ch hrud&aacute;ch pod nohou prask&aacute;. Zd&aacute; sa, \u017ee ktosi ved\u013ea &#8230; <a title=\"Ivan Krasko : Otcova ro\u013ea\" class=\"read-more\" href=\"https:\/\/www.e-anjelik.sk\/index.php\/2012\/02\/25\/ivan-krasko-otcova-rola\/\" aria-label=\"Pre\u010d\u00edtajte si viac o Ivan Krasko : Otcova ro\u013ea\">\u010c\u00edta\u0165 viac<\/a><\/p>\n","protected":false},"author":4,"featured_media":0,"comment_status":"open","ping_status":"open","sticky":false,"template":"","format":"standard","meta":{"footnotes":""},"categories":[165,95],"tags":[],"class_list":["post-4131","post","type-post","status-publish","format-standard","hentry","category-poezia-2","category-sobotiste"],"_links":{"self":[{"href":"https:\/\/www.e-anjelik.sk\/index.php\/wp-json\/wp\/v2\/posts\/4131","targetHints":{"allow":["GET"]}}],"collection":[{"href":"https:\/\/www.e-anjelik.sk\/index.php\/wp-json\/wp\/v2\/posts"}],"about":[{"href":"https:\/\/www.e-anjelik.sk\/index.php\/wp-json\/wp\/v2\/types\/post"}],"author":[{"embeddable":true,"href":"https:\/\/www.e-anjelik.sk\/index.php\/wp-json\/wp\/v2\/users\/4"}],"replies":[{"embeddable":true,"href":"https:\/\/www.e-anjelik.sk\/index.php\/wp-json\/wp\/v2\/comments?post=4131"}],"version-history":[{"count":0,"href":"https:\/\/www.e-anjelik.sk\/index.php\/wp-json\/wp\/v2\/posts\/4131\/revisions"}],"wp:attachment":[{"href":"https:\/\/www.e-anjelik.sk\/index.php\/wp-json\/wp\/v2\/media?parent=4131"}],"wp:term":[{"taxonomy":"category","embeddable":true,"href":"https:\/\/www.e-anjelik.sk\/index.php\/wp-json\/wp\/v2\/categories?post=4131"},{"taxonomy":"post_tag","embeddable":true,"href":"https:\/\/www.e-anjelik.sk\/index.php\/wp-json\/wp\/v2\/tags?post=4131"}],"curies":[{"name":"wp","href":"https:\/\/api.w.org\/{rel}","templated":true}]}}