{"id":4137,"date":"2012-02-29T09:19:43","date_gmt":"2012-02-29T09:19:43","guid":{"rendered":"http:\/\/e-anjelik.sk\/?p=4137"},"modified":"2012-02-29T09:19:43","modified_gmt":"2012-02-29T09:19:43","slug":"synoda-evanj-cirkvi-v-madarsku-dala-suhlas-k-podpisaniu-slov-mad-dohody","status":"publish","type":"post","link":"https:\/\/www.e-anjelik.sk\/index.php\/2012\/02\/29\/synoda-evanj-cirkvi-v-madarsku-dala-suhlas-k-podpisaniu-slov-mad-dohody\/","title":{"rendered":"Synoda Evanj. cirkvi v Ma\u010farsku dala s\u00fahlas k podp\u00edsaniu slov-ma\u010f. dohody"},"content":{"rendered":"<p>V piatok 24. febru&aacute;ra t.r. na zasadnut&iacute; synody Evanjelickej cirkvi Ma\u010farska \u010dlenovia synody jednomyse\u013ene vyjadrili s&uacute;hlas k podp&iacute;saniu dohody medzi touto cirkvou a ECAV na Slovensku. K obsahu predmetnej dohody referoval biskup Tam&aacute;s Fab&iacute;ny, zodpovedn&yacute; za zahrani\u010dn&eacute; vz\u0165ahy tejto cirkvi. Dohoda sa m&aacute; podp&iacute;sa\u0165 v bl&iacute;zkej bud&uacute;cnosti.<\/p>\n<p>(<a href=\"http:\/\/www.evangelikus.hu\">www.evangelikus.hu<\/a>)<\/p>\n","protected":false},"excerpt":{"rendered":"<p>V piatok 24. febru&aacute;ra t.r. na zasadnut&iacute; synody Evanjelickej cirkvi Ma\u010farska \u010dlenovia synody jednomyse\u013ene vyjadrili s&uacute;hlas k podp&iacute;saniu dohody medzi touto cirkvou a ECAV na Slovensku. K obsahu predmetnej dohody referoval biskup Tam&aacute;s Fab&iacute;ny, zodpovedn&yacute; za zahrani\u010dn&eacute; vz\u0165ahy tejto cirkvi. Dohoda sa m&aacute; podp&iacute;sa\u0165 v bl&iacute;zkej bud&uacute;cnosti. (www.evangelikus.hu)<\/p>\n","protected":false},"author":22,"featured_media":0,"comment_status":"open","ping_status":"open","sticky":false,"template":"","format":"standard","meta":{"footnotes":""},"categories":[9,10],"tags":[],"class_list":["post-4137","post","type-post","status-publish","format-standard","hentry","category-europa","category-zo-sveta"],"_links":{"self":[{"href":"https:\/\/www.e-anjelik.sk\/index.php\/wp-json\/wp\/v2\/posts\/4137","targetHints":{"allow":["GET"]}}],"collection":[{"href":"https:\/\/www.e-anjelik.sk\/index.php\/wp-json\/wp\/v2\/posts"}],"about":[{"href":"https:\/\/www.e-anjelik.sk\/index.php\/wp-json\/wp\/v2\/types\/post"}],"author":[{"embeddable":true,"href":"https:\/\/www.e-anjelik.sk\/index.php\/wp-json\/wp\/v2\/users\/22"}],"replies":[{"embeddable":true,"href":"https:\/\/www.e-anjelik.sk\/index.php\/wp-json\/wp\/v2\/comments?post=4137"}],"version-history":[{"count":0,"href":"https:\/\/www.e-anjelik.sk\/index.php\/wp-json\/wp\/v2\/posts\/4137\/revisions"}],"wp:attachment":[{"href":"https:\/\/www.e-anjelik.sk\/index.php\/wp-json\/wp\/v2\/media?parent=4137"}],"wp:term":[{"taxonomy":"category","embeddable":true,"href":"https:\/\/www.e-anjelik.sk\/index.php\/wp-json\/wp\/v2\/categories?post=4137"},{"taxonomy":"post_tag","embeddable":true,"href":"https:\/\/www.e-anjelik.sk\/index.php\/wp-json\/wp\/v2\/tags?post=4137"}],"curies":[{"name":"wp","href":"https:\/\/api.w.org\/{rel}","templated":true}]}}