{"id":4138,"date":"2012-02-29T09:44:34","date_gmt":"2012-02-29T09:44:34","guid":{"rendered":"http:\/\/e-anjelik.sk\/?p=4138"},"modified":"2012-02-29T09:44:34","modified_gmt":"2012-02-29T09:44:34","slug":"uznali-dalsie-cirkvi-a-nabozenske-spolocenstva-v-madarsku","status":"publish","type":"post","link":"https:\/\/www.e-anjelik.sk\/index.php\/2012\/02\/29\/uznali-dalsie-cirkvi-a-nabozenske-spolocenstva-v-madarsku\/","title":{"rendered":"Uznali \u010fal\u0161ie cirkvi a n\u00e1bo\u017eensk\u00e9 spolo\u010denstv\u00e1 v Ma\u010farsku"},"content":{"rendered":"<p>Ma\u010farsk&yacute; parlament v pondelok 27. febru&aacute;ra t.r. po diskusii a d&ocirc;kladnom prerokovan&iacute; op&auml;tovne sa zaoberal z&aacute;konom o cirkv&aacute;ch a n&aacute;bo\u017eensk&yacute;ch spolo\u010dnostiach v Ma\u010farsku. Ako sme u\u017e informovali vlani tento parlament schv&aacute;lil iba 14 n&aacute;bo\u017eensk&yacute;ch organiz&aacute;ci&iacute;. Po zna\u010dn&yacute;ch protestoch doma i zo zahrani\u010dia a po prerokovan&iacute; \u017eiadost&iacute; odmietnut&yacute;ch teraz poslanci k t&yacute;mto 14 pridali \u010fal&scaron;&iacute;ch 18 spolo\u010denstiev, ktor&eacute; bud&uacute; u\u017e&iacute;va\u0165 status &scaron;t&aacute;tom uznan&yacute;ch od 1. marca t.r. \u010eal&scaron;&iacute;ch 66 organiz&aacute;ci&iacute; bolo zamietnut&yacute;ch. Tie sa v priebehu roka nem&ocirc;\u017eu u\u017e odvol&aacute;va\u0165. S&uacute;\u010das\u0165ou zasadnutia bola aj demon&scaron;tr&aacute;cia veriacich z odmietnut&yacute;ch spolo\u010denstiev na tzv. verejn&yacute;ch bohoslu\u017eb&aacute;ch na Ko&scaron;&uacute;tovom n&aacute;mest&iacute;. Akcie sa pod\u013ea agent&uacute;r z&uacute;\u010dastnilo do 200 os&ocirc;b.<\/p>\n<p>(<a href=\"http:\/\/www.evangelikus.hu\">www.evangelikus.hu<\/a>)<\/p>\n","protected":false},"excerpt":{"rendered":"<p>Ma\u010farsk&yacute; parlament v pondelok 27. febru&aacute;ra t.r. po diskusii a d&ocirc;kladnom prerokovan&iacute; op&auml;tovne sa zaoberal z&aacute;konom o cirkv&aacute;ch a n&aacute;bo\u017eensk&yacute;ch spolo\u010dnostiach v Ma\u010farsku. Ako sme u\u017e informovali vlani tento parlament schv&aacute;lil iba 14 n&aacute;bo\u017eensk&yacute;ch organiz&aacute;ci&iacute;. Po zna\u010dn&yacute;ch protestoch doma i zo zahrani\u010dia a po prerokovan&iacute; \u017eiadost&iacute; odmietnut&yacute;ch teraz poslanci k t&yacute;mto 14 pridali \u010fal&scaron;&iacute;ch 18 &#8230; <a title=\"Uznali \u010fal\u0161ie cirkvi a n\u00e1bo\u017eensk\u00e9 spolo\u010denstv\u00e1 v Ma\u010farsku\" class=\"read-more\" href=\"https:\/\/www.e-anjelik.sk\/index.php\/2012\/02\/29\/uznali-dalsie-cirkvi-a-nabozenske-spolocenstva-v-madarsku\/\" aria-label=\"Pre\u010d\u00edtajte si viac o Uznali \u010fal\u0161ie cirkvi a n\u00e1bo\u017eensk\u00e9 spolo\u010denstv\u00e1 v Ma\u010farsku\">\u010c\u00edta\u0165 viac<\/a><\/p>\n","protected":false},"author":22,"featured_media":0,"comment_status":"open","ping_status":"open","sticky":false,"template":"","format":"standard","meta":{"footnotes":""},"categories":[9,10],"tags":[],"class_list":["post-4138","post","type-post","status-publish","format-standard","hentry","category-europa","category-zo-sveta"],"_links":{"self":[{"href":"https:\/\/www.e-anjelik.sk\/index.php\/wp-json\/wp\/v2\/posts\/4138","targetHints":{"allow":["GET"]}}],"collection":[{"href":"https:\/\/www.e-anjelik.sk\/index.php\/wp-json\/wp\/v2\/posts"}],"about":[{"href":"https:\/\/www.e-anjelik.sk\/index.php\/wp-json\/wp\/v2\/types\/post"}],"author":[{"embeddable":true,"href":"https:\/\/www.e-anjelik.sk\/index.php\/wp-json\/wp\/v2\/users\/22"}],"replies":[{"embeddable":true,"href":"https:\/\/www.e-anjelik.sk\/index.php\/wp-json\/wp\/v2\/comments?post=4138"}],"version-history":[{"count":0,"href":"https:\/\/www.e-anjelik.sk\/index.php\/wp-json\/wp\/v2\/posts\/4138\/revisions"}],"wp:attachment":[{"href":"https:\/\/www.e-anjelik.sk\/index.php\/wp-json\/wp\/v2\/media?parent=4138"}],"wp:term":[{"taxonomy":"category","embeddable":true,"href":"https:\/\/www.e-anjelik.sk\/index.php\/wp-json\/wp\/v2\/categories?post=4138"},{"taxonomy":"post_tag","embeddable":true,"href":"https:\/\/www.e-anjelik.sk\/index.php\/wp-json\/wp\/v2\/tags?post=4138"}],"curies":[{"name":"wp","href":"https:\/\/api.w.org\/{rel}","templated":true}]}}