{"id":4139,"date":"2012-02-29T10:06:11","date_gmt":"2012-02-29T10:06:11","guid":{"rendered":"http:\/\/e-anjelik.sk\/?p=4139"},"modified":"2012-02-29T10:06:11","modified_gmt":"2012-02-29T10:06:11","slug":"blizi-sa-zaciatok-trvaleho-vysielania-lruk","status":"publish","type":"post","link":"https:\/\/www.e-anjelik.sk\/index.php\/2012\/02\/29\/blizi-sa-zaciatok-trvaleho-vysielania-lruk\/","title":{"rendered":"Bl\u00ed\u017ei sa za\u010diatok trval\u00e9ho vysielania LRUK"},"content":{"rendered":"<p>V nede\u013eu 4. marca 2012 sa za\u010dne trval&eacute; ,pravideln&eacute; vysielanie Luter&aacute;nskeho r&aacute;dia Spojen&eacute;ho kr&aacute;\u013eovstva cez internet. Vysielanie za\u010dne priamym prenosom slu\u017eieb Bo\u017e&iacute;ch z chr&aacute;mu Krista P&aacute;na so za\u010diatkom o 10.30 hod. (GMT). R&aacute;dio bude vysiela\u0165:<\/p>\n<p>&#8211; dokumenty a rozli\u010dn&eacute; \u017e&aacute;nry<\/p>\n<p>&#8211; denn&eacute; pobo\u017enosti<\/p>\n<p>&#8211; biblick&eacute; &scaron;t&uacute;di&aacute;<\/p>\n<p>&#8211; konfesion&aacute;lne &scaron;t&uacute;di&aacute;<\/p>\n<p>&#8211; rozhovory s odborn&iacute;kmi z ich oblasti<\/p>\n<p>&#8211; tradi\u010dn&uacute; a s&uacute;\u010dasn&uacute; kres\u0165ansk&uacute; hudbu<\/p>\n<p>&#8211; luter&aacute;nske spr&aacute;vy z cel&eacute;ho sveta a in&eacute;.<\/p>\n<p>R&aacute;dio zria\u010fuje a financuje mal&aacute; konfesion&aacute;lna Evanjelicko-luter&aacute;nska cirkev Anglicka (ELCE).<\/p>\n<p>(<a href=\"http:\/\/www.lutheranradio.co.uk\">www.lutheranradio.co.uk<\/a>)<\/p>\n","protected":false},"excerpt":{"rendered":"<p>V nede\u013eu 4. marca 2012 sa za\u010dne trval&eacute; ,pravideln&eacute; vysielanie Luter&aacute;nskeho r&aacute;dia Spojen&eacute;ho kr&aacute;\u013eovstva cez internet. Vysielanie za\u010dne priamym prenosom slu\u017eieb Bo\u017e&iacute;ch z chr&aacute;mu Krista P&aacute;na so za\u010diatkom o 10.30 hod. (GMT). R&aacute;dio bude vysiela\u0165: &#8211; dokumenty a rozli\u010dn&eacute; \u017e&aacute;nry &#8211; denn&eacute; pobo\u017enosti &#8211; biblick&eacute; &scaron;t&uacute;di&aacute; &#8211; konfesion&aacute;lne &scaron;t&uacute;di&aacute; &#8211; rozhovory s odborn&iacute;kmi z ich &#8230; <a title=\"Bl\u00ed\u017ei sa za\u010diatok trval\u00e9ho vysielania LRUK\" class=\"read-more\" href=\"https:\/\/www.e-anjelik.sk\/index.php\/2012\/02\/29\/blizi-sa-zaciatok-trvaleho-vysielania-lruk\/\" aria-label=\"Pre\u010d\u00edtajte si viac o Bl\u00ed\u017ei sa za\u010diatok trval\u00e9ho vysielania LRUK\">\u010c\u00edta\u0165 viac<\/a><\/p>\n","protected":false},"author":22,"featured_media":0,"comment_status":"open","ping_status":"open","sticky":false,"template":"","format":"standard","meta":{"footnotes":""},"categories":[9],"tags":[],"class_list":["post-4139","post","type-post","status-publish","format-standard","hentry","category-europa"],"_links":{"self":[{"href":"https:\/\/www.e-anjelik.sk\/index.php\/wp-json\/wp\/v2\/posts\/4139","targetHints":{"allow":["GET"]}}],"collection":[{"href":"https:\/\/www.e-anjelik.sk\/index.php\/wp-json\/wp\/v2\/posts"}],"about":[{"href":"https:\/\/www.e-anjelik.sk\/index.php\/wp-json\/wp\/v2\/types\/post"}],"author":[{"embeddable":true,"href":"https:\/\/www.e-anjelik.sk\/index.php\/wp-json\/wp\/v2\/users\/22"}],"replies":[{"embeddable":true,"href":"https:\/\/www.e-anjelik.sk\/index.php\/wp-json\/wp\/v2\/comments?post=4139"}],"version-history":[{"count":0,"href":"https:\/\/www.e-anjelik.sk\/index.php\/wp-json\/wp\/v2\/posts\/4139\/revisions"}],"wp:attachment":[{"href":"https:\/\/www.e-anjelik.sk\/index.php\/wp-json\/wp\/v2\/media?parent=4139"}],"wp:term":[{"taxonomy":"category","embeddable":true,"href":"https:\/\/www.e-anjelik.sk\/index.php\/wp-json\/wp\/v2\/categories?post=4139"},{"taxonomy":"post_tag","embeddable":true,"href":"https:\/\/www.e-anjelik.sk\/index.php\/wp-json\/wp\/v2\/tags?post=4139"}],"curies":[{"name":"wp","href":"https:\/\/api.w.org\/{rel}","templated":true}]}}