{"id":4144,"date":"2012-03-02T10:38:01","date_gmt":"2012-03-02T10:38:01","guid":{"rendered":"http:\/\/e-anjelik.sk\/?p=4144"},"modified":"2012-03-02T10:38:01","modified_gmt":"2012-03-02T10:38:01","slug":"mladi-moslimovia-v-nemecku","status":"publish","type":"post","link":"https:\/\/www.e-anjelik.sk\/index.php\/2012\/03\/02\/mladi-moslimovia-v-nemecku\/","title":{"rendered":"Mlad\u00ed moslimovia v Nemecku"},"content":{"rendered":"<p>1. marca t.r. bola v Berl&iacute;ne uverejnen&aacute; &scaron;t&uacute;dia Spolkov&eacute;ho ministerstva vn&uacute;tra &nbsp;o integrovan&iacute; mlad&yacute;ch moslimov v Nemecku. T&aacute;to &scaron;t&uacute;dia m&aacute; n&aacute;zov &quot; \u017divotn&eacute; svety mlad&yacute;ch moslimov v Nemecku.&quot; V politick&yacute;ch stran&aacute;ch &scaron;t&uacute;dia vyvolala protichodn&eacute; odozvy. Kres\u0165ansk&eacute; organiz&aacute;cie vidia ju ako v&yacute;zvu&nbsp;pre \u010dastej&scaron;ie stret&aacute;vania mlad&yacute;ch domorodcov a cudzincov. &Scaron;t&uacute;dia uk&aacute;zala, \u017ee 22% mlad&yacute;ch moslimov v Nemecku nie je pripraven&yacute;ch&nbsp;integrova\u0165 sa do spolo\u010dnosti. K pozoruhodnostiam tejto skupiny patr&iacute; siln&aacute; religiozita,&nbsp;odmietanie Z&aacute;padu a akcept&aacute;cia pou\u017eitia n&aacute;silia.<\/p>\n<p>(<a href=\"http:\/\/www.idea.de\">www.idea.de<\/a>)&nbsp;<\/p>\n","protected":false},"excerpt":{"rendered":"<p>1. marca t.r. bola v Berl&iacute;ne uverejnen&aacute; &scaron;t&uacute;dia Spolkov&eacute;ho ministerstva vn&uacute;tra &nbsp;o integrovan&iacute; mlad&yacute;ch moslimov v Nemecku. T&aacute;to &scaron;t&uacute;dia m&aacute; n&aacute;zov &quot; \u017divotn&eacute; svety mlad&yacute;ch moslimov v Nemecku.&quot; V politick&yacute;ch stran&aacute;ch &scaron;t&uacute;dia vyvolala protichodn&eacute; odozvy. Kres\u0165ansk&eacute; organiz&aacute;cie vidia ju ako v&yacute;zvu&nbsp;pre \u010dastej&scaron;ie stret&aacute;vania mlad&yacute;ch domorodcov a cudzincov. &Scaron;t&uacute;dia uk&aacute;zala, \u017ee 22% mlad&yacute;ch moslimov v Nemecku &#8230; <a title=\"Mlad\u00ed moslimovia v Nemecku\" class=\"read-more\" href=\"https:\/\/www.e-anjelik.sk\/index.php\/2012\/03\/02\/mladi-moslimovia-v-nemecku\/\" aria-label=\"Pre\u010d\u00edtajte si viac o Mlad\u00ed moslimovia v Nemecku\">\u010c\u00edta\u0165 viac<\/a><\/p>\n","protected":false},"author":22,"featured_media":0,"comment_status":"open","ping_status":"open","sticky":false,"template":"","format":"standard","meta":{"footnotes":""},"categories":[1],"tags":[187],"class_list":["post-4144","post","type-post","status-publish","format-standard","hentry","category-adventna-modlitba","tag-mladez-3"],"_links":{"self":[{"href":"https:\/\/www.e-anjelik.sk\/index.php\/wp-json\/wp\/v2\/posts\/4144","targetHints":{"allow":["GET"]}}],"collection":[{"href":"https:\/\/www.e-anjelik.sk\/index.php\/wp-json\/wp\/v2\/posts"}],"about":[{"href":"https:\/\/www.e-anjelik.sk\/index.php\/wp-json\/wp\/v2\/types\/post"}],"author":[{"embeddable":true,"href":"https:\/\/www.e-anjelik.sk\/index.php\/wp-json\/wp\/v2\/users\/22"}],"replies":[{"embeddable":true,"href":"https:\/\/www.e-anjelik.sk\/index.php\/wp-json\/wp\/v2\/comments?post=4144"}],"version-history":[{"count":0,"href":"https:\/\/www.e-anjelik.sk\/index.php\/wp-json\/wp\/v2\/posts\/4144\/revisions"}],"wp:attachment":[{"href":"https:\/\/www.e-anjelik.sk\/index.php\/wp-json\/wp\/v2\/media?parent=4144"}],"wp:term":[{"taxonomy":"category","embeddable":true,"href":"https:\/\/www.e-anjelik.sk\/index.php\/wp-json\/wp\/v2\/categories?post=4144"},{"taxonomy":"post_tag","embeddable":true,"href":"https:\/\/www.e-anjelik.sk\/index.php\/wp-json\/wp\/v2\/tags?post=4144"}],"curies":[{"name":"wp","href":"https:\/\/api.w.org\/{rel}","templated":true}]}}