{"id":4146,"date":"2012-03-29T22:00:00","date_gmt":"2012-03-29T22:00:00","guid":{"rendered":"http:\/\/e-anjelik.sk\/?p=4146"},"modified":"2012-03-29T22:00:00","modified_gmt":"2012-03-29T22:00:00","slug":"ebf-uk-teologia-prid-to-zazit","status":"publish","type":"post","link":"https:\/\/www.e-anjelik.sk\/index.php\/2012\/03\/29\/ebf-uk-teologia-prid-to-zazit\/","title":{"rendered":"EBF UK: teol\u00f3gia, pr\u00ed\u010f to za\u017ei\u0165."},"content":{"rendered":"<p><img decoding=\"async\" alt=\"\" align=\"right\" src=\"http:\/\/www.evanjelik.net\/wp-content\/uploads\/Plagat_EBF_UK_2011_TV.preview.jpg\" \/>Dekan&aacute;t <strong>Evanjelickej bohosloveckej fakulty Univerzity Komensk&eacute;ho v&nbsp; Bratislave <\/strong>oznamuje, \u017ee pre akademick&yacute; rok 2012\/2013 sa uskuto\u010dn&iacute; prij&iacute;macie konanie do nasledovn&yacute;ch &scaron;tudijn&yacute;ch&nbsp; programov:<\/p>\n<p><strong>Evanjelick&aacute; teol&oacute;gia<\/strong>&nbsp; &#8211;&nbsp; (p&auml;\u0165ro\u010dn&eacute; denn&eacute; spojen&eacute; magistersk&eacute; &scaron;t&uacute;dium):<br \/>\n&nbsp;&#8211; s mo\u017enos\u0165ou pr&iacute;pravy na k\u0148azsk&uacute; ordin&aacute;ciu v ECAV<br \/>\n&#8211; s mo\u017enos\u0165ou v&scaron;eobecn&eacute;ho &scaron;t&uacute;dia evanjelickej teol&oacute;gie<\/p>\n<p><strong>U\u010dite\u013estvo predmetu n&aacute;bo\u017eensk&aacute; v&yacute;chova v kombin&aacute;cii <br \/>\n<\/strong>(trojro\u010dn&eacute; denn&eacute; bakal&aacute;rske &scaron;t&uacute;dium a nadv&auml;zuj&uacute;ce dvojro\u010dn&eacute; denn&eacute; magistersk&eacute; &scaron;t&uacute;dium)<br \/>\nv akademickom roku 2012\/2013 otv&aacute;ra fakulta v spolupr&aacute;ci s Pedagogickou fakultou UK nasledovn&eacute; mo\u017enosti kombin&aacute;ci&iacute;:<br \/>\n&#8211;&nbsp;s u\u010dite\u013estvom anglick&eacute;ho jazyka a literat&uacute;ry (Bc., Mgr.)<br \/>\n&#8211;&nbsp;s u\u010dite\u013estvom nemeck&eacute;ho jazyka a literat&uacute;ry (Bc., Mgr.)<br \/>\n&#8211;&nbsp;s u\u010dite\u013estvom slovensk&yacute; jazyka a literat&uacute;ry (Bc., Mgr.)<br \/>\n&#8211;&nbsp;s u\u010dite\u013estvom hist&oacute;rie (Bc.) <br \/>\n&#8211;&nbsp;s u\u010dite\u013estvom pedagogiky (Bc.)<\/p>\n<p><strong>Evanjelick&aacute; teol&oacute;gia so zameran&iacute;m na soci&aacute;lnu pomoc<br \/>\n<\/strong>(trojro\u010dn&eacute; denn&eacute; alebo extern&eacute;&nbsp; bakal&aacute;rske &scaron;t&uacute;dium)<\/p>\n<p><strong>Evanjelick&aacute; teol&oacute;gia so zameran&iacute;m na riadenie soci&aacute;lnej pomoci <br \/>\n(dvojro\u010dn&eacute; denn&eacute; alebo extern&eacute; magistersk&eacute; &scaron;t&uacute;dium)<\/strong><\/p>\n<p><!--break--><\/p>\n<p>&Scaron;tudijn&eacute; programy v oblasti soci&aacute;lnej pomoci organizujeme v spolupr&aacute;ci s odborn&iacute;kmi z Pedagogickej fakulty a Fakulty mana\u017ementu Univerzity Komensk&eacute;ho v Bratislave.<\/p>\n<p>Podrobn&eacute; inform&aacute;cie o &scaron;tudijn&yacute;ch programoch a podmienkach prijatia n&aacute;jdete na adrese: <a href=\"http:\/\/www.fevth.uniba.sk\">www.fevth.uniba.sk<\/a> &#8211;&nbsp; v sekcii &bdquo;&Scaron;t&uacute;dium&ldquo;, podsekcii&nbsp; &bdquo;Prij&iacute;macie konanie v AR 2012\/2013&ldquo;.<\/p>\n<p><strong>UPOZORNENIE!<br \/>\nPrihl&aacute;&scaron;ky<\/strong> na &scaron;t&uacute;dium v ktoromko\u013evek z uveden&yacute;ch &scaron;tudijn&yacute;ch programov je nutn&eacute; poda\u0165 elektronickou formou cez <a href=\"http:\/\/www.fevth.uniba.sk\">www.fevth.uniba.sk<\/a>, n&aacute;sledne vytla\u010di\u0165, podp&iacute;sa\u0165 a s po\u017eadovan&yacute;mi potvrdeniami doru\u010di\u0165 do <strong>31. marca 2012<\/strong> na adresu:<\/p>\n<p><strong>Evanjelick&aacute; bohosloveck&aacute; fakulta <br \/>\nUniverzita Komensk&eacute;ho v Bratislave<br \/>\nBart&oacute;kova 8<br \/>\n811 02 Bratislava 1<\/strong><\/p>\n","protected":false},"excerpt":{"rendered":"<p>Dekan&aacute;t Evanjelickej bohosloveckej fakulty Univerzity Komensk&eacute;ho v&nbsp; Bratislave oznamuje, \u017ee pre akademick&yacute; rok 2012\/2013 sa uskuto\u010dn&iacute; prij&iacute;macie konanie do nasledovn&yacute;ch &scaron;tudijn&yacute;ch&nbsp; programov: Evanjelick&aacute; teol&oacute;gia&nbsp; &#8211;&nbsp; (p&auml;\u0165ro\u010dn&eacute; denn&eacute; spojen&eacute; magistersk&eacute; &scaron;t&uacute;dium): &nbsp;&#8211; s mo\u017enos\u0165ou pr&iacute;pravy na k\u0148azsk&uacute; ordin&aacute;ciu v ECAV &#8211; s mo\u017enos\u0165ou v&scaron;eobecn&eacute;ho &scaron;t&uacute;dia evanjelickej teol&oacute;gie U\u010dite\u013estvo predmetu n&aacute;bo\u017eensk&aacute; v&yacute;chova v kombin&aacute;cii (trojro\u010dn&eacute; denn&eacute; bakal&aacute;rske &#8230; <a title=\"EBF UK: teol\u00f3gia, pr\u00ed\u010f to za\u017ei\u0165.\" class=\"read-more\" href=\"https:\/\/www.e-anjelik.sk\/index.php\/2012\/03\/29\/ebf-uk-teologia-prid-to-zazit\/\" aria-label=\"Pre\u010d\u00edtajte si viac o EBF UK: teol\u00f3gia, pr\u00ed\u010f to za\u017ei\u0165.\">\u010c\u00edta\u0165 viac<\/a><\/p>\n","protected":false},"author":1,"featured_media":0,"comment_status":"open","ping_status":"open","sticky":false,"template":"","format":"standard","meta":{"footnotes":""},"categories":[1],"tags":[],"class_list":["post-4146","post","type-post","status-publish","format-standard","hentry","category-adventna-modlitba"],"_links":{"self":[{"href":"https:\/\/www.e-anjelik.sk\/index.php\/wp-json\/wp\/v2\/posts\/4146","targetHints":{"allow":["GET"]}}],"collection":[{"href":"https:\/\/www.e-anjelik.sk\/index.php\/wp-json\/wp\/v2\/posts"}],"about":[{"href":"https:\/\/www.e-anjelik.sk\/index.php\/wp-json\/wp\/v2\/types\/post"}],"author":[{"embeddable":true,"href":"https:\/\/www.e-anjelik.sk\/index.php\/wp-json\/wp\/v2\/users\/1"}],"replies":[{"embeddable":true,"href":"https:\/\/www.e-anjelik.sk\/index.php\/wp-json\/wp\/v2\/comments?post=4146"}],"version-history":[{"count":0,"href":"https:\/\/www.e-anjelik.sk\/index.php\/wp-json\/wp\/v2\/posts\/4146\/revisions"}],"wp:attachment":[{"href":"https:\/\/www.e-anjelik.sk\/index.php\/wp-json\/wp\/v2\/media?parent=4146"}],"wp:term":[{"taxonomy":"category","embeddable":true,"href":"https:\/\/www.e-anjelik.sk\/index.php\/wp-json\/wp\/v2\/categories?post=4146"},{"taxonomy":"post_tag","embeddable":true,"href":"https:\/\/www.e-anjelik.sk\/index.php\/wp-json\/wp\/v2\/tags?post=4146"}],"curies":[{"name":"wp","href":"https:\/\/api.w.org\/{rel}","templated":true}]}}