{"id":4151,"date":"2012-03-05T09:34:11","date_gmt":"2012-03-05T09:34:11","guid":{"rendered":"http:\/\/e-anjelik.sk\/?p=4151"},"modified":"2012-03-05T09:34:11","modified_gmt":"2012-03-05T09:34:11","slug":"do-uradu-prezesa-ekc-vo-vestfalsku-uviedli-annette-kurschus","status":"publish","type":"post","link":"https:\/\/www.e-anjelik.sk\/index.php\/2012\/03\/05\/do-uradu-prezesa-ekc-vo-vestfalsku-uviedli-annette-kurschus\/","title":{"rendered":"Do \u00faradu pr\u00e9zesa EKC vo Vestfalsku uviedli Annette Kurschus"},"content":{"rendered":"<p>V nede\u013eu 4. marca t.r. v Bielefelde v r&aacute;mci slu\u017eieb Bo\u017e&iacute;ch uviedli do &uacute;radu pr&eacute;zesa Evanjelickej krajinskej cirkvi (biskup) 49 -ro\u010dn&uacute; superintendentku Annette Kurschus. Synod&aacute;li ju zvolili do tejto funkcie vlani v novembri. V dejin&aacute;ch tejto cirkvi sa takto st&aacute;va prvou \u017eenou vo veden&iacute; cirkvi. T&aacute;to cirkev je &uacute;niovan&aacute;, \u010do do ve\u013ekosti &scaron;tvrt&aacute; najv&auml;\u010d&scaron;ia v Nemecku. M&aacute; 2,5 mili&oacute;na \u010dlenov v 522 cirkevn&yacute;ch zboroch a 31 cirkevn&yacute;ch okrskoch.Na sl&aacute;vnosti sa z&uacute;\u010dastnil aj predseda Rady EKD Nikolaus Schneider.<\/p>\n<p>(<a href=\"http:\/\/www.idea.de\">www.idea.de<\/a>)<\/p>\n","protected":false},"excerpt":{"rendered":"<p>V nede\u013eu 4. marca t.r. v Bielefelde v r&aacute;mci slu\u017eieb Bo\u017e&iacute;ch uviedli do &uacute;radu pr&eacute;zesa Evanjelickej krajinskej cirkvi (biskup) 49 -ro\u010dn&uacute; superintendentku Annette Kurschus. Synod&aacute;li ju zvolili do tejto funkcie vlani v novembri. V dejin&aacute;ch tejto cirkvi sa takto st&aacute;va prvou \u017eenou vo veden&iacute; cirkvi. T&aacute;to cirkev je &uacute;niovan&aacute;, \u010do do ve\u013ekosti &scaron;tvrt&aacute; najv&auml;\u010d&scaron;ia v &#8230; <a title=\"Do \u00faradu pr\u00e9zesa EKC vo Vestfalsku uviedli Annette Kurschus\" class=\"read-more\" href=\"https:\/\/www.e-anjelik.sk\/index.php\/2012\/03\/05\/do-uradu-prezesa-ekc-vo-vestfalsku-uviedli-annette-kurschus\/\" aria-label=\"Pre\u010d\u00edtajte si viac o Do \u00faradu pr\u00e9zesa EKC vo Vestfalsku uviedli Annette Kurschus\">\u010c\u00edta\u0165 viac<\/a><\/p>\n","protected":false},"author":22,"featured_media":0,"comment_status":"open","ping_status":"open","sticky":false,"template":"","format":"standard","meta":{"footnotes":""},"categories":[9,10],"tags":[],"class_list":["post-4151","post","type-post","status-publish","format-standard","hentry","category-europa","category-zo-sveta"],"_links":{"self":[{"href":"https:\/\/www.e-anjelik.sk\/index.php\/wp-json\/wp\/v2\/posts\/4151","targetHints":{"allow":["GET"]}}],"collection":[{"href":"https:\/\/www.e-anjelik.sk\/index.php\/wp-json\/wp\/v2\/posts"}],"about":[{"href":"https:\/\/www.e-anjelik.sk\/index.php\/wp-json\/wp\/v2\/types\/post"}],"author":[{"embeddable":true,"href":"https:\/\/www.e-anjelik.sk\/index.php\/wp-json\/wp\/v2\/users\/22"}],"replies":[{"embeddable":true,"href":"https:\/\/www.e-anjelik.sk\/index.php\/wp-json\/wp\/v2\/comments?post=4151"}],"version-history":[{"count":0,"href":"https:\/\/www.e-anjelik.sk\/index.php\/wp-json\/wp\/v2\/posts\/4151\/revisions"}],"wp:attachment":[{"href":"https:\/\/www.e-anjelik.sk\/index.php\/wp-json\/wp\/v2\/media?parent=4151"}],"wp:term":[{"taxonomy":"category","embeddable":true,"href":"https:\/\/www.e-anjelik.sk\/index.php\/wp-json\/wp\/v2\/categories?post=4151"},{"taxonomy":"post_tag","embeddable":true,"href":"https:\/\/www.e-anjelik.sk\/index.php\/wp-json\/wp\/v2\/tags?post=4151"}],"curies":[{"name":"wp","href":"https:\/\/api.w.org\/{rel}","templated":true}]}}