{"id":4152,"date":"2012-03-05T09:52:20","date_gmt":"2012-03-05T09:52:20","guid":{"rendered":"http:\/\/e-anjelik.sk\/?p=4152"},"modified":"2012-03-05T09:52:20","modified_gmt":"2012-03-05T09:52:20","slug":"ustredna-cirkevna-kniznica-v-ceskom-tesine","status":"publish","type":"post","link":"https:\/\/www.e-anjelik.sk\/index.php\/2012\/03\/05\/ustredna-cirkevna-kniznica-v-ceskom-tesine\/","title":{"rendered":"\u00dastredn\u00e1 cirkevn\u00e1 kni\u017enica v \u010ceskom Te\u0161\u00edne"},"content":{"rendered":"<p>Na&scaron;a sestersk&aacute; Sliezska ECAV v \u010cR buduje centralizovan&uacute; cirkevn&uacute; kni\u017enicu so s&iacute;dlom v \u010ceskom Te&scaron;&iacute;ne. Doteraz cirkev nemala tak&uacute;to kni\u017enicu, ale kni\u017en&eacute; jednotky boli roztr&uacute;sen&eacute; po cirkevn&yacute;ch zboroch a v Sliezskej diakonii v Ostrave. Pr&aacute;ca na budovan&iacute; sa za\u010dala v roku 2010. Je rozdelen&aacute; na viacero et&aacute;p. Do konca t.r. m&aacute; by\u0165 vybaven&aacute; n&aacute;bytkom a po\u010d&iacute;ta\u010dmi s programami. Potom sa asi 10 tis&iacute;c jednotiek mus&iacute; katalogizova\u0165. Cirkev vlani po\u017eiadala o finan\u010dn&uacute; pomoc aj Spolok Martina Luthera v Nemecku vypracovan&iacute;m projektu.Kni\u017enica bude sl&uacute;\u017ei\u0165 nielen teol&oacute;gom a veriacim, ale aj verejnosti. Po\u010d&iacute;ta sa tak s t&yacute;m, \u017ee bude n&aacute;pomocn&aacute;&nbsp; pri christianiz&aacute;cii \u010deskej spolo\u010dnosti.<\/p>\n<p>(<a href=\"http:\/\/www.martin-luther-bund.de)\">www.martin-luther-bund.de)<\/a><\/p>\n","protected":false},"excerpt":{"rendered":"<p>Na&scaron;a sestersk&aacute; Sliezska ECAV v \u010cR buduje centralizovan&uacute; cirkevn&uacute; kni\u017enicu so s&iacute;dlom v \u010ceskom Te&scaron;&iacute;ne. Doteraz cirkev nemala tak&uacute;to kni\u017enicu, ale kni\u017en&eacute; jednotky boli roztr&uacute;sen&eacute; po cirkevn&yacute;ch zboroch a v Sliezskej diakonii v Ostrave. Pr&aacute;ca na budovan&iacute; sa za\u010dala v roku 2010. Je rozdelen&aacute; na viacero et&aacute;p. Do konca t.r. m&aacute; by\u0165 vybaven&aacute; n&aacute;bytkom a &#8230; <a title=\"\u00dastredn\u00e1 cirkevn\u00e1 kni\u017enica v \u010ceskom Te\u0161\u00edne\" class=\"read-more\" href=\"https:\/\/www.e-anjelik.sk\/index.php\/2012\/03\/05\/ustredna-cirkevna-kniznica-v-ceskom-tesine\/\" aria-label=\"Pre\u010d\u00edtajte si viac o \u00dastredn\u00e1 cirkevn\u00e1 kni\u017enica v \u010ceskom Te\u0161\u00edne\">\u010c\u00edta\u0165 viac<\/a><\/p>\n","protected":false},"author":22,"featured_media":0,"comment_status":"open","ping_status":"open","sticky":false,"template":"","format":"standard","meta":{"footnotes":""},"categories":[1],"tags":[234],"class_list":["post-4152","post","type-post","status-publish","format-standard","hentry","category-adventna-modlitba","tag-zdruzenia-a-skupiny"],"_links":{"self":[{"href":"https:\/\/www.e-anjelik.sk\/index.php\/wp-json\/wp\/v2\/posts\/4152","targetHints":{"allow":["GET"]}}],"collection":[{"href":"https:\/\/www.e-anjelik.sk\/index.php\/wp-json\/wp\/v2\/posts"}],"about":[{"href":"https:\/\/www.e-anjelik.sk\/index.php\/wp-json\/wp\/v2\/types\/post"}],"author":[{"embeddable":true,"href":"https:\/\/www.e-anjelik.sk\/index.php\/wp-json\/wp\/v2\/users\/22"}],"replies":[{"embeddable":true,"href":"https:\/\/www.e-anjelik.sk\/index.php\/wp-json\/wp\/v2\/comments?post=4152"}],"version-history":[{"count":0,"href":"https:\/\/www.e-anjelik.sk\/index.php\/wp-json\/wp\/v2\/posts\/4152\/revisions"}],"wp:attachment":[{"href":"https:\/\/www.e-anjelik.sk\/index.php\/wp-json\/wp\/v2\/media?parent=4152"}],"wp:term":[{"taxonomy":"category","embeddable":true,"href":"https:\/\/www.e-anjelik.sk\/index.php\/wp-json\/wp\/v2\/categories?post=4152"},{"taxonomy":"post_tag","embeddable":true,"href":"https:\/\/www.e-anjelik.sk\/index.php\/wp-json\/wp\/v2\/tags?post=4152"}],"curies":[{"name":"wp","href":"https:\/\/api.w.org\/{rel}","templated":true}]}}